{"id":18184,"date":"2017-08-07T04:29:23","date_gmt":"2017-08-07T03:29:23","guid":{"rendered":"http:\/\/sven-ove.nu\/?p=18184"},"modified":"2017-08-07T13:25:57","modified_gmt":"2017-08-07T12:25:57","slug":"nar-det-vattnas-i-munnen","status":"publish","type":"post","link":"https:\/\/sven-ove.nu\/?p=18184","title":{"rendered":"N\u00e4r det vattnas i munnen"},"content":{"rendered":"<p><a href=\"https:\/\/sven-ove.nu\/?attachment_id=18190\" rel=\"attachment wp-att-18190\"><img loading=\"lazy\" decoding=\"async\" class=\"size-large wp-image-18190 alignnone\" src=\"https:\/\/sven-ove.nu\/wp-content\/uploads\/2017\/08\/Claes-Andersson-1007x1024.jpg\" alt=\"\" width=\"660\" height=\"671\" srcset=\"https:\/\/sven-ove.nu\/wp-content\/uploads\/2017\/08\/Claes-Andersson-1007x1024.jpg 1007w, https:\/\/sven-ove.nu\/wp-content\/uploads\/2017\/08\/Claes-Andersson-295x300.jpg 295w, https:\/\/sven-ove.nu\/wp-content\/uploads\/2017\/08\/Claes-Andersson-768x781.jpg 768w, https:\/\/sven-ove.nu\/wp-content\/uploads\/2017\/08\/Claes-Andersson.jpg 1212w\" sizes=\"auto, (max-width: 660px) 100vw, 660px\" \/><\/a><\/p>\n<blockquote><p>Jag \u00e4r inte s\u00e5 brett bel\u00e4st att jag tror mig ha \u00f6verblick \u00f6ver v\u00e4rldslitteraturen. Det har ingen.<\/p><\/blockquote>\n<p>Men fr\u00e5n min sommarl\u00e4sningshorisont var Fredrik Backmans roman <span style=\"color: #0000ff;\"><strong><a style=\"color: #0000ff;\" href=\"http:\/\/www.bokus.com\/bok\/9789164204967\/bjornstad\/?gclid=Cj0KCQjwtpDMBRC4ARIsADhz5O7XFeSXST-8VvtaR_hJaCLZmdHbwvPKD5fFQzFC-TvjVh6ShIntbksaAhUMEALw_wcB\">Bj\u00f6rnstad<\/a><\/strong><\/span> en ber\u00e4ttelse med mycken igenk\u00e4nning. Lagidrotten som identitetsskapare i den lilla ort som of\u00f6rst\u00e5ende omgivning kallar h\u00e5la. S\u00e5dana idrottsorter har vi m\u00e5nga, sj\u00e4lv kommer jag att t\u00e4nka p\u00e5 Degerfors.<\/p>\n<p>Anne Holts kriminalber\u00e4ttelse <span style=\"color: #0000ff;\"><strong><a style=\"color: #0000ff;\" href=\"https:\/\/www.adlibris.com\/se\/bok\/i-stoft-och-aska-9789164205117?gclid=Cj0KCQjwtpDMBRC4ARIsADhz5O6_jHhhe0GnX3_STu4H56dD28n-FHRjRN_BoP_uJT0L4q679u_CxbIaAlavEALw_wcB\">I stoft och aska<\/a><\/strong><\/span> var detaljrikt kunnig och intrigen sp\u00e4nnande. Inser att jag missat n\u00e5gra delar i serien om Hanne Wilhelmsen. Hur hamnade hon i rullstol?<\/p>\n<p>P\u00e5 \u00e5rligt bes\u00f6k p\u00e5 Geijersg\u00e5rden med v\u00e4nner h\u00e4rom dagen k\u00f6pte jag <span style=\"color: #0000ff;\"><strong><a style=\"color: #0000ff;\" href=\"http:\/\/www.bokus.com\/bok\/9789185957040\/jarnets-rike-en-varmlandsk-varldshistoria\/\">J\u00e4rnets rike, en v\u00e4rml\u00e4ndsk v\u00e4rldshistoria<\/a><\/strong> <\/span>med text av Ingela af Geijerstam och bild av Bengt af Geijerstam. Den fine fotografen Bengt minns jag fr\u00e5n hans medverkan i Vi-tidningen. Ingela som skrivit texten \u00e4r minst lika klok och inlevelsefull. Boken, flitigt illustrerad, ger m\u00e5nga aha-upplevelser f\u00f6r en j\u00e4rnbruksn\u00f6rd. Detta att rikets &#8221;utmarker&#8221; en g\u00e5ng var centrum f\u00f6r v\u00e4rldens j\u00e4rnhandel. Detta att herrarna och damerna p\u00e5 v\u00e5ra herrg\u00e5rdar var bel\u00e4sta och beresta kulturb\u00e4rare mitt i v\u00e4rlden. Detta liv och denna rusch kring hyttor och st\u00e5ngj\u00e4rnshammare.<\/p>\n<p>Varf\u00f6r fotograferade jag inte j\u00e4rntackan och st\u00e5ngj\u00e4rnet inne p\u00e5 Geijersg\u00e5rden? Det f\u00e5r bli n\u00e4sta \u00e5r. Tackj\u00e4rnet var inte smidbart, st\u00e5ngj\u00e4rnet d\u00e4remot inneh\u00f6ll mindre kol och blev anv\u00e4ndbart ute i v\u00e4rlden.<\/p>\n<p style=\"padding-left: 30px;\"><em>\u201dDetta \u00e4r en av de vanligt f\u00f6rekommande bruksherrg\u00e5rdarna i V\u00e4rmland, byggd p\u00e5 1700-talet. Med n\u00e5gra mils avst\u00e5nd st\u00e5r de h\u00e4r, vilande p\u00e5 sin historia, mellan dem finns nu bara den tysta vildmarken. Men en g\u00e5ng i tiden var de centrum f\u00f6r den verksamhet som bedrevs i dessa trakter. H\u00e4r bodde brukspatronerna med sina familjer och runt g\u00e5rdarna pulserade det av liv och arbete. Fr\u00e5n de n\u00e4rbel\u00e4gna bruken h\u00f6rdes det ih\u00e4rdiga dunket fr\u00e5n hamrarna och r\u00f6ken fr\u00e5n skorstenarna steg l\u00e5ngt \u00f6ver tr\u00e4dens toppar. P\u00e5 de gropiga skogsv\u00e4garna stretade h\u00e4starna med sina tunga lass av malm och j\u00e4rn, ivrigt p\u00e5hejade av den m\u00e5nga dagkarlarna. Nere vid sj\u00f6n lassades pr\u00e5marna som skulle ta sig den l\u00e5nga v\u00e4gen till Karlstad. Kvarnhjulen snurrade vid forsen och det var ett myller av m\u00e4nniskor runt de olika byggnaderna.<\/em><\/p>\n<p style=\"padding-left: 30px;\"><em>Numera ser man n\u00e4sta inga sp\u00e5r av det som en g\u00e5ng var. M\u00e5nga av g\u00e5rdarna st\u00e5r helt \u00f6vergivna, andra har renoverats och blivit moderna hem \u00e5t dagens v\u00e4rml\u00e4nningar med sina arbetsplatser i de olika t\u00e4torterna. Bygden har tystnat.\u201d<\/em><\/p>\n<p style=\"padding-left: 30px;\"><strong><em>\u201dRecept p\u00e5 ett ton tackj\u00e4rn<br \/>\n<\/em><\/strong><em>Tr\u00e4kol 85 hl<br \/>\n<\/em><em>J\u00e4rnmalm 2 100 kg<br \/>\n<\/em><em>Kalksten 300 kg<\/em><\/p>\n<p style=\"padding-left: 30px;\"><em>Varvas efterhand ned i den t\u00e4nda hyttan. Luft bl\u00e5ses in med bl\u00e4stern. Efter 5 timmar \u2013 1 ton tackj\u00e4rn tappas ut (+ 1 400 kg flytande slagg). J\u00e4rnet stelnar i formar till tackor.\u201d<\/em><\/p>\n<p>N\u00e4r Heidruns Bok- och Bildcaf\u00e9 hade avslutningsfest i sol och regn nyss, vann den k\u00e4ra v\u00e4nnen en diktsamling p\u00e5 entr\u00e9biljetten. Den finl\u00e4ndske\u00a0f\u00f6rfattaren Claes Anderssons <strong><a href=\"http:\/\/www.heidruns.se\/1100\/1100.asp?id=4326\"><span style=\"color: #0000ff;\">En morgon vid havet &#8211; inandning, utandning<\/span>,<\/a><\/strong> utgiven p\u00e5 Heidruns f\u00f6rlag. Boken ligger mellan mig och min v\u00e4n om n\u00e4tterna nu. Mer och mer tummad.<\/p>\n<p style=\"padding-left: 30px;\"><em>\u201dOm man skrev ner alla tankar som passerar hj\u00e4rnan under en timme<br \/>\nSkulle en timme redan bli en tusensidig betraktelse och \u00e4nd\u00e5 skulle<\/em><\/p>\n<p style=\"padding-left: 30px;\"><em>St\u00f6rsta delen vara utel\u00e4mnat. Att skriva \u00e4r att v\u00e4lja bort, f\u00f6rfattarens<br \/>\n<\/em><em>Viktigaste uppgift \u00e4r att l\u00e5ta bli att skriva, det fordrar viljestyrka och<\/em><\/p>\n<p style=\"padding-left: 30px;\"><em>Sj\u00e4lvdisciplin\u201d<\/em><\/p>\n<p>Crister Enanders tankebok <span style=\"color: #0000ff;\"><strong><a style=\"color: #0000ff;\" href=\"http:\/\/www.heidruns.se\/1100\/1100.asp?id=5370\">Slagregnens \u00e5r<\/a><\/strong><\/span> fick jag med intr\u00e4det p\u00e5 Heidrunsfesten. P\u00e5 alla s\u00e4tt den b\u00e4sta bok jag l\u00e4ser just nu. Finns det en viktigare skriftst\u00e4llare, ess\u00e4ist och kritiker i landet \u00e4n Crister? Sj\u00e4lv har jag l\u00e4rt k\u00e4nna honom genom den antirasistiska Facebookgruppen <span style=\"color: #0000ff;\"><a style=\"color: #0000ff;\" href=\"https:\/\/www.facebook.com\/groups\/frontmotrasism\/?fref=ts\">Front mot rasism och gryende fascism<\/a><\/span>, med n\u00e4ra 21 000 medlemmar, som han tog initiativet till f\u00f6r n\u00e5gra \u00e5r sedan.<\/p>\n<p style=\"padding-left: 30px;\"><em>\u201dHelvetet \u2013 om ett s\u00e5dant existerar \u2013 f\u00f6rest\u00e4ller jag mig som en korsning mellan Las Vegas och Calcutta. Den meningsl\u00f6sa och f\u00e5f\u00e4nga jakten p\u00e5 h\u00f6gsta vinsten, ytligheten och tillgjordheten, ett skinande pengavansinne och en f\u00f6rryckthet som saknar gr\u00e4nser och varje ansats till f\u00f6rnuft och besinning sida vid sida med sv\u00e4lten, de magra utmattade och utm\u00e4rglade kropparna, lidandet och sm\u00e4rtan, de tr\u00f6stl\u00f6sa och miljontals och \u00e5ter miljontals m\u00e4nniskorna som inte ens kan v\u00e5ga hoppas att f\u00e5 bli m\u00e4tta denna dag heller.\u201d<\/em><\/p>\n<p style=\"padding-left: 30px;\"><em>\u201dKanonmat. Ordet dyker st\u00e4ndigt upp i bakhuvudet. Vi arbetarungar var den nya tidens kanonmat. Vi skulle vidare in i mer avancerade industriarbeten \u00e4n vad som funnits tidigare. D\u00e5 kr\u00e4vdes \u00e4ven en \u00f6kad och bredare kunskapskompetens f\u00f6r att beh\u00e4rska den nya tekniken, och en beredskap att m\u00f6ta andra och nya krav i produktionen. Statsmakten beh\u00f6vde en hord av utbildade ingenj\u00f6rer och civilingenj\u00f6rer. Kanonmaten gjordes redo. Kanonmaten kom lydigt p\u00e5 led. Det var vi som kom marscherande.\u201d<\/em><\/p>\n<p><a href=\"https:\/\/sven-ove.nu\/?attachment_id=18188\" rel=\"attachment wp-att-18188\"><img loading=\"lazy\" decoding=\"async\" class=\"alignright size-medium wp-image-18188\" src=\"https:\/\/sven-ove.nu\/wp-content\/uploads\/2017\/08\/Bibliotekskortet-300x260.jpg\" alt=\"\" width=\"300\" height=\"260\" srcset=\"https:\/\/sven-ove.nu\/wp-content\/uploads\/2017\/08\/Bibliotekskortet-300x260.jpg 300w, https:\/\/sven-ove.nu\/wp-content\/uploads\/2017\/08\/Bibliotekskortet-768x667.jpg 768w, https:\/\/sven-ove.nu\/wp-content\/uploads\/2017\/08\/Bibliotekskortet-1024x889.jpg 1024w, https:\/\/sven-ove.nu\/wp-content\/uploads\/2017\/08\/Bibliotekskortet.jpg 1280w\" sizes=\"auto, (max-width: 300px) 100vw, 300px\" \/><\/a>Tack medm\u00e4nsklighet f\u00f6r l\u00e4sekonsten. Utan den vore dagarna och n\u00e4tterna tommare. Nu hinner jag inte skriva mer, m\u00e5ste cykla ner till v\u00e5rt folkbibliotek.<\/p>\n<p>Det vattnas redan i munnen.<\/p>\n<p><span style=\"color: #0000ff;\"><a style=\"color: #0000ff;\" href=\"https:\/\/sven-ove.nu\/\">Hem<\/a><\/span>\u00a0|\u00a0<span style=\"color: #0000ff;\"><a style=\"color: #0000ff;\" href=\"https:\/\/sven-ove.nu\/?page_id=170\">Om mig<\/a><\/span>\u00a0|\u00a0<span style=\"color: #0000ff;\"><a style=\"color: #0000ff;\" href=\"https:\/\/sven-ove.nu\/?page_id=1385\">Skriva &amp; prata<\/a><\/span>\u00a0|\u00a0<span style=\"color: #0000ff;\"><a style=\"color: #0000ff;\" href=\"https:\/\/sven-ove.nu\/?page_id=100\">Politik<\/a><\/span>\u00a0|\u00a0<span style=\"color: #0000ff;\"><a style=\"color: #0000ff;\" href=\"https:\/\/sven-ove.nu\/?page_id=102\">L\u00f6pa<\/a><\/span>\u00a0|\u00a0<span style=\"color: #0000ff;\"><a style=\"color: #0000ff;\" href=\"https:\/\/sven-ove.nu\/?page_id=108\">Viktor Root<\/a><\/span>\u00a0| <a href=\"https:\/\/sven-ove.nu\/?page_id=15908\"><span style=\"color: #0000ff;\">Firman<\/span>\u00a0<\/a>|\u00a0<span style=\"color: #0000ff;\"><a style=\"color: #0000ff;\" href=\"https:\/\/sven-ove.nu\/?page_id=15638\">K\u00f4ppra<\/a><\/span> <em>(c) Sven-Ove Svensson<\/em><\/p>\n<p>&nbsp;<\/p>\n","protected":false},"excerpt":{"rendered":"<p>Jag \u00e4r inte s\u00e5 brett bel\u00e4st att jag tror mig ha \u00f6verblick \u00f6ver v\u00e4rldslitteraturen. Det har ingen. Men fr\u00e5n min sommarl\u00e4sningshorisont var Fredrik Backmans roman Bj\u00f6rnstad en ber\u00e4ttelse med mycken igenk\u00e4nning. Lagidrotten som identitetsskapare i den lilla ort som of\u00f6rst\u00e5ende omgivning kallar h\u00e5la. S\u00e5dana idrottsorter har vi m\u00e5nga, sj\u00e4lv kommer jag att t\u00e4nka p\u00e5 Degerfors. &hellip; <a href=\"https:\/\/sven-ove.nu\/?p=18184\" class=\"more-link\">Forts\u00e4tt l\u00e4sa <span class=\"screen-reader-text\">N\u00e4r det vattnas i munnen<\/span><\/a><\/p>\n","protected":false},"author":1,"featured_media":0,"comment_status":"open","ping_status":"open","sticky":false,"template":"","format":"standard","meta":{"_crdt_document":"","_monsterinsights_skip_tracking":false,"_monsterinsights_sitenote_active":false,"_monsterinsights_sitenote_note":"","_monsterinsights_sitenote_category":0,"footnotes":""},"categories":[4],"tags":[14],"class_list":["post-18184","post","type-post","status-publish","format-standard","hentry","category-skrivande","tag-lasning"],"_links":{"self":[{"href":"https:\/\/sven-ove.nu\/index.php?rest_route=\/wp\/v2\/posts\/18184","targetHints":{"allow":["GET"]}}],"collection":[{"href":"https:\/\/sven-ove.nu\/index.php?rest_route=\/wp\/v2\/posts"}],"about":[{"href":"https:\/\/sven-ove.nu\/index.php?rest_route=\/wp\/v2\/types\/post"}],"author":[{"embeddable":true,"href":"https:\/\/sven-ove.nu\/index.php?rest_route=\/wp\/v2\/users\/1"}],"replies":[{"embeddable":true,"href":"https:\/\/sven-ove.nu\/index.php?rest_route=%2Fwp%2Fv2%2Fcomments&post=18184"}],"version-history":[{"count":6,"href":"https:\/\/sven-ove.nu\/index.php?rest_route=\/wp\/v2\/posts\/18184\/revisions"}],"predecessor-version":[{"id":18201,"href":"https:\/\/sven-ove.nu\/index.php?rest_route=\/wp\/v2\/posts\/18184\/revisions\/18201"}],"wp:attachment":[{"href":"https:\/\/sven-ove.nu\/index.php?rest_route=%2Fwp%2Fv2%2Fmedia&parent=18184"}],"wp:term":[{"taxonomy":"category","embeddable":true,"href":"https:\/\/sven-ove.nu\/index.php?rest_route=%2Fwp%2Fv2%2Fcategories&post=18184"},{"taxonomy":"post_tag","embeddable":true,"href":"https:\/\/sven-ove.nu\/index.php?rest_route=%2Fwp%2Fv2%2Ftags&post=18184"}],"curies":[{"name":"wp","href":"https:\/\/api.w.org\/{rel}","templated":true}]}}