{"id":18192,"date":"2017-08-08T03:34:53","date_gmt":"2017-08-08T02:34:53","guid":{"rendered":"http:\/\/sven-ove.nu\/?p=18192"},"modified":"2017-12-24T01:29:10","modified_gmt":"2017-12-24T00:29:10","slug":"det-blir-rundgang-i-min-skalle","status":"publish","type":"post","link":"https:\/\/sven-ove.nu\/?p=18192","title":{"rendered":"Det blir rundg\u00e5ng i min skalle"},"content":{"rendered":"<p style=\"padding-left: 30px;\"><a href=\"https:\/\/sven-ove.nu\/?attachment_id=18194\" rel=\"attachment wp-att-18194\"><img loading=\"lazy\" decoding=\"async\" class=\"size-full wp-image-18194 alignnone\" src=\"https:\/\/sven-ove.nu\/wp-content\/uploads\/2017\/08\/Fattighjon.jpg\" alt=\"\" width=\"370\" height=\"320\" srcset=\"https:\/\/sven-ove.nu\/wp-content\/uploads\/2017\/08\/Fattighjon.jpg 370w, https:\/\/sven-ove.nu\/wp-content\/uploads\/2017\/08\/Fattighjon-300x259.jpg 300w\" sizes=\"auto, (max-width: 370px) 100vw, 370px\" \/><\/a><\/p>\n<p>En g\u00e5ng k\u00e4nde jag en gammal kvinna i Fryksdalen.<\/p>\n<p>I barndomen blev hon bortauktionerad till den familj i socknen som erbj\u00f6d sig att ta hand om henne f\u00f6r l\u00e4gst ers\u00e4ttning.<\/p>\n<p>Nu sitter jag i den stora ladan p\u00e5 den rika g\u00e5rden i Rottneros, d\u00e4r hon arbetade s\u00e5 m\u00e5nga \u00e5r efter\u00e5t som fattig lantarbetare.<\/p>\n<p><a href=\"https:\/\/sven-ove.nu\/?attachment_id=18196\" rel=\"attachment wp-att-18196\"><img loading=\"lazy\" decoding=\"async\" class=\"alignright size-thumbnail wp-image-18196\" src=\"https:\/\/sven-ove.nu\/wp-content\/uploads\/2017\/08\/Charlotte-L-150x150.jpg\" alt=\"\" width=\"150\" height=\"150\" srcset=\"https:\/\/sven-ove.nu\/wp-content\/uploads\/2017\/08\/Charlotte-L-150x150.jpg 150w, https:\/\/sven-ove.nu\/wp-content\/uploads\/2017\/08\/Charlotte-L-300x300.jpg 300w, https:\/\/sven-ove.nu\/wp-content\/uploads\/2017\/08\/Charlotte-L-768x769.jpg 768w, https:\/\/sven-ove.nu\/wp-content\/uploads\/2017\/08\/Charlotte-L.jpg 918w\" sizes=\"auto, (max-width: 150px) 100vw, 150px\" \/><\/a>Den \u00e4r teaterlada nu, med r\u00e4tta ber\u00f6md i hela Norden.<\/p>\n<p>I <span style=\"color: #0000ff;\"><a style=\"color: #0000ff;\" href=\"http:\/\/www.vastanateater.se\">pj\u00e4sen<\/a><\/span> &#8211; i <span style=\"color: #0000ff;\"><a style=\"color: #0000ff;\" href=\"https:\/\/sven-ove.nu\/?p=5770\">ladan<\/a><\/span> d\u00e4r hon slet &#8211; ska just nio f\u00f6r\u00e4ldral\u00f6sa barn auktioneras ut, till de i socknen som vill ha minst ers\u00e4ttning f\u00f6r att ta hand om dem.<\/p>\n<p>Rundg\u00e5ng blir det. Det \u00e4r som om Selma Lagerl\u00f6fs saga och sanningen drar fingerkrok\u00a0inom mig.<\/p>\n<p style=\"padding-left: 30px;\"><strong>Jag t\u00e4nker p\u00e5 sockenbarnet jag k\u00e4nde, p\u00e5 fattiga och rika i Fryksdalen, Sverige och v\u00e4rlden. P\u00e5 klyftorna som bara \u00f6kat sedan jag sista g\u00e5ngen pratade med den gamla lantarbeterskan.<\/strong><\/p>\n<p>Under tiden forts\u00e4tter pj\u00e4sen. Ser du hur barnen h\u00e5ller varandras h\u00e4nder?<\/p>\n<p style=\"padding-left: 30px; text-align: right;\"><em>P\u00e5 \u00f6versta bilden: fattighjon 1913.<br \/>\nFotograf ok\u00e4nd, Nordiska Museet<\/em><\/p>\n<p><span style=\"color: #0000ff;\"><a style=\"color: #0000ff;\" href=\"https:\/\/sven-ove.nu\/\">Hem<\/a><\/span>\u00a0|\u00a0<span style=\"color: #0000ff;\"><a style=\"color: #0000ff;\" href=\"https:\/\/sven-ove.nu\/?page_id=170\">Om mig<\/a><\/span>\u00a0|\u00a0<span style=\"color: #0000ff;\"><a style=\"color: #0000ff;\" href=\"https:\/\/sven-ove.nu\/?page_id=1385\">Skriva &amp; prata<\/a><\/span>\u00a0|\u00a0<span style=\"color: #0000ff;\"><a style=\"color: #0000ff;\" href=\"https:\/\/sven-ove.nu\/?page_id=100\">Politik<\/a><\/span>\u00a0|\u00a0<span style=\"color: #0000ff;\"><a style=\"color: #0000ff;\" href=\"https:\/\/sven-ove.nu\/?page_id=102\">L\u00f6pa<\/a><\/span>\u00a0|\u00a0<span style=\"color: #0000ff;\"><a style=\"color: #0000ff;\" href=\"https:\/\/sven-ove.nu\/?page_id=108\">Viktor Root<\/a><\/span>\u00a0| <a href=\"https:\/\/sven-ove.nu\/?page_id=15908\"><span style=\"color: #0000ff;\">Firman<\/span>\u00a0<\/a>|\u00a0<span style=\"color: #0000ff;\"><a style=\"color: #0000ff;\" href=\"https:\/\/sven-ove.nu\/?page_id=15638\">K\u00f4ppra<\/a><\/span> <em>(c) Sven-Ove Svensson<\/em><\/p>\n","protected":false},"excerpt":{"rendered":"<p>En g\u00e5ng k\u00e4nde jag en gammal kvinna i Fryksdalen. I barndomen blev hon bortauktionerad till den familj i socknen som erbj\u00f6d sig att ta hand om henne f\u00f6r l\u00e4gst ers\u00e4ttning. Nu sitter jag i den stora ladan p\u00e5 den rika g\u00e5rden i Rottneros, d\u00e4r hon arbetade s\u00e5 m\u00e5nga \u00e5r efter\u00e5t som fattig lantarbetare. Den \u00e4r &hellip; <a href=\"https:\/\/sven-ove.nu\/?p=18192\" class=\"more-link\">Forts\u00e4tt l\u00e4sa <span class=\"screen-reader-text\">Det blir rundg\u00e5ng i min skalle<\/span><\/a><\/p>\n","protected":false},"author":1,"featured_media":0,"comment_status":"open","ping_status":"open","sticky":false,"template":"","format":"standard","meta":{"_crdt_document":"","_monsterinsights_skip_tracking":false,"_monsterinsights_sitenote_active":false,"_monsterinsights_sitenote_note":"","_monsterinsights_sitenote_category":0,"footnotes":""},"categories":[9],"tags":[3,8,24,18,17],"class_list":["post-18192","post","type-post","status-publish","format-standard","hentry","category-politik","tag-arbete","tag-historia","tag-karlek","tag-lardomar","tag-solidaritet"],"_links":{"self":[{"href":"https:\/\/sven-ove.nu\/index.php?rest_route=\/wp\/v2\/posts\/18192","targetHints":{"allow":["GET"]}}],"collection":[{"href":"https:\/\/sven-ove.nu\/index.php?rest_route=\/wp\/v2\/posts"}],"about":[{"href":"https:\/\/sven-ove.nu\/index.php?rest_route=\/wp\/v2\/types\/post"}],"author":[{"embeddable":true,"href":"https:\/\/sven-ove.nu\/index.php?rest_route=\/wp\/v2\/users\/1"}],"replies":[{"embeddable":true,"href":"https:\/\/sven-ove.nu\/index.php?rest_route=%2Fwp%2Fv2%2Fcomments&post=18192"}],"version-history":[{"count":8,"href":"https:\/\/sven-ove.nu\/index.php?rest_route=\/wp\/v2\/posts\/18192\/revisions"}],"predecessor-version":[{"id":18958,"href":"https:\/\/sven-ove.nu\/index.php?rest_route=\/wp\/v2\/posts\/18192\/revisions\/18958"}],"wp:attachment":[{"href":"https:\/\/sven-ove.nu\/index.php?rest_route=%2Fwp%2Fv2%2Fmedia&parent=18192"}],"wp:term":[{"taxonomy":"category","embeddable":true,"href":"https:\/\/sven-ove.nu\/index.php?rest_route=%2Fwp%2Fv2%2Fcategories&post=18192"},{"taxonomy":"post_tag","embeddable":true,"href":"https:\/\/sven-ove.nu\/index.php?rest_route=%2Fwp%2Fv2%2Ftags&post=18192"}],"curies":[{"name":"wp","href":"https:\/\/api.w.org\/{rel}","templated":true}]}}