{"id":18203,"date":"2017-08-11T06:10:31","date_gmt":"2017-08-11T05:10:31","guid":{"rendered":"http:\/\/sven-ove.nu\/?p=18203"},"modified":"2017-08-11T06:28:44","modified_gmt":"2017-08-11T05:28:44","slug":"ater-faglar-paron","status":"publish","type":"post","link":"https:\/\/sven-ove.nu\/?p=18203","title":{"rendered":"\u00c4ter f\u00e5glar p\u00e4ron?"},"content":{"rendered":"<p><a href=\"https:\/\/sven-ove.nu\/?attachment_id=18205\" rel=\"attachment wp-att-18205\"><img loading=\"lazy\" decoding=\"async\" class=\"size-large wp-image-18205 alignnone\" src=\"https:\/\/sven-ove.nu\/wp-content\/uploads\/2017\/08\/M\u00e5ne-paradis\u00e4ppeltr\u00e4d-1024x826.jpg\" alt=\"\" width=\"660\" height=\"532\" srcset=\"https:\/\/sven-ove.nu\/wp-content\/uploads\/2017\/08\/M\u00e5ne-paradis\u00e4ppeltr\u00e4d-1024x826.jpg 1024w, https:\/\/sven-ove.nu\/wp-content\/uploads\/2017\/08\/M\u00e5ne-paradis\u00e4ppeltr\u00e4d-300x242.jpg 300w, https:\/\/sven-ove.nu\/wp-content\/uploads\/2017\/08\/M\u00e5ne-paradis\u00e4ppeltr\u00e4d-768x620.jpg 768w, https:\/\/sven-ove.nu\/wp-content\/uploads\/2017\/08\/M\u00e5ne-paradis\u00e4ppeltr\u00e4d.jpg 1643w\" sizes=\"auto, (max-width: 660px) 100vw, 660px\" \/><\/a><\/p>\n<blockquote><p>Tidig morgon i augusti. Borta vid b\u00e4cken pratar tre skator, nere i centrum rusar en motor och framf\u00f6r mina \u00f6gon forts\u00e4tter paradis\u00e4ppletr\u00e4det att g\u00f6ra det som detta tr\u00e4d \u00e4r bra p\u00e5.<\/p>\n<p>Att m\u00e4ta min tid.<\/p><\/blockquote>\n<p>Just i g\u00e5r var jag iv\u00e4g och bytte batteri till armbandsuret jag fick i present f\u00f6r n\u00e5gra \u00e5r sedan. Det kommer en stund n\u00e4r m\u00e4nniskan tr\u00f6ttnar p\u00e5 att l\u00e5ta mobiltelefonen m\u00e4ta tiden, f\u00f6r mig kom den stunden den 10 augusti 2017.<\/p>\n<p>Jag glor s\u00e5 mycket p\u00e5 luren i alla fall. Dessutom \u00e4r klockan snygg.<\/p>\n<p><strong>Som v\u00e4der och klimat<br \/>\n<\/strong>N\u00e5, det \u00e4r skillnad p\u00e5 v\u00e4der och klimat. V\u00e4der har br\u00e5ttom, klimat jobbar mer p\u00e5 sikt. Likadant \u00e4r det med tiden. Den tid som klockan tickar om har br\u00e5ttom, den som paradis\u00e4ppeltr\u00e4det m\u00e4ter \u00e4r mer eftert\u00e4nksam.<\/p>\n<p>\u00c4n mer eftert\u00e4nksam blir jag, n\u00e4r jag ser m\u00e5nen mellan de \u00f6versta grenarna, denna otta. Vad har inte du sett, gamla tr\u00e4d. Vad har inte du varit med om, gamla m\u00e5ne.<\/p>\n<p>D\u00e5 k\u00e4nner jag hur en annan vackert \u00e5ldrad favorit sitter p\u00e5 min h\u00f6gra axel och funderar. Nils Ferlin har ocks\u00e5 glott p\u00e5 en och annan himlakropp i sin dar.<\/p>\n<p style=\"padding-left: 30px;\"><em>Se stj\u00e4rnorna, bror, hur de dansa<\/em><br \/>\n<em>som flugor i rymdens tak\u2026<\/em><br \/>\n<em>\u2026 en stj\u00e4rna, du &#8211; och ett \u00f6ga<\/em><br \/>\n<em>\u00e4r \u00e4nd\u00e5 en m\u00e4rklig sak\u2026<\/em><\/p>\n<p style=\"padding-left: 30px;\"><em>\u2026 Ja, herre gud, om man t\u00e4nker!<\/em><br \/>\n<em>&#8211; men l\u00e4ngre kommer han ej.<\/em><br \/>\n<em>Och l\u00e4ngre kom inte Salomon,<\/em><br \/>\n<em>s\u00e5 inte ang\u00e5r det mej.<\/em><\/p>\n<p>Skatorna pratar, nere i centrum rusar motorn och f\u00f6rr \u00e4n vi anar ska det bli dags att plocka fram f\u00e5gelmatarna igen. I \u00e5r utan paradis\u00e4pplen. V\u00e5ren var f\u00f6r kall.<\/p>\n<p>\u00c4ter f\u00e5glar p\u00e4ron?<\/p>\n<p><span style=\"color: #0000ff;\"><a style=\"color: #0000ff;\" href=\"https:\/\/sven-ove.nu\/\">Hem<\/a><\/span>\u00a0|\u00a0<span style=\"color: #0000ff;\"><a style=\"color: #0000ff;\" href=\"https:\/\/sven-ove.nu\/?page_id=170\">Om mig<\/a>\u00a0<\/span>|\u00a0<span style=\"color: #0000ff;\"><a style=\"color: #0000ff;\" href=\"https:\/\/sven-ove.nu\/?page_id=1385\">Skriva &amp; prata<\/a><\/span>\u00a0|\u00a0<span style=\"color: #0000ff;\"><a style=\"color: #0000ff;\" href=\"https:\/\/sven-ove.nu\/?page_id=100\">Politik<\/a><\/span>\u00a0|\u00a0<span style=\"color: #0000ff;\"><a style=\"color: #0000ff;\" href=\"https:\/\/sven-ove.nu\/?page_id=102\">L\u00f6pa<\/a><\/span>\u00a0|\u00a0<span style=\"color: #0000ff;\"><a style=\"color: #0000ff;\" href=\"https:\/\/sven-ove.nu\/?page_id=108\">Viktor Root<\/a><\/span>\u00a0| <a href=\"https:\/\/sven-ove.nu\/?page_id=15908\"><span style=\"color: #0000ff;\">Firman<\/span>\u00a0<\/a>|\u00a0<span style=\"color: #0000ff;\"><a style=\"color: #0000ff;\" href=\"https:\/\/sven-ove.nu\/?page_id=15638\">K\u00f4ppra<\/a><\/span> <em>(c) Sven-Ove Svensson<\/em><\/p>\n","protected":false},"excerpt":{"rendered":"<p>Tidig morgon i augusti. Borta vid b\u00e4cken pratar tre skator, nere i centrum rusar en motor och framf\u00f6r mina \u00f6gon forts\u00e4tter paradis\u00e4ppletr\u00e4det att g\u00f6ra det som detta tr\u00e4d \u00e4r bra p\u00e5. Att m\u00e4ta min tid. Just i g\u00e5r var jag iv\u00e4g och bytte batteri till armbandsuret jag fick i present f\u00f6r n\u00e5gra \u00e5r sedan. Det &hellip; <a href=\"https:\/\/sven-ove.nu\/?p=18203\" class=\"more-link\">Forts\u00e4tt l\u00e4sa <span class=\"screen-reader-text\">\u00c4ter f\u00e5glar p\u00e4ron?<\/span><\/a><\/p>\n","protected":false},"author":1,"featured_media":0,"comment_status":"open","ping_status":"open","sticky":false,"template":"","format":"standard","meta":{"_crdt_document":"","_monsterinsights_skip_tracking":false,"_monsterinsights_sitenote_active":false,"_monsterinsights_sitenote_note":"","_monsterinsights_sitenote_category":0,"footnotes":""},"categories":[10,6],"tags":[8,24,14],"class_list":["post-18203","post","type-post","status-publish","format-standard","hentry","category-familjen","category-natur","tag-historia","tag-karlek","tag-lasning"],"_links":{"self":[{"href":"https:\/\/sven-ove.nu\/index.php?rest_route=\/wp\/v2\/posts\/18203","targetHints":{"allow":["GET"]}}],"collection":[{"href":"https:\/\/sven-ove.nu\/index.php?rest_route=\/wp\/v2\/posts"}],"about":[{"href":"https:\/\/sven-ove.nu\/index.php?rest_route=\/wp\/v2\/types\/post"}],"author":[{"embeddable":true,"href":"https:\/\/sven-ove.nu\/index.php?rest_route=\/wp\/v2\/users\/1"}],"replies":[{"embeddable":true,"href":"https:\/\/sven-ove.nu\/index.php?rest_route=%2Fwp%2Fv2%2Fcomments&post=18203"}],"version-history":[{"count":7,"href":"https:\/\/sven-ove.nu\/index.php?rest_route=\/wp\/v2\/posts\/18203\/revisions"}],"predecessor-version":[{"id":18211,"href":"https:\/\/sven-ove.nu\/index.php?rest_route=\/wp\/v2\/posts\/18203\/revisions\/18211"}],"wp:attachment":[{"href":"https:\/\/sven-ove.nu\/index.php?rest_route=%2Fwp%2Fv2%2Fmedia&parent=18203"}],"wp:term":[{"taxonomy":"category","embeddable":true,"href":"https:\/\/sven-ove.nu\/index.php?rest_route=%2Fwp%2Fv2%2Fcategories&post=18203"},{"taxonomy":"post_tag","embeddable":true,"href":"https:\/\/sven-ove.nu\/index.php?rest_route=%2Fwp%2Fv2%2Ftags&post=18203"}],"curies":[{"name":"wp","href":"https:\/\/api.w.org\/{rel}","templated":true}]}}