{"id":18218,"date":"2017-08-12T03:00:35","date_gmt":"2017-08-12T02:00:35","guid":{"rendered":"http:\/\/sven-ove.nu\/?p=18218"},"modified":"2017-08-12T09:10:10","modified_gmt":"2017-08-12T08:10:10","slug":"den-dumma-liknelsen-om-grisen","status":"publish","type":"post","link":"https:\/\/sven-ove.nu\/?p=18218","title":{"rendered":"Den dumma liknelsen om grisen"},"content":{"rendered":"<p><a href=\"https:\/\/sven-ove.nu\/wp-content\/uploads\/2017\/08\/Gris.jpg\"><img loading=\"lazy\" decoding=\"async\" class=\"size-full wp-image-18219 alignnone\" src=\"https:\/\/sven-ove.nu\/wp-content\/uploads\/2017\/08\/Gris.jpg\" alt=\"\" width=\"570\" height=\"364\" srcset=\"https:\/\/sven-ove.nu\/wp-content\/uploads\/2017\/08\/Gris.jpg 570w, https:\/\/sven-ove.nu\/wp-content\/uploads\/2017\/08\/Gris-300x192.jpg 300w\" sizes=\"auto, (max-width: 570px) 100vw, 570px\" \/><\/a><\/p>\n<blockquote><p>N\u00e4r jag var ung p\u00e5 livet var det popul\u00e4rt att anv\u00e4nda en liknelse om grisen. Vissa m\u00e4nniskor var som grisar, sa vi. Han \u00e4ter, skiter, sover och m\u00e5r hela tiden bra. Obekymrad om allt annat i v\u00e4rld och omgivning.<\/p>\n<p>Jag var son till en grisfarmare i liten skala och borde vetat b\u00e4ttre.<\/p><\/blockquote>\n<p>Nog tyckte grisen om n\u00e4r pappa gav honom namn och kliade honom bakom \u00f6ronen. Nog var svinet b\u00e5de klokt och socialt.<\/p>\n<p>Om v\u00e5ra grisar hade s\u00f6mnl\u00f6sa n\u00e4tter vet jag inte men visst s\u00e5g vi ledsna kultingar ibland.<\/p>\n<p>Kloka, renliga och sociala.<\/p>\n<p><strong>Byter dygnsrytm<br \/>\n<\/strong>I dag vet jag b\u00e4ttre, f\u00f6r jag har kommit att studera vildsvinens sp\u00e5r i markerna. Respekt \u00e4r vad jag k\u00e4nner numera f\u00f6r b\u00e5de vilda och tama svin.<\/p>\n<p>B\u00f6cker och sp\u00e5r ber\u00e4ttar om vildgrisar som byter dygnsrytm om de blir st\u00f6rda p\u00e5 dagen. D\u00e5 har du sannerligen god omv\u00e4rldsbevakning. J\u00e4gare ber\u00e4ttar om flockar d\u00e4r ungdjuren blir halvt anarkistiska om n\u00e5gon av misstag r\u00e5kar skjuta modersuggan. N\u00e4r matriarken inte l\u00e4ngre h\u00e5ller reda p\u00e5 dem blir det ingen ordning p\u00e5 flocken och vildingarna b\u00f6rjar leta f\u00f6da i b\u00e5de tr\u00e4dg\u00e5rdar och p\u00e5 \u00e5krar. Ibland under full m\u00e4nsklig insyn.<\/p>\n<p>Kloka, organiserade varelser \u00e4r de n\u00e4r de f\u00e5r leva sina liv. Ber\u00e4ttar sj\u00e4lvklart f\u00f6r alla de andra var maten finns. H\u00e5ller sig lika sj\u00e4lvklart undan min blick, \u00e4ven de stunder d\u00e5 jag ser att sp\u00e5ren \u00e4r f\u00e4rska.<\/p>\n<p><strong>Inga &#8221;grisar&#8221;<br \/>\n<\/strong>Jag tycker om de d\u00e4r djuren. Inte \u00e4r de n\u00e5gra &#8221;grisar&#8221;. Det finns ett syfte \u00e4ven med den obligatoriska s\u00f6lgropen. &#8221;Nerdreta so vill ha en m\u00e4 sej&#8221; s\u00e4ger det gamla tales\u00e4ttet h\u00e4r p\u00e5 trakten. Numera f\u00f6rst\u00e5r jag det b\u00e4ttre. De s\u00f6lar egentligen inte, allt \u00e4r till nytta, ocks\u00e5 s\u00f6lgropen.<\/p>\n<p>Jag tror till och med att den \u00e4r trevlig. Lerbad, n\u00e5gon?<\/p>\n<p>Vi kan f\u00e5 s\u00e4llskap.<\/p>\n<p style=\"padding-left: 30px;\"><em><span style=\"color: #ff6600;\"><strong>###<\/strong> <\/span>L\u00e4stips: <span style=\"color: #0000ff;\"><a style=\"color: #0000ff;\" href=\"http:\/\/www.bokus.com\/bok\/9789113025285\/vildsvin-beteende-och-jakt\/?gclid=Cj0KCQjwq7XMBRCDARIsAKVI5QbdIgCtvMOZ2yT-eCMoLNWW0Zqr0x6rvVIZXN5GU5BdonYVw-r99PQaAtw8EALw_wcB\">Vildsvin: beteende och jakt<\/a><\/span> av Mikael Tham (sluts\u00e5ld, l\u00e5na den p\u00e5 ditt bibliotek).<\/em><\/p>\n<p><span style=\"color: #0000ff;\"><a style=\"color: #0000ff;\" href=\"https:\/\/sven-ove.nu\/\">Hem<\/a><\/span>\u00a0|\u00a0<span style=\"color: #0000ff;\"><a style=\"color: #0000ff;\" href=\"https:\/\/sven-ove.nu\/?page_id=170\">Om mig<\/a><\/span>\u00a0|\u00a0<span style=\"color: #0000ff;\"><a style=\"color: #0000ff;\" href=\"https:\/\/sven-ove.nu\/?page_id=1385\">Skriva &amp; prata<\/a><\/span>\u00a0|\u00a0<span style=\"color: #0000ff;\"><a style=\"color: #0000ff;\" href=\"https:\/\/sven-ove.nu\/?page_id=100\">Politik<\/a><\/span>\u00a0|\u00a0<span style=\"color: #0000ff;\"><a style=\"color: #0000ff;\" href=\"https:\/\/sven-ove.nu\/?page_id=102\">L\u00f6pa<\/a><\/span>\u00a0|\u00a0<span style=\"color: #0000ff;\"><a style=\"color: #0000ff;\" href=\"https:\/\/sven-ove.nu\/?page_id=108\">Viktor Root<\/a><\/span>\u00a0| <a href=\"https:\/\/sven-ove.nu\/?page_id=15908\"><span style=\"color: #0000ff;\">Firman<\/span>\u00a0<\/a>|\u00a0<span style=\"color: #0000ff;\"><a style=\"color: #0000ff;\" href=\"https:\/\/sven-ove.nu\/?page_id=15638\">K\u00f4ppra<\/a><\/span> <em>(c) Sven-Ove Svensson<\/em><\/p>\n","protected":false},"excerpt":{"rendered":"<p>N\u00e4r jag var ung p\u00e5 livet var det popul\u00e4rt att anv\u00e4nda en liknelse om grisen. Vissa m\u00e4nniskor var som grisar, sa vi. Han \u00e4ter, skiter, sover och m\u00e5r hela tiden bra. Obekymrad om allt annat i v\u00e4rld och omgivning. Jag var son till en grisfarmare i liten skala och borde vetat b\u00e4ttre. Nog tyckte grisen &hellip; <a href=\"https:\/\/sven-ove.nu\/?p=18218\" class=\"more-link\">Forts\u00e4tt l\u00e4sa <span class=\"screen-reader-text\">Den dumma liknelsen om grisen<\/span><\/a><\/p>\n","protected":false},"author":1,"featured_media":0,"comment_status":"open","ping_status":"open","sticky":false,"template":"","format":"standard","meta":{"_crdt_document":"","_monsterinsights_skip_tracking":false,"_monsterinsights_sitenote_active":false,"_monsterinsights_sitenote_note":"","_monsterinsights_sitenote_category":0,"footnotes":""},"categories":[10,28,6],"tags":[3,24,18],"class_list":["post-18218","post","type-post","status-publish","format-standard","hentry","category-familjen","category-kreativt-folk","category-natur","tag-arbete","tag-karlek","tag-lardomar"],"_links":{"self":[{"href":"https:\/\/sven-ove.nu\/index.php?rest_route=\/wp\/v2\/posts\/18218","targetHints":{"allow":["GET"]}}],"collection":[{"href":"https:\/\/sven-ove.nu\/index.php?rest_route=\/wp\/v2\/posts"}],"about":[{"href":"https:\/\/sven-ove.nu\/index.php?rest_route=\/wp\/v2\/types\/post"}],"author":[{"embeddable":true,"href":"https:\/\/sven-ove.nu\/index.php?rest_route=\/wp\/v2\/users\/1"}],"replies":[{"embeddable":true,"href":"https:\/\/sven-ove.nu\/index.php?rest_route=%2Fwp%2Fv2%2Fcomments&post=18218"}],"version-history":[{"count":4,"href":"https:\/\/sven-ove.nu\/index.php?rest_route=\/wp\/v2\/posts\/18218\/revisions"}],"predecessor-version":[{"id":18223,"href":"https:\/\/sven-ove.nu\/index.php?rest_route=\/wp\/v2\/posts\/18218\/revisions\/18223"}],"wp:attachment":[{"href":"https:\/\/sven-ove.nu\/index.php?rest_route=%2Fwp%2Fv2%2Fmedia&parent=18218"}],"wp:term":[{"taxonomy":"category","embeddable":true,"href":"https:\/\/sven-ove.nu\/index.php?rest_route=%2Fwp%2Fv2%2Fcategories&post=18218"},{"taxonomy":"post_tag","embeddable":true,"href":"https:\/\/sven-ove.nu\/index.php?rest_route=%2Fwp%2Fv2%2Ftags&post=18218"}],"curies":[{"name":"wp","href":"https:\/\/api.w.org\/{rel}","templated":true}]}}