{"id":18225,"date":"2017-08-16T04:00:59","date_gmt":"2017-08-16T03:00:59","guid":{"rendered":"http:\/\/sven-ove.nu\/?p=18225"},"modified":"2017-08-15T09:54:35","modified_gmt":"2017-08-15T08:54:35","slug":"poesins-slakting-tystnaden","status":"publish","type":"post","link":"https:\/\/sven-ove.nu\/?p=18225","title":{"rendered":"Poesins sl\u00e4kting tystnaden"},"content":{"rendered":"<p><a href=\"https:\/\/sven-ove.nu\/wp-content\/uploads\/2017\/08\/Vid-sj\u00f6n.jpg\"><img loading=\"lazy\" decoding=\"async\" class=\"size-large wp-image-18229 alignnone\" src=\"https:\/\/sven-ove.nu\/wp-content\/uploads\/2017\/08\/Vid-sj\u00f6n-1024x1024.jpg\" alt=\"\" width=\"660\" height=\"660\" srcset=\"https:\/\/sven-ove.nu\/wp-content\/uploads\/2017\/08\/Vid-sj\u00f6n-1024x1024.jpg 1024w, https:\/\/sven-ove.nu\/wp-content\/uploads\/2017\/08\/Vid-sj\u00f6n-150x150.jpg 150w, https:\/\/sven-ove.nu\/wp-content\/uploads\/2017\/08\/Vid-sj\u00f6n-300x300.jpg 300w, https:\/\/sven-ove.nu\/wp-content\/uploads\/2017\/08\/Vid-sj\u00f6n-768x768.jpg 768w, https:\/\/sven-ove.nu\/wp-content\/uploads\/2017\/08\/Vid-sj\u00f6n.jpg 1280w\" sizes=\"auto, (max-width: 660px) 100vw, 660px\" \/><\/a><\/p>\n<blockquote><p>Det \u00e4r n\u00e5gonting med tystnaden. Den som g\u00f6r musiken till musik, den som fanns l\u00e5ngt f\u00f6re oss och som kan tala tydligare \u00e4n m\u00e5nga ord vi m\u00e4nniskor hittar p\u00e5.<\/p><\/blockquote>\n<p>En g\u00e5ng ber\u00e4ttade den k\u00e4ra v\u00e4nnen hur hon g\u00f6r ibland, f\u00f6r att skapa lugn i barngruppen d\u00e4r hon arbetar. Hon s\u00e4nker r\u00f6sten till en viskning. Den metoden fungerar.<\/p>\n<p>(Dock inte n\u00e4r jag entusiastiskt provade den som larmoperat\u00f6r p\u00e5 1980-talet, d\u00e5 jag f\u00f6rs\u00f6kte lugna en hysterisk person som ringde om en olycka).<\/p>\n<p>Tystnad. Den finns bara i ett exemplar. Nu l\u00e4ser jag om den p\u00e5 sidan 64 i Claes Anderssons diktsamling <strong>En morgon vid havet &#8211; inandning, utandning<\/strong> (<span style=\"color: #0000ff;\"><a style=\"color: #0000ff;\" href=\"http:\/\/www.heidruns.se\/1100\/1100.asp?id=4326\">Heidruns f\u00f6rlag<\/a><\/span>):<\/p>\n<p style=\"padding-left: 30px;\"><em>\u201dMed \u00e5ren l\u00e4r man sig att ju svagare man viskar desto noggrannare lyssnar<br \/>\n<\/em><em>Andra p\u00e5 vad man har att s\u00e4ga. Poesin \u00e4r sl\u00e4kt med viskningen och tystnaden<\/em><\/p>\n<p style=\"padding-left: 30px;\"><em>F\u00f6re och efter viskningen. Jag \u00e4lskar tystnaden, den tystnad som inte bara \u00e4r<br \/>\n<\/em><em>Fr\u00e5nvaro av ljud, men ocks\u00e5 tystnaden i musiken, musiken \u00e4r strukturerad<\/em><\/p>\n<p style=\"padding-left: 30px;\"><em>Tystnad, ocks\u00e5 f\u00e5gels\u00e5ngen \u00e4r en form av tystnad liksom kattens g\u00e4spning<br \/>\n<\/em><em>Fenimore Coopers Den sista mohikanen b\u00f6rjar med orden \u201dLjudl\u00f6sa steg<\/em><\/p>\n<p style=\"padding-left: 30px;\"><em>H\u00f6rdes i natten\u201d \u2013 en mening att dr\u00f6mma om f\u00f6r en poet som vill s\u00e4ga mycket<br \/>\n<\/em><em>Med f\u00e5 ord.\u201d<\/em><\/p>\n<p>Boken om den siste mohikanen har jag l\u00e4st m\u00e5nga g\u00e5nger i yngre \u00e5r. Inte h\u00f6rde jag den d\u00e4r f\u00f6rsta meningen f\u00f6r det.<\/p>\n<p>&#8221;Poesin \u00e4r sl\u00e4kt med &#8230; tystnaden F\u00f6re och efter viskningen&#8221;.<br \/>\nUnderbart.<\/p>\n<p><em><strong><span style=\"color: #ff6600;\">###<\/span><\/strong> Sent om natten, n\u00e4r jag skrivit detta och inte kan somna, f\u00e5r jag f\u00f6r mig att leta reda p\u00e5 inledningsmeningen om mohikanen.<br \/>\n<\/em><em><strong><span style=\"color: #ff6600;\">###<\/span><\/strong> Hittar den inte. Inte d\u00e4r. Claes Andersson har s\u00e4kert en annan utg\u00e5va.<br \/>\n<\/em><em><strong><span style=\"color: #ff6600;\">###<\/span><\/strong> P\u00e5 samma ungdomsbokhylla hittar jag en \u00e5ldrad <strong>Biggles flyger v\u00e4sterut<\/strong>.\u00a0<\/em><em>B\u00f6rjar l\u00e4sa.\u00a0<\/em><em>S\u00e4g vad man vill om propellerpoesi, men ljudl\u00f6s \u00e4r den inte.<\/em><\/p>\n<p><span style=\"color: #0000ff;\"><a style=\"color: #0000ff;\" href=\"https:\/\/sven-ove.nu\/\">Hem<\/a><\/span>\u00a0|\u00a0<span style=\"color: #0000ff;\"><a style=\"color: #0000ff;\" href=\"https:\/\/sven-ove.nu\/?page_id=170\">Om mig<\/a><\/span>\u00a0|\u00a0<span style=\"color: #0000ff;\"><a style=\"color: #0000ff;\" href=\"https:\/\/sven-ove.nu\/?page_id=1385\">Skriva &amp; prata<\/a><\/span>\u00a0|\u00a0<span style=\"color: #0000ff;\"><a style=\"color: #0000ff;\" href=\"https:\/\/sven-ove.nu\/?page_id=100\">Politik<\/a><\/span>\u00a0|\u00a0<span style=\"color: #0000ff;\"><a style=\"color: #0000ff;\" href=\"https:\/\/sven-ove.nu\/?page_id=102\">L\u00f6pa<\/a><\/span>\u00a0|\u00a0<span style=\"color: #0000ff;\"><a style=\"color: #0000ff;\" href=\"https:\/\/sven-ove.nu\/?page_id=108\">Viktor Root<\/a><\/span>\u00a0| <a href=\"https:\/\/sven-ove.nu\/?page_id=15908\"><span style=\"color: #0000ff;\">Firman<\/span>\u00a0<\/a>|\u00a0<span style=\"color: #0000ff;\"><a style=\"color: #0000ff;\" href=\"https:\/\/sven-ove.nu\/?page_id=15638\">K\u00f4ppra<\/a><\/span> <em>(c) Sven-Ove Svensson<\/em><\/p>\n","protected":false},"excerpt":{"rendered":"<p>Det \u00e4r n\u00e5gonting med tystnaden. Den som g\u00f6r musiken till musik, den som fanns l\u00e5ngt f\u00f6re oss och som kan tala tydligare \u00e4n m\u00e5nga ord vi m\u00e4nniskor hittar p\u00e5. En g\u00e5ng ber\u00e4ttade den k\u00e4ra v\u00e4nnen hur hon g\u00f6r ibland, f\u00f6r att skapa lugn i barngruppen d\u00e4r hon arbetar. Hon s\u00e4nker r\u00f6sten till en viskning. Den &hellip; <a href=\"https:\/\/sven-ove.nu\/?p=18225\" class=\"more-link\">Forts\u00e4tt l\u00e4sa <span class=\"screen-reader-text\">Poesins sl\u00e4kting tystnaden<\/span><\/a><\/p>\n","protected":false},"author":1,"featured_media":0,"comment_status":"open","ping_status":"open","sticky":false,"template":"","format":"standard","meta":{"_crdt_document":"","_monsterinsights_skip_tracking":false,"_monsterinsights_sitenote_active":false,"_monsterinsights_sitenote_note":"","_monsterinsights_sitenote_category":0,"footnotes":""},"categories":[10,28,4],"tags":[14,21],"class_list":["post-18225","post","type-post","status-publish","format-standard","hentry","category-familjen","category-kreativt-folk","category-skrivande","tag-lasning","tag-ord"],"_links":{"self":[{"href":"https:\/\/sven-ove.nu\/index.php?rest_route=\/wp\/v2\/posts\/18225","targetHints":{"allow":["GET"]}}],"collection":[{"href":"https:\/\/sven-ove.nu\/index.php?rest_route=\/wp\/v2\/posts"}],"about":[{"href":"https:\/\/sven-ove.nu\/index.php?rest_route=\/wp\/v2\/types\/post"}],"author":[{"embeddable":true,"href":"https:\/\/sven-ove.nu\/index.php?rest_route=\/wp\/v2\/users\/1"}],"replies":[{"embeddable":true,"href":"https:\/\/sven-ove.nu\/index.php?rest_route=%2Fwp%2Fv2%2Fcomments&post=18225"}],"version-history":[{"count":7,"href":"https:\/\/sven-ove.nu\/index.php?rest_route=\/wp\/v2\/posts\/18225\/revisions"}],"predecessor-version":[{"id":18233,"href":"https:\/\/sven-ove.nu\/index.php?rest_route=\/wp\/v2\/posts\/18225\/revisions\/18233"}],"wp:attachment":[{"href":"https:\/\/sven-ove.nu\/index.php?rest_route=%2Fwp%2Fv2%2Fmedia&parent=18225"}],"wp:term":[{"taxonomy":"category","embeddable":true,"href":"https:\/\/sven-ove.nu\/index.php?rest_route=%2Fwp%2Fv2%2Fcategories&post=18225"},{"taxonomy":"post_tag","embeddable":true,"href":"https:\/\/sven-ove.nu\/index.php?rest_route=%2Fwp%2Fv2%2Ftags&post=18225"}],"curies":[{"name":"wp","href":"https:\/\/api.w.org\/{rel}","templated":true}]}}