{"id":18243,"date":"2017-08-19T03:39:18","date_gmt":"2017-08-19T02:39:18","guid":{"rendered":"http:\/\/sven-ove.nu\/?p=18243"},"modified":"2017-08-18T14:48:09","modified_gmt":"2017-08-18T13:48:09","slug":"ska-vi-riva-stockholms-slott","status":"publish","type":"post","link":"https:\/\/sven-ove.nu\/?p=18243","title":{"rendered":"Ska vi riva Stockholms slott?"},"content":{"rendered":"<blockquote><p>Jag har mina b\u00f6jelser. En av dem \u00e4r att jag fascineras av alla som f\u00e4rdats f\u00f6re mig i skog och mark. Minsta stig kan s\u00e4tta ig\u00e5ng fantasin. Vem stegade upp den f\u00f6rst? Myror? R\u00e5djur? V\u00e5ra nygamla kamrater vildgrisarna?<\/p><\/blockquote>\n<p>Minsta stenh\u00f6g f\u00e5r mig att h\u00f6ra bronslurar. \u201dBrons\u201d? Det ska uttalas \u201dbronsch\u201d p\u00e5 det Sven Jerringska viset. Legendarisk pionj\u00e4r i radion, f\u00f6r er som inte minns r\u00f6sten.<\/p>\n<p>N\u00e4r min v\u00e4n M och jag fikade vid \u00c4tter\u00f6sera, v\u00e5ra tv\u00e5 lokala gravh\u00f6gar med utsikt \u00f6ver f\u00e5gelsj\u00f6n Norra Hyn, h\u00f6ll jag f\u00f6redrag f\u00f6rst\u00e5s. Det blir g\u00e4rna s\u00e5. Just n\u00e4r jag lyriskt f\u00f6rklarade att h\u00e4r har bronslurar h\u00f6rts tuta en g\u00e5ng i tiden \u2013 b\u00f6lade det till bort\u00e5t Eken\u00e4s till.<\/p>\n<p>Kamraten blev mycket imponerad. \u201dDet hade du tajmat bra. Vem \u00e4r det som bl\u00e5ser i lur? \u201d.<\/p>\n<p>Inte vet jag. D\u00e5 b\u00f6lade det en g\u00e5ng till. Vi vet fortfarande inte vad det var f\u00f6r kreatur som passade p\u00e5 att h\u00e4rma en lokal musiker fr\u00e5n 1500-500 f\u00f6re Kristus.<\/p>\n<p><strong>Tredje graven<br \/>\n<\/strong>N\u00e4r jag kom hem hittade jag Forns\u00f6k. Riksantikvarie\u00e4mbetets webbkarta med alla v\u00e5ra fornminnen inprickade. En fantastisk service. N\u00e4sta g\u00e5ng tvingade jag kamrat M tillbaka till trakterna kring \u00c4tter\u00f6sera. Jag hade hittat en stens\u00e4ttning fr\u00e5n brons- eller j\u00e4rn\u00e5ldern p\u00e5 webbkartan. Ingen h\u00f6g skulle det vara, men dock en forngrav. En som folk verkar ha gl\u00f6mt.<\/p>\n<p>Gps:en i min mobil visade oss till en grop. Grop? Inte begravde de sina herrar l\u00e5gt den g\u00e5ngen. Gravar ska ha utsikt. Se p\u00e5 \u00c4tter\u00f6sera, d\u00e4r har de haft socknens b\u00e4sta utsikt i flera tusen \u00e5r, \u00e4ven om furorna blivit aningen h\u00f6ga sedan kommunsammanslagningen.<\/p>\n<p><em><a href=\"https:\/\/sven-ove.nu\/wp-content\/uploads\/2017\/03\/Den-tredje.jpg\"><img loading=\"lazy\" decoding=\"async\" class=\"alignright size-medium wp-image-17376\" src=\"https:\/\/sven-ove.nu\/wp-content\/uploads\/2017\/03\/Den-tredje-300x238.jpg\" alt=\"\" width=\"300\" height=\"238\" srcset=\"https:\/\/sven-ove.nu\/wp-content\/uploads\/2017\/03\/Den-tredje-300x238.jpg 300w, https:\/\/sven-ove.nu\/wp-content\/uploads\/2017\/03\/Den-tredje-768x609.jpg 768w, https:\/\/sven-ove.nu\/wp-content\/uploads\/2017\/03\/Den-tredje-1024x812.jpg 1024w, https:\/\/sven-ove.nu\/wp-content\/uploads\/2017\/03\/Den-tredje.jpg 1280w\" sizes=\"auto, (max-width: 300px) 100vw, 300px\" \/><\/a>Hur jag till slut fann den tredje graven\u00a0har jag ber\u00e4ttat f\u00f6rut:<br \/>\n<span style=\"color: #0000ff;\"><a style=\"color: #0000ff;\" href=\"https:\/\/sven-ove.nu\/?p=17372\">Mysteriet med Graf III<\/a><\/span><\/em><\/p>\n<p>&nbsp;<\/p>\n<p><strong>Respekt inf\u00f6r jobbet<br \/>\n<\/strong>S\u00e5 gick det med mitt stolta kartfynd. Hemkommen l\u00e4ste jag p\u00e5 fritexten i Forns\u00f6k. Jaha, graven ska ha utsikt \u00f6ver ett delvis igenv\u00e4xt kalhygge. Var det inte det jag trodde. N\u00e4sta g\u00e5ng hittade jag stenarna. J\u00e4rn\u00e5lder eller brons\u00e5lder.<\/p>\n<p>Den tidens folk m\u00e5ste ocks\u00e5 ha haft sin stig d\u00e4r motion\u00e4rernas nyupptrampade trail- och reflexbana numera rusar nerf\u00f6r Skottaberget. Men de sprang h\u00e4r f\u00f6rst.<\/p>\n<p>Sj\u00e4lvklart k\u00e4nner jag respekt inf\u00f6r de tv\u00e5 gravh\u00f6garna och min nyuppt\u00e4ckta, plattare stens\u00e4ttning. Respekt inf\u00f6r allt jobb bronsfolket m\u00e5ste ha haft med \u00c4tter\u00f6sera, \u00e4ven om det nu var storm\u00e4n de begravde p\u00e5 utsiktsplatserna.<\/p>\n<p>Roligt att jag hittat tredje graven. Hoppas hembygdsf\u00f6reningen eller l\u00e4nsstyrelsen s\u00e4tter upp en skylt om den.<\/p>\n<p><strong>N-ordet och Monitorn<br \/>\n<\/strong>D\u00e4r n\u00e5gonstans f\u00e5r jag dagspolitiska problem vid min stens\u00e4ttning med de vindf\u00e4llda furorna. F\u00f6r n\u00e5gra \u00e5r sedan tvingade Sveriges afroamerikaner Karlstads kommun att byta namn p\u00e5 det kvarter d\u00e4r Scandic Winn ligger. Kvarteret hade f\u00e5tt sitt namn 1866 \u2013 n-ordet, n\u00e4rmare best\u00e4mt &#8211; f\u00f6rmodligen till st\u00f6d f\u00f6r de nordamerikaner som slogs f\u00f6r att upph\u00e4va slaveriet. Varf\u00f6r skulle annars ett annat kvarter i centrala staden heta Monitorn?<\/p>\n<p>Jag f\u00f6rstod varf\u00f6r kravet st\u00e4lldes. Varf\u00f6r skulle jag mots\u00e4tta mig det? Vem vill l\u00e5ta n-ordet leva, den gamla f\u00f6rklenande etiketten?<\/p>\n<p>Samtidigt gnagde ett f\u00f6rsiktigt tvivel. Det var den historieintresserade inom mig, han som tycker att vi inte ska riva hela v\u00e5r historia. Inte alla barnhem, f\u00e4stningar och monument b\u00f6r f\u00f6rst\u00f6ras. V\u00e4rlden har varit ett klassamh\u00e4lle, minst sedan jordbrukarsamh\u00e4llet, och \u00e4r full av symboler f\u00f6r forna och nuvarande \u00f6verheter. \u00c4tter\u00f6sera, Stockholms slott, Egyptens pyramider och Taj Mahal.<\/p>\n<p>Ska vi riva dom med? Vr\u00e4ka Karl IX-statyn i Klar\u00e4lven, byta namn p\u00e5 Kungsgatan, Kristinehamn och Lappland? Jag \u00e4r inte s\u00e4ker p\u00e5 att jag tycker det \u00e4r en bra id\u00e9. Allt b\u00f6r inte raderas.<\/p>\n<p>D\u00e5 \u00e4r det \u00e4nd\u00e5 inte Sverige min fundering handlar om.<br \/>\nMen det har du ju redan f\u00f6rst\u00e5tt.<\/p>\n<p style=\"padding-left: 30px;\"><em><span style=\"color: #ff6600;\"><strong>###<\/strong><\/span>\u00a0Ser att Google maps har gl\u00f6mt att d\u00f6pa om kvarteret med det kontroversiella namnet i Karlstad.<br \/>\n<\/em><em><span style=\"color: #ff6600;\"><strong>###<\/strong><\/span> F\u00f6r\u00e4ndring tar tid.<\/em><\/p>\n<p><span style=\"color: #0000ff;\"><a style=\"color: #0000ff;\" href=\"https:\/\/sven-ove.nu\/\">Hem<\/a><\/span>\u00a0|\u00a0<span style=\"color: #0000ff;\"><a style=\"color: #0000ff;\" href=\"https:\/\/sven-ove.nu\/?page_id=170\">Om mig<\/a><\/span>\u00a0|\u00a0<span style=\"color: #0000ff;\"><a style=\"color: #0000ff;\" href=\"https:\/\/sven-ove.nu\/?page_id=1385\">Skriva &amp; prata<\/a><\/span>\u00a0|\u00a0<span style=\"color: #0000ff;\"><a style=\"color: #0000ff;\" href=\"https:\/\/sven-ove.nu\/?page_id=100\">Politik<\/a><\/span>\u00a0|\u00a0<span style=\"color: #0000ff;\"><a style=\"color: #0000ff;\" href=\"https:\/\/sven-ove.nu\/?page_id=102\">L\u00f6pa<\/a><\/span>\u00a0|\u00a0<span style=\"color: #0000ff;\"><a style=\"color: #0000ff;\" href=\"https:\/\/sven-ove.nu\/?page_id=108\">Viktor Root<\/a><\/span>\u00a0| <a href=\"https:\/\/sven-ove.nu\/?page_id=15908\"><span style=\"color: #0000ff;\">Firman<\/span>\u00a0<\/a>|\u00a0<span style=\"color: #0000ff;\"><a style=\"color: #0000ff;\" href=\"https:\/\/sven-ove.nu\/?page_id=15638\">K\u00f4ppra<\/a><\/span> <em>(c) Sven-Ove Svensson<\/em><\/p>\n","protected":false},"excerpt":{"rendered":"<p>Jag har mina b\u00f6jelser. En av dem \u00e4r att jag fascineras av alla som f\u00e4rdats f\u00f6re mig i skog och mark. Minsta stig kan s\u00e4tta ig\u00e5ng fantasin. Vem stegade upp den f\u00f6rst? Myror? R\u00e5djur? V\u00e5ra nygamla kamrater vildgrisarna? Minsta stenh\u00f6g f\u00e5r mig att h\u00f6ra bronslurar. \u201dBrons\u201d? Det ska uttalas \u201dbronsch\u201d p\u00e5 det Sven Jerringska viset. &hellip; <a href=\"https:\/\/sven-ove.nu\/?p=18243\" class=\"more-link\">Forts\u00e4tt l\u00e4sa <span class=\"screen-reader-text\">Ska vi riva Stockholms slott?<\/span><\/a><\/p>\n","protected":false},"author":1,"featured_media":0,"comment_status":"open","ping_status":"open","sticky":false,"template":"","format":"standard","meta":{"_crdt_document":"","_monsterinsights_skip_tracking":false,"_monsterinsights_sitenote_active":false,"_monsterinsights_sitenote_note":"","_monsterinsights_sitenote_category":0,"footnotes":""},"categories":[9,4],"tags":[25,18,21,17],"class_list":["post-18243","post","type-post","status-publish","format-standard","hentry","category-politik","category-skrivande","tag-kartan","tag-lardomar","tag-ord","tag-solidaritet"],"_links":{"self":[{"href":"https:\/\/sven-ove.nu\/index.php?rest_route=\/wp\/v2\/posts\/18243","targetHints":{"allow":["GET"]}}],"collection":[{"href":"https:\/\/sven-ove.nu\/index.php?rest_route=\/wp\/v2\/posts"}],"about":[{"href":"https:\/\/sven-ove.nu\/index.php?rest_route=\/wp\/v2\/types\/post"}],"author":[{"embeddable":true,"href":"https:\/\/sven-ove.nu\/index.php?rest_route=\/wp\/v2\/users\/1"}],"replies":[{"embeddable":true,"href":"https:\/\/sven-ove.nu\/index.php?rest_route=%2Fwp%2Fv2%2Fcomments&post=18243"}],"version-history":[{"count":5,"href":"https:\/\/sven-ove.nu\/index.php?rest_route=\/wp\/v2\/posts\/18243\/revisions"}],"predecessor-version":[{"id":18248,"href":"https:\/\/sven-ove.nu\/index.php?rest_route=\/wp\/v2\/posts\/18243\/revisions\/18248"}],"wp:attachment":[{"href":"https:\/\/sven-ove.nu\/index.php?rest_route=%2Fwp%2Fv2%2Fmedia&parent=18243"}],"wp:term":[{"taxonomy":"category","embeddable":true,"href":"https:\/\/sven-ove.nu\/index.php?rest_route=%2Fwp%2Fv2%2Fcategories&post=18243"},{"taxonomy":"post_tag","embeddable":true,"href":"https:\/\/sven-ove.nu\/index.php?rest_route=%2Fwp%2Fv2%2Ftags&post=18243"}],"curies":[{"name":"wp","href":"https:\/\/api.w.org\/{rel}","templated":true}]}}