{"id":18270,"date":"2017-08-28T06:33:30","date_gmt":"2017-08-28T05:33:30","guid":{"rendered":"http:\/\/sven-ove.nu\/?p=18270"},"modified":"2017-08-28T06:33:57","modified_gmt":"2017-08-28T05:33:57","slug":"carl-bildt-effekten","status":"publish","type":"post","link":"https:\/\/sven-ove.nu\/?p=18270","title":{"rendered":"Carl Bildt-effekten"},"content":{"rendered":"<p><a href=\"https:\/\/sven-ove.nu\/wp-content\/uploads\/2017\/08\/Herr-Lindman-i-Stockholm.jpg\"><img loading=\"lazy\" decoding=\"async\" class=\"size-medium wp-image-18271 alignnone\" src=\"https:\/\/sven-ove.nu\/wp-content\/uploads\/2017\/08\/Herr-Lindman-i-Stockholm-228x300.jpg\" alt=\"\" width=\"228\" height=\"300\" srcset=\"https:\/\/sven-ove.nu\/wp-content\/uploads\/2017\/08\/Herr-Lindman-i-Stockholm-228x300.jpg 228w, https:\/\/sven-ove.nu\/wp-content\/uploads\/2017\/08\/Herr-Lindman-i-Stockholm.jpg 640w\" sizes=\"auto, (max-width: 228px) 100vw, 228px\" \/><\/a><\/p>\n<blockquote><p>35 procent av moderatv\u00e4ljarna vill ha Carl Bildt som ny moderatledare.<\/p><\/blockquote>\n<p>Ny? De ser f\u00f6rst\u00e5s liberalt p\u00e5 fr\u00e5gan om ny. \u00c4ndra ingenting, t\u00e4nker de. Om Arvid Lindman \u00e4r borta f\u00e5r det bli den d\u00e4r nye l\u00e5nge hall\u00e4nningen.<\/p>\n<p>De vill att allt ska bli som det varit. D\u00e5, n\u00e4r moderaterna gick fram\u00e5t varje g\u00e5ng Carl Bildt for till forna Jugoslavien &#8230;<br \/>\n&#8230; och bak\u00e5t varenda g\u00e5ng han kom hem igen och visade sig h\u00e4r.<\/p>\n<p>Den effekten \u00e4r han inte ensam om.<\/p>\n<p style=\"padding-left: 30px; text-align: right;\"><em><strong>Fotnot<\/strong>: Mannen p\u00e5 bilden<br \/>\n\u00e4r inte f\u00f6reslagen men seglat har han.<\/em><\/p>\n<p><span style=\"color: #0000ff;\"><a style=\"color: #0000ff;\" href=\"https:\/\/sven-ove.nu\/\">Hem<\/a><\/span>\u00a0|\u00a0<span style=\"color: #0000ff;\"><a style=\"color: #0000ff;\" href=\"https:\/\/sven-ove.nu\/?page_id=170\">Om mig<\/a><\/span>\u00a0|\u00a0<span style=\"color: #0000ff;\"><a style=\"color: #0000ff;\" href=\"https:\/\/sven-ove.nu\/?page_id=1385\">Skriva &amp; prata<\/a><\/span>\u00a0|\u00a0<span style=\"color: #0000ff;\"><a style=\"color: #0000ff;\" href=\"https:\/\/sven-ove.nu\/?page_id=100\">Politik<\/a><\/span>\u00a0|\u00a0<span style=\"color: #0000ff;\"><a style=\"color: #0000ff;\" href=\"https:\/\/sven-ove.nu\/?page_id=102\">L\u00f6pa<\/a><\/span>\u00a0|\u00a0<span style=\"color: #0000ff;\"><a style=\"color: #0000ff;\" href=\"https:\/\/sven-ove.nu\/?page_id=108\">Viktor Root<\/a><\/span>\u00a0| <a href=\"https:\/\/sven-ove.nu\/?page_id=15908\"><span style=\"color: #0000ff;\">Firman<\/span>\u00a0<\/a>|\u00a0<span style=\"color: #0000ff;\"><a style=\"color: #0000ff;\" href=\"https:\/\/sven-ove.nu\/?page_id=15638\">K\u00f4ppra<\/a><\/span> <em>(c) Sven-Ove Svensson<\/em><\/p>\n","protected":false},"excerpt":{"rendered":"<p>35 procent av moderatv\u00e4ljarna vill ha Carl Bildt som ny moderatledare. Ny? De ser f\u00f6rst\u00e5s liberalt p\u00e5 fr\u00e5gan om ny. \u00c4ndra ingenting, t\u00e4nker de. Om Arvid Lindman \u00e4r borta f\u00e5r det bli den d\u00e4r nye l\u00e5nge hall\u00e4nningen. De vill att allt ska bli som det varit. D\u00e5, n\u00e4r moderaterna gick fram\u00e5t varje g\u00e5ng Carl Bildt &hellip; <a href=\"https:\/\/sven-ove.nu\/?p=18270\" class=\"more-link\">Forts\u00e4tt l\u00e4sa <span class=\"screen-reader-text\">Carl Bildt-effekten<\/span><\/a><\/p>\n","protected":false},"author":1,"featured_media":0,"comment_status":"open","ping_status":"open","sticky":false,"template":"","format":"standard","meta":{"_crdt_document":"","_monsterinsights_skip_tracking":false,"_monsterinsights_sitenote_active":false,"_monsterinsights_sitenote_note":"","_monsterinsights_sitenote_category":0,"footnotes":""},"categories":[9],"tags":[16,8],"class_list":["post-18270","post","type-post","status-publish","format-standard","hentry","category-politik","tag-dumheter","tag-historia"],"_links":{"self":[{"href":"https:\/\/sven-ove.nu\/index.php?rest_route=\/wp\/v2\/posts\/18270","targetHints":{"allow":["GET"]}}],"collection":[{"href":"https:\/\/sven-ove.nu\/index.php?rest_route=\/wp\/v2\/posts"}],"about":[{"href":"https:\/\/sven-ove.nu\/index.php?rest_route=\/wp\/v2\/types\/post"}],"author":[{"embeddable":true,"href":"https:\/\/sven-ove.nu\/index.php?rest_route=\/wp\/v2\/users\/1"}],"replies":[{"embeddable":true,"href":"https:\/\/sven-ove.nu\/index.php?rest_route=%2Fwp%2Fv2%2Fcomments&post=18270"}],"version-history":[{"count":4,"href":"https:\/\/sven-ove.nu\/index.php?rest_route=\/wp\/v2\/posts\/18270\/revisions"}],"predecessor-version":[{"id":18276,"href":"https:\/\/sven-ove.nu\/index.php?rest_route=\/wp\/v2\/posts\/18270\/revisions\/18276"}],"wp:attachment":[{"href":"https:\/\/sven-ove.nu\/index.php?rest_route=%2Fwp%2Fv2%2Fmedia&parent=18270"}],"wp:term":[{"taxonomy":"category","embeddable":true,"href":"https:\/\/sven-ove.nu\/index.php?rest_route=%2Fwp%2Fv2%2Fcategories&post=18270"},{"taxonomy":"post_tag","embeddable":true,"href":"https:\/\/sven-ove.nu\/index.php?rest_route=%2Fwp%2Fv2%2Ftags&post=18270"}],"curies":[{"name":"wp","href":"https:\/\/api.w.org\/{rel}","templated":true}]}}