{"id":18289,"date":"2017-09-02T04:24:46","date_gmt":"2017-09-02T03:24:46","guid":{"rendered":"http:\/\/sven-ove.nu\/?p=18289"},"modified":"2017-09-02T10:10:25","modified_gmt":"2017-09-02T09:10:25","slug":"det-storsta-aventyret","status":"publish","type":"post","link":"https:\/\/sven-ove.nu\/?p=18289","title":{"rendered":"Det st\u00f6rsta \u00e4ventyret"},"content":{"rendered":"<p><a href=\"https:\/\/sven-ove.nu\/wp-content\/uploads\/2017\/07\/Ingen-f\u00e4rsk-bild.jpg\"><img loading=\"lazy\" decoding=\"async\" class=\"size-large wp-image-18087 alignnone\" src=\"https:\/\/sven-ove.nu\/wp-content\/uploads\/2017\/07\/Ingen-f\u00e4rsk-bild-1024x1024.jpg\" alt=\"\" width=\"660\" height=\"660\" srcset=\"https:\/\/sven-ove.nu\/wp-content\/uploads\/2017\/07\/Ingen-f\u00e4rsk-bild-1024x1024.jpg 1024w, https:\/\/sven-ove.nu\/wp-content\/uploads\/2017\/07\/Ingen-f\u00e4rsk-bild-150x150.jpg 150w, https:\/\/sven-ove.nu\/wp-content\/uploads\/2017\/07\/Ingen-f\u00e4rsk-bild-300x300.jpg 300w, https:\/\/sven-ove.nu\/wp-content\/uploads\/2017\/07\/Ingen-f\u00e4rsk-bild-768x768.jpg 768w, https:\/\/sven-ove.nu\/wp-content\/uploads\/2017\/07\/Ingen-f\u00e4rsk-bild.jpg 1280w\" sizes=\"auto, (max-width: 660px) 100vw, 660px\" \/><\/a><\/p>\n<blockquote><p>&#8211; N\u00e5, hur gick det? Blev pension\u00e4rslivet som du t\u00e4nkt dig?<br \/>\n&#8211; Neeij.<\/p><\/blockquote>\n<p>Jag \u00e4r en unders\u00f6kare, en planerare och en utr\u00e4knare. Naturligtvis l\u00e4ste jag alla mejlen fr\u00e5n diverse av mig gl\u00f6mda pensionsanstalter som bad att f\u00e5 skicka mindre summor pengar med viss regelbundenhet, s\u00e5 snart jag bytt till dagledig. Jag har jobbat runt, s\u00e5 det blev till slut drygt tio stycken s\u00e5dana summor, vilka jag stretat ihop med min trut och mina bokst\u00e4vlar. Lustigt jobb, att en kan bli svettig av s\u00e5n\u2019t.<\/p>\n<p>\u201dDagledig\u201d f\u00f6rresten, vilket sk\u00e4mt. Jag \u00e5terkommer till det.<\/p>\n<p><strong>Den Stora Pension\u00e4rs-Strategin<br \/>\n<\/strong>N\u00e4r pengarna var utr\u00e4knade (inklusive livr\u00e4ntan jag gl\u00f6mde ber\u00e4tta att jag ville ha) var det dags f\u00f6r Planen med stort S. Pension\u00e4rs-Strategin. Den Komplediges Fulla Syssels\u00e4ttning. Jag l\u00e4ste alla goda r\u00e5d och b\u00f6rjade g\u00f6ra listor, ty s\u00e5 g\u00f6r vi planerare:<\/p>\n<p style=\"padding-left: 30px;\"><em>Vara ute minst en timme om dagen.<br \/>\n<\/em><em>Bjuda den k\u00e4ra v\u00e4nnen p\u00e5 kaffe n\u00e4r hon kommer hem. (Mat fungerar s\u00e4llan med hennes varierande arbetstider).<br \/>\n<\/em><em>G\u00e5 till biblioteket varje vecka.<br \/>\n<\/em><em>L\u00e4sa minst en klassiker i m\u00e5naden.<br \/>\n<\/em><em>Springa.<br \/>\n<\/em><em>Tr\u00e4ffa folk p\u00e5 facebook varje dag.<br \/>\n<\/em><em>Tr\u00e4ffa en och annan I Verkliga Livet ocks\u00e5, om det g\u00e5r.<br \/>\n<\/em><em>Skriva p\u00e5 bloggen; ibland trams, ibland allvar.<br \/>\n<\/em><em>Springa lite till.<br \/>\n<\/em><em>Cykla ner p\u00e5 byn och glo p\u00e5 folk.<br \/>\n<\/em><em>Handla.<br \/>\n<\/em><em>L\u00e4ra mig fler f\u00e5gell\u00e4ten \u00e4n g\u00f6ken, kr\u00e5kan och skatan.<br \/>\n<\/em><em>Vara barnaroare.<br \/>\n<\/em><em>Jobba ideellt \u00e5t orienteringsklubben.<\/em><\/p>\n<p>Listan blev l\u00e4ngre, men vi kan sluta d\u00e4r, jag tror du fattar. Ambition fattas inte en \u00e4kta planerare och utr\u00e4knare, f\u00f6dd 1951.<\/p>\n<p><strong>Gick upp som vanligt<br \/>\n<\/strong>De f\u00f6rsta dagarna gick jag upp halv sex, \u00e5t frukost och gick raskt ut med kikaren f\u00f6r att l\u00e4ra mig f\u00e5gell\u00e4ten. En inte helt l\u00e4tt uppgift i s\u00f6dra V\u00e4rmland n\u00e4r det st\u00e5r kylslagen januari i almanackan, men en f\u00e5r inte ge tappt.<\/p>\n<p>F\u00f6rsta m\u00e5naden l\u00e4ste jag Harper Lees D\u00f6dssynden och Selma Lagerl\u00f6fs Charlotte L\u00f6wensk\u00f6ld och Anna Sv\u00e4rd samt skrev ett blogginl\u00e4gg om dagen. Tr\u00e4ffade massor med folk p\u00e5 Facebook och l\u00e4ngtade efter arbetskamraterna. Det g\u00f6r jag \u00e4n.<\/p>\n<p>Varje morgon n\u00e4r den k\u00e4ra v\u00e4nnen gick till jobbet str\u00e4ckte jag mig ink\u00e4nnande som en katt i s\u00e4ngen. Gud va\u2019 g\u00f4tt! Du \u00e4r dagledig, Svensson! Vil\u2019 dig!<\/p>\n<p>Inte vilade jag.<\/p>\n<p><strong>Prat och promenader<br \/>\n<\/strong>Det har g\u00e5tt bra med folktr\u00e4ffandet ocks\u00e5. Nyss var jag p\u00e5 m\u00f6te om en kommunalpolitisk fr\u00e5ga som intresserar mig storligen, p\u00e5 m\u00e5ndagarna \u00e4r det diskussionsgrupp med ett g\u00e4ng andra pratare, p\u00e5 onsdagarna skogsvandring till hemligt m\u00e5l med en (numera tv\u00e5) promenerare. En av oss kan vartenda f\u00e5gell\u00e4te som finns, det k\u00e4nns fint. S\u00e5 fort vi h\u00f6r en f\u00e5gel ber\u00e4ttar han vad det \u00e4r f\u00f6r art och en minut senare har jag gl\u00f6mt. Sist h\u00f6rde vi n\u00f6tkr\u00e5kan, hur l\u00e5ter hon?<\/p>\n<p>Ett ganska tydligt l\u00e4te, det minns jag. Sett dom har jag ju gjort, ett \u00e5r kom de flygande \u00e4nda fr\u00e5n Sibirien f\u00f6r att invadera stadsparken i Karlstad. Men l\u00e4tet, l\u00e4tet \u2026<\/p>\n<p><strong>Kalendern full<br \/>\n<\/strong>Jo, jag har f\u00f6ljt min lista, \u00e4ven om den obligatoriska timmen ute blir m\u00e5nga fler vissa dagar och ingen alls ibland. Springer g\u00f6r jag f\u00f6r s\u00e4llan (det g\u00f6r alla l\u00f6pmotion\u00e4rer), mobilen g\u00e5r varm p\u00e5 sociala medier, l\u00e4ser g\u00f6r jag mest p\u00e5 kv\u00e4llarna och plocka disk \u00e4r lika roligt som det alltid har varit. Obs, sant. B\u00e4sta crosstrainern \u00e4r v\u00e5r tunga sj\u00e4lvg\u00e5ende gr\u00e4sklippare sedan han slutade vara sj\u00e4lvg\u00e5ende. Trimmern \u00e4r hj\u00e4lptr\u00e4nare.<\/p>\n<p>\u201dDagledig\u201d \u00e4r ett sk\u00e4mt. Normalt \u00e4r det ett sk\u00e4mt. Ingen pension\u00e4r jag k\u00e4nner \u00e4r ledig, vi har kalendern full. \u00c4r det inget annat s\u00e5 \u00e4r det d\u00f6\u2019st\u00e4dningen, den har jag h\u00e5llit p\u00e5 med sedan januari i fjol. Misst\u00e4nker att den aldrig blir f\u00e4rdig.<\/p>\n<p>&#8211; En kan v\u00e4l inte sl\u00e4nge diskettera med sine gamle kr\u00f6niker?!!<\/p>\n<p><strong>St\u00f6rsta \u00e4ventyret<br \/>\n<\/strong>Vilar p\u00e5 maten g\u00f6r jag, det borde varje l\u00f6nearbetare ocks\u00e5 g\u00f6ra. Dessemellan \u00e4r det \u00e4nnu fler sysslor \u00e4n jag fick plats med p\u00e5 listan.<\/p>\n<p>Men. Det som inte stod p\u00e5 listan \u00e4r de d\u00e4r dagarna n\u00e4r du inte har n\u00e5gonting p\u00e5 programmet och inte tar dig f\u00f6r med n\u00e5got enda projekt, inte ens ett f\u00e5gell\u00e4te. De d\u00e4r dagarna n\u00e4r det st\u00f6rsta \u00e4ventyret \u00e4r att g\u00e5 p\u00e5 toaletten f\u00f6r att l\u00f6sa sudoku.<\/p>\n<p>De dagarna var det ingen som ber\u00e4ttade om.<\/p>\n<p><a href=\"https:\/\/sven-ove.nu\/wp-content\/uploads\/2017\/09\/\u00c4ventyr.jpg\"><img loading=\"lazy\" decoding=\"async\" class=\"size-medium wp-image-18291 alignnone\" src=\"https:\/\/sven-ove.nu\/wp-content\/uploads\/2017\/09\/\u00c4ventyr-300x300.jpg\" alt=\"\" width=\"300\" height=\"300\" srcset=\"https:\/\/sven-ove.nu\/wp-content\/uploads\/2017\/09\/\u00c4ventyr-300x300.jpg 300w, https:\/\/sven-ove.nu\/wp-content\/uploads\/2017\/09\/\u00c4ventyr-150x150.jpg 150w, https:\/\/sven-ove.nu\/wp-content\/uploads\/2017\/09\/\u00c4ventyr-768x768.jpg 768w, https:\/\/sven-ove.nu\/wp-content\/uploads\/2017\/09\/\u00c4ventyr-1024x1024.jpg 1024w, https:\/\/sven-ove.nu\/wp-content\/uploads\/2017\/09\/\u00c4ventyr.jpg 1280w\" sizes=\"auto, (max-width: 300px) 100vw, 300px\" \/><\/a><\/p>\n<p><span style=\"color: #0000ff;\"><a style=\"color: #0000ff;\" href=\"https:\/\/sven-ove.nu\/\">Hem<\/a><\/span>\u00a0|\u00a0<span style=\"color: #0000ff;\"><a style=\"color: #0000ff;\" href=\"https:\/\/sven-ove.nu\/?page_id=170\">Om mig<\/a><\/span>\u00a0|\u00a0<span style=\"color: #0000ff;\"><a style=\"color: #0000ff;\" href=\"https:\/\/sven-ove.nu\/?page_id=1385\">Skriva &amp; prata<\/a><\/span>\u00a0|\u00a0<span style=\"color: #0000ff;\"><a style=\"color: #0000ff;\" href=\"https:\/\/sven-ove.nu\/?page_id=100\">Politik<\/a><\/span>\u00a0|\u00a0<span style=\"color: #0000ff;\"><a style=\"color: #0000ff;\" href=\"https:\/\/sven-ove.nu\/?page_id=102\">L\u00f6pa<\/a><\/span>\u00a0|\u00a0<span style=\"color: #0000ff;\"><a style=\"color: #0000ff;\" href=\"https:\/\/sven-ove.nu\/?page_id=108\">Viktor Root<\/a>\u00a0<\/span>| <a href=\"https:\/\/sven-ove.nu\/?page_id=15908\"><span style=\"color: #0000ff;\">Firman<\/span>\u00a0<\/a>|\u00a0<span style=\"color: #0000ff;\"><a style=\"color: #0000ff;\" href=\"https:\/\/sven-ove.nu\/?page_id=15638\">K\u00f4ppra<\/a><\/span> <em>(c) Sven-Ove Svensson<\/em><\/p>\n","protected":false},"excerpt":{"rendered":"<p>&#8211; N\u00e5, hur gick det? Blev pension\u00e4rslivet som du t\u00e4nkt dig? &#8211; Neeij. Jag \u00e4r en unders\u00f6kare, en planerare och en utr\u00e4knare. Naturligtvis l\u00e4ste jag alla mejlen fr\u00e5n diverse av mig gl\u00f6mda pensionsanstalter som bad att f\u00e5 skicka mindre summor pengar med viss regelbundenhet, s\u00e5 snart jag bytt till dagledig. Jag har jobbat runt, s\u00e5 &hellip; <a href=\"https:\/\/sven-ove.nu\/?p=18289\" class=\"more-link\">Forts\u00e4tt l\u00e4sa <span class=\"screen-reader-text\">Det st\u00f6rsta \u00e4ventyret<\/span><\/a><\/p>\n","protected":false},"author":1,"featured_media":0,"comment_status":"open","ping_status":"open","sticky":false,"template":"","format":"standard","meta":{"_crdt_document":"","_monsterinsights_skip_tracking":false,"_monsterinsights_sitenote_active":false,"_monsterinsights_sitenote_note":"","_monsterinsights_sitenote_category":0,"footnotes":""},"categories":[10,5,6,4],"tags":[18,14,20,13],"class_list":["post-18289","post","type-post","status-publish","format-standard","hentry","category-familjen","category-lopning","category-natur","category-skrivande","tag-lardomar","tag-lasning","tag-rad","tag-utrustning"],"_links":{"self":[{"href":"https:\/\/sven-ove.nu\/index.php?rest_route=\/wp\/v2\/posts\/18289","targetHints":{"allow":["GET"]}}],"collection":[{"href":"https:\/\/sven-ove.nu\/index.php?rest_route=\/wp\/v2\/posts"}],"about":[{"href":"https:\/\/sven-ove.nu\/index.php?rest_route=\/wp\/v2\/types\/post"}],"author":[{"embeddable":true,"href":"https:\/\/sven-ove.nu\/index.php?rest_route=\/wp\/v2\/users\/1"}],"replies":[{"embeddable":true,"href":"https:\/\/sven-ove.nu\/index.php?rest_route=%2Fwp%2Fv2%2Fcomments&post=18289"}],"version-history":[{"count":6,"href":"https:\/\/sven-ove.nu\/index.php?rest_route=\/wp\/v2\/posts\/18289\/revisions"}],"predecessor-version":[{"id":18296,"href":"https:\/\/sven-ove.nu\/index.php?rest_route=\/wp\/v2\/posts\/18289\/revisions\/18296"}],"wp:attachment":[{"href":"https:\/\/sven-ove.nu\/index.php?rest_route=%2Fwp%2Fv2%2Fmedia&parent=18289"}],"wp:term":[{"taxonomy":"category","embeddable":true,"href":"https:\/\/sven-ove.nu\/index.php?rest_route=%2Fwp%2Fv2%2Fcategories&post=18289"},{"taxonomy":"post_tag","embeddable":true,"href":"https:\/\/sven-ove.nu\/index.php?rest_route=%2Fwp%2Fv2%2Ftags&post=18289"}],"curies":[{"name":"wp","href":"https:\/\/api.w.org\/{rel}","templated":true}]}}