{"id":18309,"date":"2017-09-07T04:59:13","date_gmt":"2017-09-07T03:59:13","guid":{"rendered":"http:\/\/sven-ove.nu\/?p=18309"},"modified":"2017-09-07T07:08:45","modified_gmt":"2017-09-07T06:08:45","slug":"7-sept-smafolk-och-andra","status":"publish","type":"post","link":"https:\/\/sven-ove.nu\/?p=18309","title":{"rendered":"Sm\u00e5folk och andra"},"content":{"rendered":"<p><a href=\"https:\/\/sven-ove.nu\/wp-content\/uploads\/2017\/09\/Varg-i-Forshaga.jpg\"><img loading=\"lazy\" decoding=\"async\" class=\"size-large wp-image-18314 alignnone\" src=\"https:\/\/sven-ove.nu\/wp-content\/uploads\/2017\/09\/Varg-i-Forshaga-1024x1024.jpg\" alt=\"\" width=\"660\" height=\"660\" srcset=\"https:\/\/sven-ove.nu\/wp-content\/uploads\/2017\/09\/Varg-i-Forshaga-1024x1024.jpg 1024w, https:\/\/sven-ove.nu\/wp-content\/uploads\/2017\/09\/Varg-i-Forshaga-150x150.jpg 150w, https:\/\/sven-ove.nu\/wp-content\/uploads\/2017\/09\/Varg-i-Forshaga-300x300.jpg 300w, https:\/\/sven-ove.nu\/wp-content\/uploads\/2017\/09\/Varg-i-Forshaga-768x768.jpg 768w, https:\/\/sven-ove.nu\/wp-content\/uploads\/2017\/09\/Varg-i-Forshaga.jpg 1280w\" sizes=\"auto, (max-width: 660px) 100vw, 660px\" \/><\/a><\/p>\n<p>Jag ger aldrig pengar till en moderat som sitter p\u00e5 trottoaren och tigger.<\/p>\n<p>Dessutom tror jag p\u00e5 Carl-Gustaf Lindstedts r\u00e5d. K\u00f6p aldrig en begagnad tv av en andf\u00e5dd man p\u00e5 gatan.<\/p>\n<p>&#8230; samt inst\u00e4mmer med Aftonbladet. N\u00e5gon b\u00f6r <span style=\"color: #0000ff;\"><a style=\"color: #0000ff;\" href=\"http:\/\/www.aftonbladet.se\/ledare\/a\/62yxW\/nagon-pa-s-lotteriet-maste-fa-sparken-nu\">f\u00e5 sparken<\/a><\/span> fr\u00e5n Kombilotteriet. Sm\u00e5folkspartier ska inte berika sig genom att st\u00f6rta fattigt folk i f\u00f6rd\u00e4rvet. D\u00e5 \u00e4r de inte l\u00e4ngre sm\u00e5folkspartier.<\/p>\n<p>En och annan folkpartist ger jag en sm\u00f6rg\u00e5s.<\/p>\n<p style=\"padding-left: 30px;\"><strong><span style=\"color: #ff6600;\">***<\/span><\/strong><\/p>\n<p style=\"padding-left: 30px;\"><em>(Och i g\u00e5r skrev jag det h\u00e4r p\u00e5 Facebook:<\/em><\/p>\n<p style=\"padding-left: 30px;\"><em>&#8221;Har du inga pengar? D\u00e5 ska vi f\u00f6rbjuda dig att tigga. Lyder du inte f\u00e5r du b\u00f6ta. Pengar.<\/em><\/p>\n<p style=\"padding-left: 30px;\"><em>Dom f\u00e5r du tigga f\u00f6r att f\u00e5 ihop. Det f\u00e5r du inte. D\u00e5 f\u00e5r du b\u00f6ter. Dom f\u00e5r du tigga f\u00f6r att f\u00e5 ihop. Det f\u00e5r du inte.<\/em><\/p>\n<p style=\"padding-left: 30px;\"><em>Det d\u00e4r har vi r\u00e4knat ut bra.&#8221;)<\/em><\/p>\n<p><span style=\"color: #0000ff;\"><a style=\"color: #0000ff;\" href=\"https:\/\/sven-ove.nu\/\">Hem<\/a><\/span>\u00a0|\u00a0<span style=\"color: #0000ff;\"><a style=\"color: #0000ff;\" href=\"https:\/\/sven-ove.nu\/?page_id=170\">Om mig<\/a><\/span>\u00a0|\u00a0<span style=\"color: #0000ff;\"><a style=\"color: #0000ff;\" href=\"https:\/\/sven-ove.nu\/?page_id=1385\">Skriva &amp; prata<\/a><\/span>\u00a0|\u00a0<span style=\"color: #0000ff;\"><a style=\"color: #0000ff;\" href=\"https:\/\/sven-ove.nu\/?page_id=100\">Politik<\/a><\/span>\u00a0|\u00a0<span style=\"color: #0000ff;\"><a style=\"color: #0000ff;\" href=\"https:\/\/sven-ove.nu\/?page_id=102\">L\u00f6pa<\/a><\/span>\u00a0|\u00a0<span style=\"color: #0000ff;\"><a style=\"color: #0000ff;\" href=\"https:\/\/sven-ove.nu\/?page_id=108\">Viktor Root<\/a><\/span>\u00a0| <a href=\"https:\/\/sven-ove.nu\/?page_id=15908\"><span style=\"color: #0000ff;\">Firman<\/span>\u00a0<\/a>|\u00a0<span style=\"color: #0000ff;\"><a style=\"color: #0000ff;\" href=\"https:\/\/sven-ove.nu\/?page_id=15638\">K\u00f4ppra<\/a><\/span> <em>(c) Sven-Ove Svensson<\/em><\/p>\n","protected":false},"excerpt":{"rendered":"<p>Jag ger aldrig pengar till en moderat som sitter p\u00e5 trottoaren och tigger. Dessutom tror jag p\u00e5 Carl-Gustaf Lindstedts r\u00e5d. K\u00f6p aldrig en begagnad tv av en andf\u00e5dd man p\u00e5 gatan. &#8230; samt inst\u00e4mmer med Aftonbladet. N\u00e5gon b\u00f6r f\u00e5 sparken fr\u00e5n Kombilotteriet. Sm\u00e5folkspartier ska inte berika sig genom att st\u00f6rta fattigt folk i f\u00f6rd\u00e4rvet. D\u00e5 &hellip; <a href=\"https:\/\/sven-ove.nu\/?p=18309\" class=\"more-link\">Forts\u00e4tt l\u00e4sa <span class=\"screen-reader-text\">Sm\u00e5folk och andra<\/span><\/a><\/p>\n","protected":false},"author":1,"featured_media":0,"comment_status":"open","ping_status":"open","sticky":false,"template":"","format":"standard","meta":{"_crdt_document":"","_monsterinsights_skip_tracking":false,"_monsterinsights_sitenote_active":false,"_monsterinsights_sitenote_note":"","_monsterinsights_sitenote_category":0,"footnotes":""},"categories":[9],"tags":[16,18],"class_list":["post-18309","post","type-post","status-publish","format-standard","hentry","category-politik","tag-dumheter","tag-lardomar"],"_links":{"self":[{"href":"https:\/\/sven-ove.nu\/index.php?rest_route=\/wp\/v2\/posts\/18309","targetHints":{"allow":["GET"]}}],"collection":[{"href":"https:\/\/sven-ove.nu\/index.php?rest_route=\/wp\/v2\/posts"}],"about":[{"href":"https:\/\/sven-ove.nu\/index.php?rest_route=\/wp\/v2\/types\/post"}],"author":[{"embeddable":true,"href":"https:\/\/sven-ove.nu\/index.php?rest_route=\/wp\/v2\/users\/1"}],"replies":[{"embeddable":true,"href":"https:\/\/sven-ove.nu\/index.php?rest_route=%2Fwp%2Fv2%2Fcomments&post=18309"}],"version-history":[{"count":8,"href":"https:\/\/sven-ove.nu\/index.php?rest_route=\/wp\/v2\/posts\/18309\/revisions"}],"predecessor-version":[{"id":18318,"href":"https:\/\/sven-ove.nu\/index.php?rest_route=\/wp\/v2\/posts\/18309\/revisions\/18318"}],"wp:attachment":[{"href":"https:\/\/sven-ove.nu\/index.php?rest_route=%2Fwp%2Fv2%2Fmedia&parent=18309"}],"wp:term":[{"taxonomy":"category","embeddable":true,"href":"https:\/\/sven-ove.nu\/index.php?rest_route=%2Fwp%2Fv2%2Fcategories&post=18309"},{"taxonomy":"post_tag","embeddable":true,"href":"https:\/\/sven-ove.nu\/index.php?rest_route=%2Fwp%2Fv2%2Ftags&post=18309"}],"curies":[{"name":"wp","href":"https:\/\/api.w.org\/{rel}","templated":true}]}}