{"id":18324,"date":"2017-09-12T04:05:27","date_gmt":"2017-09-12T03:05:27","guid":{"rendered":"http:\/\/sven-ove.nu\/?p=18324"},"modified":"2017-09-11T16:16:30","modified_gmt":"2017-09-11T15:16:30","slug":"tycker-inte-om-tycker-mycket-om-tycker-sarskilt-mycket-om","status":"publish","type":"post","link":"https:\/\/sven-ove.nu\/?p=18324","title":{"rendered":"Tycker inte om, tycker mycket om, tycker s\u00e4rskilt mycket om"},"content":{"rendered":"<p><a href=\"https:\/\/sven-ove.nu\/wp-content\/uploads\/2014\/08\/FNL-m\u00e4rke.jpg\"><img loading=\"lazy\" decoding=\"async\" class=\"size-medium wp-image-9397 alignnone\" src=\"https:\/\/sven-ove.nu\/wp-content\/uploads\/2014\/08\/FNL-m\u00e4rke-300x255.jpg\" alt=\"\" width=\"300\" height=\"255\" srcset=\"https:\/\/sven-ove.nu\/wp-content\/uploads\/2014\/08\/FNL-m\u00e4rke-300x255.jpg 300w, https:\/\/sven-ove.nu\/wp-content\/uploads\/2014\/08\/FNL-m\u00e4rke.jpg 902w\" sizes=\"auto, (max-width: 300px) 100vw, 300px\" \/><\/a><\/p>\n<blockquote><p>En smart blogg b\u00f6r handla om ett enda \u00e4mne och bara det. Samma sak g\u00e4ller varje enstaka inl\u00e4gg. Men vem har sagt att en m\u00e5ste vara smart?<\/p>\n<p>Tre \u00e4mnen upptar mitt sinne dessa dagar. Hasse Alfredson, \u00e5rtalet 1968 och svensk nyhetsv\u00e4rdering.<\/p><\/blockquote>\n<p>F\u00f6rst nyhetsv\u00e4rderingen. Den klassiska huvudregeln lyder m\u00e4nniska-konflikt-n\u00e4rhet, plus att det som h\u00e4nt ska ha h\u00e4nt nyss eller allra helst h\u00e4nda nu, i direkts\u00e4ndning. N\u00e4rheten \u00e4r ofta geografisk men kan ocks\u00e5 vara kulturell. Det \u00e4r d\u00e4rf\u00f6r en terrorhandling i Paris f\u00e5r st\u00f6rre rubriker \u00e4n en likadan i Istanbul. F\u00f6r att inte tala om hur en orkan\u00a0med \u00f6versv\u00e4mningar i Florida f\u00e5r timvis med mer tid \u00e4n en m\u00e5ngdubbelt v\u00e4rre m\u00e4nsklig katastrof i <span style=\"color: #0000ff;\"><a style=\"color: #0000ff;\" href=\"http:\/\/www.aftonbladet.se\/nyheter\/a\/OMznk\/tusentals-doda-i-monsunregn\">Bangladesh<\/a><\/span> och dess grannl\u00e4nder.<\/p>\n<p>Om detta tycker jag inte.<\/p>\n<p><strong>L\u00e4rde svenska folket t\u00e4nka kritiskt<br \/>\n<\/strong>S\u00e5 till det ber\u00f6mda \u00e5ret 1968. Femtio\u00e5rsjubileet tycks redan ha b\u00f6rjat, med b\u00f6cker om den tiden och med allt fler artiklar som ber\u00e4ttar att n\u00e4sta \u00e5r du, <em>d\u00e5<\/em> kommer det artiklar.<\/p>\n<p>N\u00e5, om denna milstolpe kan jag ber\u00e4tta, ty jag var med. I sj\u00e4lva verket p\u00e5gick upprors\u00e5ret 1968 ungef\u00e4r mellan 1966 och 1974. V\u00e5r familjs sm\u00e5jordbruk blev bortrationaliserat p\u00e5 grund av jordbrukspolitiken, i Vietnam f\u00f6rs\u00f6kte imperialistiska krigsherrar fr\u00e5n USA kuva ett fattigt bondefolk och i den svenska debatten ifr\u00e5gasattes massor av gamla sanningar. Nyss hade vi f\u00e5tt en ungdomskultur, p\u00e5 musikens omr\u00e5de stod striden k\u00e4rv mellan ABBA-musiken och proggen. Allt detta p\u00e5verkade den arge unge mannen som var jag. L\u00f6sningarna fanns i r\u00f6da b\u00f6cker och program och demonstrationst\u00e5gen gick t\u00e4tt p\u00e5 Karlstads gator. En h\u00e4rlig tid, fylld av framtidstro.<\/p>\n<p>Efter n\u00e5gra \u00e5r ins\u00e5g jag att en del av v\u00e5ra l\u00f6sningar var alltf\u00f6r enkla och ibland odemokratiska &#8211; men ifr\u00e5gas\u00e4ttandet har jag kvar. Allt \u00e4r inte sant f\u00f6r att det kommer fr\u00e5n maktens talarstolar.<\/p>\n<p>Det \u00e4r r\u00e4tt att g\u00f6ra uppror, den tanken fick vi att sl\u00e5 rot hos svenska folket. T\u00e4nk kritiskt. I dag kan \u00e4ven svenska b\u00f6nder och f\u00f6retagare t\u00e4nka sig att g\u00e5 ut p\u00e5 gator och torg och agitera och demonstrera. Den kritiska h\u00e5llningen \u00e4r ett arv fr\u00e5n 1968. \u00c5ret d\u00e5 solidaritet blev fr\u00e4msta honn\u00f6rsordet.<\/p>\n<p>Om det tycker jag. Mycket.<\/p>\n<p><strong>F\u00f6rsta kravet p\u00e5 en komiker<br \/>\n<\/strong>Slutligen Hasse Alfredson som avled h\u00e4romdagen. Det var en sorgens dag f\u00f6r alla oss som tycker om universalgeniet Hasse. M\u00e4staren p\u00e5 allt fr\u00e5n limerickar till s\u00e5d\u00e4r en 1 300 Lindemanska improvisationer. Revyer, romaner, filmer, sk\u00e5despeleri \u2013 han beh\u00e4rskade s\u00e5 mycket. Karln som l\u00e4rde oss att humor \u00e4r en allvarlig sak och att f\u00f6rsta kravet p\u00e5 en god komiker \u00e4r att han b\u00f6r vara humanist och demokrat och ha en ryggrad. Du kan inte skoja \u00e5t alla h\u00e5ll, hur som helst. God satir ska riktas upp\u00e5t, v\u00e4nder du den ned\u00e5t blir det folkf\u00f6rakt.<\/p>\n<p>Det kom andra efter honom som saknade den ryggraden. Gudskelov har det dykt upp en och annan vettig arvtagare p\u00e5 senare \u00e5r. N\u00e5gra av de klokare st\u00e5uppkomikerna.<\/p>\n<p>Om Hasse tycker jag s\u00e4rskilt mycket.<\/p>\n<p><a href=\"https:\/\/sven-ove.nu\/wp-content\/uploads\/2017\/09\/Hasse-A-dikt.jpg\"><img loading=\"lazy\" decoding=\"async\" class=\"size-large wp-image-18329 alignnone\" src=\"https:\/\/sven-ove.nu\/wp-content\/uploads\/2017\/09\/Hasse-A-dikt-1024x1024.jpg\" alt=\"\" width=\"660\" height=\"660\" srcset=\"https:\/\/sven-ove.nu\/wp-content\/uploads\/2017\/09\/Hasse-A-dikt-1024x1024.jpg 1024w, https:\/\/sven-ove.nu\/wp-content\/uploads\/2017\/09\/Hasse-A-dikt-150x150.jpg 150w, https:\/\/sven-ove.nu\/wp-content\/uploads\/2017\/09\/Hasse-A-dikt-300x300.jpg 300w, https:\/\/sven-ove.nu\/wp-content\/uploads\/2017\/09\/Hasse-A-dikt-768x768.jpg 768w, https:\/\/sven-ove.nu\/wp-content\/uploads\/2017\/09\/Hasse-A-dikt.jpg 1280w\" sizes=\"auto, (max-width: 660px) 100vw, 660px\" \/><\/a><\/p>\n<p><em><span style=\"color: #ff6600;\"><strong>###<\/strong><\/span> Vila i frid skriver jag inte, f\u00f6r jag tror inte p\u00e5 \u00f6vernaturligheter. Jag k\u00e4nner inte m\u00e5nga 68:or som g\u00f6r det.<br \/>\n<\/em><em><span style=\"color: #ff6600;\"><strong>###<\/strong><\/span> Men stort tack f\u00f6r det du gjorde. Nu ska jag <span style=\"color: #0000ff;\"><a style=\"color: #0000ff;\" href=\"https:\/\/www.youtube.com\/watch?v=d9_3NT_141U\">titta<\/a><\/span>\u00a0<span style=\"color: #0000ff;\"><a style=\"color: #0000ff;\" href=\"http:\/\/www.vi-tidningen.se\/bilder-ur-ett-komikerliv\/\">igen<\/a><\/span>.<\/em><\/p>\n<p style=\"text-align: right;\"><em>Tidningsklippet med Hasse Alfredsons dikt \u00e4r<br \/>\nfr\u00e5n\u00a0Expressen\u00a0den 7:e november 1973.\u00a0Tack<br \/>\nMaria Robsahm som tog reda p\u00e5 datumet.<\/em><\/p>\n<p><span style=\"color: #0000ff;\"><a style=\"color: #0000ff;\" href=\"https:\/\/sven-ove.nu\/\">Hem<\/a><\/span>\u00a0|\u00a0<span style=\"color: #0000ff;\"><a style=\"color: #0000ff;\" href=\"https:\/\/sven-ove.nu\/?page_id=170\">Om mig<\/a><\/span>\u00a0|\u00a0<span style=\"color: #0000ff;\"><a style=\"color: #0000ff;\" href=\"https:\/\/sven-ove.nu\/?page_id=1385\">Skriva &amp; prata<\/a><\/span>\u00a0|\u00a0<span style=\"color: #0000ff;\"><a style=\"color: #0000ff;\" href=\"https:\/\/sven-ove.nu\/?page_id=100\">Politik<\/a><\/span>\u00a0|\u00a0<span style=\"color: #0000ff;\"><a style=\"color: #0000ff;\" href=\"https:\/\/sven-ove.nu\/?page_id=102\">L\u00f6pa<\/a><\/span>\u00a0|\u00a0<span style=\"color: #0000ff;\"><a style=\"color: #0000ff;\" href=\"https:\/\/sven-ove.nu\/?page_id=108\">Viktor Root<\/a><\/span>\u00a0| <a href=\"https:\/\/sven-ove.nu\/?page_id=15908\"><span style=\"color: #0000ff;\">Firman<\/span>\u00a0<\/a>|\u00a0<span style=\"color: #0000ff;\"><a style=\"color: #0000ff;\" href=\"https:\/\/sven-ove.nu\/?page_id=15638\">K\u00f4ppra<\/a><\/span> <em>(c) Sven-Ove Svensson<\/em><\/p>\n","protected":false},"excerpt":{"rendered":"<p>En smart blogg b\u00f6r handla om ett enda \u00e4mne och bara det. Samma sak g\u00e4ller varje enstaka inl\u00e4gg. Men vem har sagt att en m\u00e5ste vara smart? Tre \u00e4mnen upptar mitt sinne dessa dagar. Hasse Alfredson, \u00e5rtalet 1968 och svensk nyhetsv\u00e4rdering. F\u00f6rst nyhetsv\u00e4rderingen. Den klassiska huvudregeln lyder m\u00e4nniska-konflikt-n\u00e4rhet, plus att det som h\u00e4nt ska ha &hellip; <a href=\"https:\/\/sven-ove.nu\/?p=18324\" class=\"more-link\">Forts\u00e4tt l\u00e4sa <span class=\"screen-reader-text\">Tycker inte om, tycker mycket om, tycker s\u00e4rskilt mycket om<\/span><\/a><\/p>\n","protected":false},"author":1,"featured_media":0,"comment_status":"open","ping_status":"open","sticky":false,"template":"","format":"standard","meta":{"_crdt_document":"","_monsterinsights_skip_tracking":false,"_monsterinsights_sitenote_active":false,"_monsterinsights_sitenote_note":"","_monsterinsights_sitenote_category":0,"footnotes":""},"categories":[10,28,9,4],"tags":[8,18,14,15,17],"class_list":["post-18324","post","type-post","status-publish","format-standard","hentry","category-familjen","category-kreativt-folk","category-politik","category-skrivande","tag-historia","tag-lardomar","tag-lasning","tag-mediedjungeln","tag-solidaritet"],"_links":{"self":[{"href":"https:\/\/sven-ove.nu\/index.php?rest_route=\/wp\/v2\/posts\/18324","targetHints":{"allow":["GET"]}}],"collection":[{"href":"https:\/\/sven-ove.nu\/index.php?rest_route=\/wp\/v2\/posts"}],"about":[{"href":"https:\/\/sven-ove.nu\/index.php?rest_route=\/wp\/v2\/types\/post"}],"author":[{"embeddable":true,"href":"https:\/\/sven-ove.nu\/index.php?rest_route=\/wp\/v2\/users\/1"}],"replies":[{"embeddable":true,"href":"https:\/\/sven-ove.nu\/index.php?rest_route=%2Fwp%2Fv2%2Fcomments&post=18324"}],"version-history":[{"count":14,"href":"https:\/\/sven-ove.nu\/index.php?rest_route=\/wp\/v2\/posts\/18324\/revisions"}],"predecessor-version":[{"id":18339,"href":"https:\/\/sven-ove.nu\/index.php?rest_route=\/wp\/v2\/posts\/18324\/revisions\/18339"}],"wp:attachment":[{"href":"https:\/\/sven-ove.nu\/index.php?rest_route=%2Fwp%2Fv2%2Fmedia&parent=18324"}],"wp:term":[{"taxonomy":"category","embeddable":true,"href":"https:\/\/sven-ove.nu\/index.php?rest_route=%2Fwp%2Fv2%2Fcategories&post=18324"},{"taxonomy":"post_tag","embeddable":true,"href":"https:\/\/sven-ove.nu\/index.php?rest_route=%2Fwp%2Fv2%2Ftags&post=18324"}],"curies":[{"name":"wp","href":"https:\/\/api.w.org\/{rel}","templated":true}]}}