{"id":18340,"date":"2017-09-13T03:08:36","date_gmt":"2017-09-13T02:08:36","guid":{"rendered":"http:\/\/sven-ove.nu\/?p=18340"},"modified":"2017-09-12T13:13:49","modified_gmt":"2017-09-12T12:13:49","slug":"varmland-runt-pa-skordetroska","status":"publish","type":"post","link":"https:\/\/sven-ove.nu\/?p=18340","title":{"rendered":"V\u00e4rmland runt p\u00e5 sk\u00f6rdetr\u00f6ska"},"content":{"rendered":"<blockquote><p>&#8211; Du str\u00e4var efter st\u00e4ndigt mindre upplagor\u2026 sa kollegan.<\/p><\/blockquote>\n<p>Platsen var FOJO i Kalmar, h\u00f6gskolans institution f\u00f6r fortbildning av journalister. Jag ledde kurs i Levande reportage och var som ofta yngst i klassrummet.<\/p>\n<p>Visst l\u00e5g det en del i vad han sa, den garvade kollegan fr\u00e5n G\u00f6teborg. Status har jag s\u00e4llan sneglat p\u00e5, d\u00e4remot p\u00e5 trivseln. Redaktionell avundsjuka \u00e4r jag allergisk emot.<\/p>\n<p><strong>B\u00e4sta personaltidningen<br \/>\n<\/strong>Ett tag h\u00f6ll min forne arbetsgivare V\u00e4rmlands Folkblad sig med en l\u00f6rdagsbilaga vid namn H\u00e4lja. Legenden Leif Kihlstr\u00f6m var redakt\u00f6r och jag en av kr\u00f6nik\u00f6rerna.<\/p>\n<p>Sedan slutade jag och bytte tidning. Men bytte snart igen. D\u00e5 kom det en notis i H\u00e4lja, f\u00f6r journalister tycker om att ha koll p\u00e5 varandra. N\u00e4r jag jobbade p\u00e5 konkurrenten NWT brukade vi s\u00e4ga att just H\u00e4lja var v\u00e5r b\u00e4sta personaltidning.<\/p>\n<p>Notisen dyker upp n\u00e4r jag d\u00f6\u2019st\u00e4dar. Ett skojigt reportageuppslag, men varf\u00f6r sparar jag p\u00e5 s\u00e5nt h\u00e4r?<\/p>\n<p><a href=\"https:\/\/sven-ove.nu\/wp-content\/uploads\/2017\/09\/Sk\u00f6rdetr\u00f6ska.jpg\"><img loading=\"lazy\" decoding=\"async\" class=\"size-large wp-image-18343 alignnone\" src=\"https:\/\/sven-ove.nu\/wp-content\/uploads\/2017\/09\/Sk\u00f6rdetr\u00f6ska-754x1024.jpg\" alt=\"\" width=\"660\" height=\"896\" srcset=\"https:\/\/sven-ove.nu\/wp-content\/uploads\/2017\/09\/Sk\u00f6rdetr\u00f6ska-754x1024.jpg 754w, https:\/\/sven-ove.nu\/wp-content\/uploads\/2017\/09\/Sk\u00f6rdetr\u00f6ska-221x300.jpg 221w, https:\/\/sven-ove.nu\/wp-content\/uploads\/2017\/09\/Sk\u00f6rdetr\u00f6ska-768x1044.jpg 768w, https:\/\/sven-ove.nu\/wp-content\/uploads\/2017\/09\/Sk\u00f6rdetr\u00f6ska.jpg 942w\" sizes=\"auto, (max-width: 660px) 100vw, 660px\" \/><\/a><\/p>\n<p><span style=\"color: #0000ff;\"><a style=\"color: #0000ff;\" href=\"https:\/\/sven-ove.nu\/\">Hem<\/a><\/span>\u00a0|\u00a0<span style=\"color: #0000ff;\"><a style=\"color: #0000ff;\" href=\"https:\/\/sven-ove.nu\/?page_id=170\">Om mig<\/a><\/span>\u00a0|\u00a0<span style=\"color: #0000ff;\"><a style=\"color: #0000ff;\" href=\"https:\/\/sven-ove.nu\/?page_id=1385\">Skriva &amp; prata<\/a><\/span>\u00a0|\u00a0<span style=\"color: #0000ff;\"><a style=\"color: #0000ff;\" href=\"https:\/\/sven-ove.nu\/?page_id=100\">Politik<\/a><\/span>\u00a0|\u00a0<span style=\"color: #0000ff;\"><a style=\"color: #0000ff;\" href=\"https:\/\/sven-ove.nu\/?page_id=102\">L\u00f6pa<\/a><\/span>\u00a0|\u00a0<span style=\"color: #0000ff;\"><a style=\"color: #0000ff;\" href=\"https:\/\/sven-ove.nu\/?page_id=108\">Viktor Root<\/a><\/span>\u00a0| <a href=\"https:\/\/sven-ove.nu\/?page_id=15908\"><span style=\"color: #0000ff;\">Firman<\/span>\u00a0<\/a>|\u00a0<span style=\"color: #0000ff;\"><a style=\"color: #0000ff;\" href=\"https:\/\/sven-ove.nu\/?page_id=15638\">K\u00f4ppra<\/a><\/span>\u00a0\u00a0 <em>(c) Sven-Ove Svensson<\/em><\/p>\n","protected":false},"excerpt":{"rendered":"<p>&#8211; Du str\u00e4var efter st\u00e4ndigt mindre upplagor\u2026 sa kollegan. Platsen var FOJO i Kalmar, h\u00f6gskolans institution f\u00f6r fortbildning av journalister. Jag ledde kurs i Levande reportage och var som ofta yngst i klassrummet. Visst l\u00e5g det en del i vad han sa, den garvade kollegan fr\u00e5n G\u00f6teborg. Status har jag s\u00e4llan sneglat p\u00e5, d\u00e4remot p\u00e5 &hellip; <a href=\"https:\/\/sven-ove.nu\/?p=18340\" class=\"more-link\">Forts\u00e4tt l\u00e4sa <span class=\"screen-reader-text\">V\u00e4rmland runt p\u00e5 sk\u00f6rdetr\u00f6ska<\/span><\/a><\/p>\n","protected":false},"author":1,"featured_media":0,"comment_status":"open","ping_status":"open","sticky":false,"template":"","format":"standard","meta":{"_crdt_document":"","_monsterinsights_skip_tracking":false,"_monsterinsights_sitenote_active":false,"_monsterinsights_sitenote_note":"","_monsterinsights_sitenote_category":0,"footnotes":""},"categories":[28,4],"tags":[3,15],"class_list":["post-18340","post","type-post","status-publish","format-standard","hentry","category-kreativt-folk","category-skrivande","tag-arbete","tag-mediedjungeln"],"_links":{"self":[{"href":"https:\/\/sven-ove.nu\/index.php?rest_route=\/wp\/v2\/posts\/18340","targetHints":{"allow":["GET"]}}],"collection":[{"href":"https:\/\/sven-ove.nu\/index.php?rest_route=\/wp\/v2\/posts"}],"about":[{"href":"https:\/\/sven-ove.nu\/index.php?rest_route=\/wp\/v2\/types\/post"}],"author":[{"embeddable":true,"href":"https:\/\/sven-ove.nu\/index.php?rest_route=\/wp\/v2\/users\/1"}],"replies":[{"embeddable":true,"href":"https:\/\/sven-ove.nu\/index.php?rest_route=%2Fwp%2Fv2%2Fcomments&post=18340"}],"version-history":[{"count":6,"href":"https:\/\/sven-ove.nu\/index.php?rest_route=\/wp\/v2\/posts\/18340\/revisions"}],"predecessor-version":[{"id":18347,"href":"https:\/\/sven-ove.nu\/index.php?rest_route=\/wp\/v2\/posts\/18340\/revisions\/18347"}],"wp:attachment":[{"href":"https:\/\/sven-ove.nu\/index.php?rest_route=%2Fwp%2Fv2%2Fmedia&parent=18340"}],"wp:term":[{"taxonomy":"category","embeddable":true,"href":"https:\/\/sven-ove.nu\/index.php?rest_route=%2Fwp%2Fv2%2Fcategories&post=18340"},{"taxonomy":"post_tag","embeddable":true,"href":"https:\/\/sven-ove.nu\/index.php?rest_route=%2Fwp%2Fv2%2Ftags&post=18340"}],"curies":[{"name":"wp","href":"https:\/\/api.w.org\/{rel}","templated":true}]}}