{"id":18349,"date":"2017-09-14T08:36:07","date_gmt":"2017-09-14T07:36:07","guid":{"rendered":"http:\/\/sven-ove.nu\/?p=18349"},"modified":"2017-09-14T08:40:26","modified_gmt":"2017-09-14T07:40:26","slug":"tecken-pa-att-det-gar-framat","status":"publish","type":"post","link":"https:\/\/sven-ove.nu\/?p=18349","title":{"rendered":"Tecken p\u00e5 att det g\u00e5r fram\u00e5t"},"content":{"rendered":"<p style=\"padding-left: 30px;\"><a href=\"https:\/\/sven-ove.nu\/wp-content\/uploads\/2017\/06\/Tr\u00e4det.jpg\"><img loading=\"lazy\" decoding=\"async\" class=\"size-medium wp-image-17945 alignnone\" src=\"https:\/\/sven-ove.nu\/wp-content\/uploads\/2017\/06\/Tr\u00e4det-300x300.jpg\" alt=\"\" width=\"300\" height=\"300\" srcset=\"https:\/\/sven-ove.nu\/wp-content\/uploads\/2017\/06\/Tr\u00e4det-300x300.jpg 300w, https:\/\/sven-ove.nu\/wp-content\/uploads\/2017\/06\/Tr\u00e4det-150x150.jpg 150w, https:\/\/sven-ove.nu\/wp-content\/uploads\/2017\/06\/Tr\u00e4det-768x768.jpg 768w, https:\/\/sven-ove.nu\/wp-content\/uploads\/2017\/06\/Tr\u00e4det-1024x1024.jpg 1024w, https:\/\/sven-ove.nu\/wp-content\/uploads\/2017\/06\/Tr\u00e4det.jpg 1280w\" sizes=\"auto, (max-width: 300px) 100vw, 300px\" \/><\/a><\/p>\n<p>N\u00e4r du l\u00e4r dig st\u00e4lla in sk\u00e4rpan p\u00e5 mobilkameran.<br \/>\nN\u00e4r du k\u00f6per ditt livs f\u00f6rsta vadarst\u00f6vlar.<br \/>\nN\u00e4r du blir inr\u00f6stad i en diskussionsgrupp.<br \/>\nN\u00e4r du l\u00e4r dig en ny fj\u00e4rilsort.<br \/>\nN\u00e4r du hittar den viktigaste bok du hittills l\u00e4st.<br \/>\nN\u00e4r du visslar d\u00e5 du g\u00e5r upp i s\u00e4ngkammaren f\u00f6r att vila middag.<br \/>\nN\u00e4r du har tid att vila middag.<\/p>\n<p>Check.<\/p>\n","protected":false},"excerpt":{"rendered":"<p>N\u00e4r du l\u00e4r dig st\u00e4lla in sk\u00e4rpan p\u00e5 mobilkameran. N\u00e4r du k\u00f6per ditt livs f\u00f6rsta vadarst\u00f6vlar. N\u00e4r du blir inr\u00f6stad i en diskussionsgrupp. N\u00e4r du l\u00e4r dig en ny fj\u00e4rilsort. N\u00e4r du hittar den viktigaste bok du hittills l\u00e4st. N\u00e4r du visslar d\u00e5 du g\u00e5r upp i s\u00e4ngkammaren f\u00f6r att vila middag. N\u00e4r du har &hellip; <a href=\"https:\/\/sven-ove.nu\/?p=18349\" class=\"more-link\">Forts\u00e4tt l\u00e4sa <span class=\"screen-reader-text\">Tecken p\u00e5 att det g\u00e5r fram\u00e5t<\/span><\/a><\/p>\n","protected":false},"author":1,"featured_media":0,"comment_status":"open","ping_status":"open","sticky":false,"template":"","format":"standard","meta":{"_crdt_document":"","_monsterinsights_skip_tracking":false,"_monsterinsights_sitenote_active":false,"_monsterinsights_sitenote_note":"","_monsterinsights_sitenote_category":0,"footnotes":""},"categories":[6],"tags":[24,18,14,13],"class_list":["post-18349","post","type-post","status-publish","format-standard","hentry","category-natur","tag-karlek","tag-lardomar","tag-lasning","tag-utrustning"],"_links":{"self":[{"href":"https:\/\/sven-ove.nu\/index.php?rest_route=\/wp\/v2\/posts\/18349","targetHints":{"allow":["GET"]}}],"collection":[{"href":"https:\/\/sven-ove.nu\/index.php?rest_route=\/wp\/v2\/posts"}],"about":[{"href":"https:\/\/sven-ove.nu\/index.php?rest_route=\/wp\/v2\/types\/post"}],"author":[{"embeddable":true,"href":"https:\/\/sven-ove.nu\/index.php?rest_route=\/wp\/v2\/users\/1"}],"replies":[{"embeddable":true,"href":"https:\/\/sven-ove.nu\/index.php?rest_route=%2Fwp%2Fv2%2Fcomments&post=18349"}],"version-history":[{"count":3,"href":"https:\/\/sven-ove.nu\/index.php?rest_route=\/wp\/v2\/posts\/18349\/revisions"}],"predecessor-version":[{"id":18352,"href":"https:\/\/sven-ove.nu\/index.php?rest_route=\/wp\/v2\/posts\/18349\/revisions\/18352"}],"wp:attachment":[{"href":"https:\/\/sven-ove.nu\/index.php?rest_route=%2Fwp%2Fv2%2Fmedia&parent=18349"}],"wp:term":[{"taxonomy":"category","embeddable":true,"href":"https:\/\/sven-ove.nu\/index.php?rest_route=%2Fwp%2Fv2%2Fcategories&post=18349"},{"taxonomy":"post_tag","embeddable":true,"href":"https:\/\/sven-ove.nu\/index.php?rest_route=%2Fwp%2Fv2%2Ftags&post=18349"}],"curies":[{"name":"wp","href":"https:\/\/api.w.org\/{rel}","templated":true}]}}