{"id":18392,"date":"2017-09-26T04:01:59","date_gmt":"2017-09-26T03:01:59","guid":{"rendered":"http:\/\/sven-ove.nu\/?p=18392"},"modified":"2017-09-25T06:42:58","modified_gmt":"2017-09-25T05:42:58","slug":"marken-fryser-till-is","status":"publish","type":"post","link":"https:\/\/sven-ove.nu\/?p=18392","title":{"rendered":"Marken fryser till is"},"content":{"rendered":"<p><a href=\"https:\/\/sven-ove.nu\/wp-content\/uploads\/2017\/09\/Hotet.jpeg\"><img loading=\"lazy\" decoding=\"async\" class=\"size-large wp-image-18394 alignnone\" src=\"https:\/\/sven-ove.nu\/wp-content\/uploads\/2017\/09\/Hotet-1024x768.jpeg\" alt=\"\" width=\"660\" height=\"495\" srcset=\"https:\/\/sven-ove.nu\/wp-content\/uploads\/2017\/09\/Hotet.jpeg 1024w, https:\/\/sven-ove.nu\/wp-content\/uploads\/2017\/09\/Hotet-300x225.jpeg 300w, https:\/\/sven-ove.nu\/wp-content\/uploads\/2017\/09\/Hotet-768x576.jpeg 768w\" sizes=\"auto, (max-width: 660px) 100vw, 660px\" \/><\/a><\/p>\n<p>Det \u00e4r synd om M\u00e5rran.<\/p>\n<p><span style=\"color: #ff6600;\">***<\/span><\/p>\n<p>Den som s\u00e4ger \u201df\u00f6r\u00e4ndra\u201d menar ibland \u201df\u00f6rs\u00e4mra\u201d. Konsten \u00e4r att l\u00e4ra sig inse n\u00e4r han menar vad. Och vem han sj\u00e4lv \u00e4r, som s\u00e4ger det.<\/p>\n<p>Pl\u00f6tsligt h\u00f6r du vad han egentligen p\u00e5st\u00e5r. \u201dFolk m\u00e5ste v\u00e5ga bli lite mer f\u00f6rs\u00e4mringsben\u00e4gna\u201d.<\/p>\n<p>Det m\u00e5ste vi inte alls.<\/p>\n<p><span style=\"color: #ff6600;\">***<\/span><\/p>\n<p>Det \u00e4r synd om M\u00e5rran, denna ensamma vandrare.<br \/>\nMarken fryser till is d\u00e4r hon drar fram.<\/p>\n<p style=\"text-align: right;\"><em>(c) Sven-Ove Svensson<\/em><\/p>\n","protected":false},"excerpt":{"rendered":"<p>Det \u00e4r synd om M\u00e5rran. *** Den som s\u00e4ger \u201df\u00f6r\u00e4ndra\u201d menar ibland \u201df\u00f6rs\u00e4mra\u201d. Konsten \u00e4r att l\u00e4ra sig inse n\u00e4r han menar vad. Och vem han sj\u00e4lv \u00e4r, som s\u00e4ger det. Pl\u00f6tsligt h\u00f6r du vad han egentligen p\u00e5st\u00e5r. \u201dFolk m\u00e5ste v\u00e5ga bli lite mer f\u00f6rs\u00e4mringsben\u00e4gna\u201d. Det m\u00e5ste vi inte alls. *** Det \u00e4r synd om &hellip; <a href=\"https:\/\/sven-ove.nu\/?p=18392\" class=\"more-link\">Forts\u00e4tt l\u00e4sa <span class=\"screen-reader-text\">Marken fryser till is<\/span><\/a><\/p>\n","protected":false},"author":1,"featured_media":0,"comment_status":"open","ping_status":"open","sticky":false,"template":"","format":"standard","meta":{"_crdt_document":"","_monsterinsights_skip_tracking":false,"_monsterinsights_sitenote_active":false,"_monsterinsights_sitenote_note":"","_monsterinsights_sitenote_category":0,"footnotes":""},"categories":[6,9],"tags":[16,18,7,21],"class_list":["post-18392","post","type-post","status-publish","format-standard","hentry","category-natur","category-politik","tag-dumheter","tag-lardomar","tag-miljo","tag-ord"],"_links":{"self":[{"href":"https:\/\/sven-ove.nu\/index.php?rest_route=\/wp\/v2\/posts\/18392","targetHints":{"allow":["GET"]}}],"collection":[{"href":"https:\/\/sven-ove.nu\/index.php?rest_route=\/wp\/v2\/posts"}],"about":[{"href":"https:\/\/sven-ove.nu\/index.php?rest_route=\/wp\/v2\/types\/post"}],"author":[{"embeddable":true,"href":"https:\/\/sven-ove.nu\/index.php?rest_route=\/wp\/v2\/users\/1"}],"replies":[{"embeddable":true,"href":"https:\/\/sven-ove.nu\/index.php?rest_route=%2Fwp%2Fv2%2Fcomments&post=18392"}],"version-history":[{"count":4,"href":"https:\/\/sven-ove.nu\/index.php?rest_route=\/wp\/v2\/posts\/18392\/revisions"}],"predecessor-version":[{"id":18397,"href":"https:\/\/sven-ove.nu\/index.php?rest_route=\/wp\/v2\/posts\/18392\/revisions\/18397"}],"wp:attachment":[{"href":"https:\/\/sven-ove.nu\/index.php?rest_route=%2Fwp%2Fv2%2Fmedia&parent=18392"}],"wp:term":[{"taxonomy":"category","embeddable":true,"href":"https:\/\/sven-ove.nu\/index.php?rest_route=%2Fwp%2Fv2%2Fcategories&post=18392"},{"taxonomy":"post_tag","embeddable":true,"href":"https:\/\/sven-ove.nu\/index.php?rest_route=%2Fwp%2Fv2%2Ftags&post=18392"}],"curies":[{"name":"wp","href":"https:\/\/api.w.org\/{rel}","templated":true}]}}