{"id":18398,"date":"2017-09-27T04:09:50","date_gmt":"2017-09-27T03:09:50","guid":{"rendered":"http:\/\/sven-ove.nu\/?p=18398"},"modified":"2017-09-26T11:17:13","modified_gmt":"2017-09-26T10:17:13","slug":"de-langa-kalsongernas-natt","status":"publish","type":"post","link":"https:\/\/sven-ove.nu\/?p=18398","title":{"rendered":"De l\u00e5nga kalsongernas natt"},"content":{"rendered":"<p><a href=\"https:\/\/sven-ove.nu\/wp-content\/uploads\/2013\/12\/Sn\u00f6g.jpg\"><img loading=\"lazy\" decoding=\"async\" class=\"size-large wp-image-7754 alignnone\" src=\"https:\/\/sven-ove.nu\/wp-content\/uploads\/2013\/12\/Sn\u00f6g-1024x613.jpg\" alt=\"\" width=\"660\" height=\"395\" srcset=\"https:\/\/sven-ove.nu\/wp-content\/uploads\/2013\/12\/Sn\u00f6g-1024x613.jpg 1024w, https:\/\/sven-ove.nu\/wp-content\/uploads\/2013\/12\/Sn\u00f6g-300x179.jpg 300w\" sizes=\"auto, (max-width: 660px) 100vw, 660px\" \/><\/a><\/p>\n<blockquote><p>Snart kommer de l\u00e5nga kalsongernas natt, skriver en v\u00e4n, ty s\u00e5 sa hennes pappa.<\/p>\n<p>V\u00e4nta, det sa ju min ocks\u00e5. Var fick v\u00e5ra f\u00e4der det uttrycket ifr\u00e5n?<\/p><\/blockquote>\n<p>Nu h\u00f6r det till saken att jag gillar vintern. November har ocks\u00e5 sin charm f\u00f6r en njutande sj\u00e4lvpl\u00e5gare med l\u00f6parskor. N\u00e5, mitt andra intresse \u00e4r bokst\u00e4ver, ord och uttryck. Hur kan det komma sig att ett s\u00e5 speciellt uttryck s\u00e4tter sig tillr\u00e4tta i folkmun?<\/p>\n<p>Vi googlar f\u00f6rst\u00e5s, b\u00e5de hon och jag. 72 200 tr\u00e4ffar tyder p\u00e5 att vi f\u00f6rmodligen har vintrar ibland i detta land. D\u00e5 sn\u00e4var jag in s\u00f6kningen en aning och se: nu vet jag vem som hittade p\u00e5 det.<\/p>\n<p>Klicka och lyssna. Du beh\u00f6ver inte ens lyssna p\u00e5 kupletten som John Elfstr\u00f6m sjunger, om du inte beundrar hans s\u00e5ngf\u00f6rm\u00e5ga. Svaret kommer redan i presentationen.<\/p>\n<p>Ett bra uttryck \u00e4r det. Vart tog f\u00f6rresten alla kamelh\u00e5rskalsonger v\u00e4gen? Nuf\u00f6rtiden ser jag dem aldrig i n\u00e5gon annons.<\/p>\n<p>Lyssna nu: <span style=\"color: #0000ff;\"><strong><a style=\"color: #0000ff;\" href=\"https:\/\/www.youtube.com\/watch?v=HvBVlNNXfR4\">De l\u00e5nga kalsongernas natt<\/a><\/strong><\/span><\/p>\n<p><em><span style=\"color: #ff6600;\"><strong>###<\/strong><\/span> Lorens Marmstedt var regiss\u00f6r, manusf\u00f6rfattare och filmproducent.<br \/>\n<\/em><em><span style=\"color: #ff6600;\"><strong>###<\/strong><\/span> G\u00f6sta Stevens var journalist, manusf\u00f6rfattare, regiss\u00f6r, s\u00e5ngtextf\u00f6rfattare och \u00f6vers\u00e4ttare.<\/em><\/p>\n<p><span style=\"color: #0000ff;\"><a style=\"color: #0000ff;\" href=\"https:\/\/sven-ove.nu\/\">Hem<\/a><\/span>\u00a0|\u00a0<span style=\"color: #0000ff;\"><a style=\"color: #0000ff;\" href=\"https:\/\/sven-ove.nu\/?page_id=170\">Om mig<\/a><\/span>\u00a0|\u00a0<span style=\"color: #0000ff;\"><a style=\"color: #0000ff;\" href=\"https:\/\/sven-ove.nu\/?page_id=1385\">Skriva &amp; prata<\/a><\/span>\u00a0|\u00a0<span style=\"color: #0000ff;\"><a style=\"color: #0000ff;\" href=\"https:\/\/sven-ove.nu\/?page_id=100\">Politik<\/a><\/span>\u00a0|\u00a0<span style=\"color: #0000ff;\"><a style=\"color: #0000ff;\" href=\"https:\/\/sven-ove.nu\/?page_id=102\">L\u00f6pa<\/a><\/span>\u00a0|\u00a0<span style=\"color: #0000ff;\"><a style=\"color: #0000ff;\" href=\"https:\/\/sven-ove.nu\/?page_id=108\">Viktor Root<\/a><\/span>\u00a0| <a href=\"https:\/\/sven-ove.nu\/?page_id=15908\"><span style=\"color: #0000ff;\">Firman<\/span>\u00a0<\/a>|\u00a0<span style=\"color: #0000ff;\"><a style=\"color: #0000ff;\" href=\"https:\/\/sven-ove.nu\/?page_id=15638\">K\u00f4ppra<\/a><\/span> <em>(c) Sven-Ove Svensson<\/em><\/p>\n","protected":false},"excerpt":{"rendered":"<p>Snart kommer de l\u00e5nga kalsongernas natt, skriver en v\u00e4n, ty s\u00e5 sa hennes pappa. V\u00e4nta, det sa ju min ocks\u00e5. Var fick v\u00e5ra f\u00e4der det uttrycket ifr\u00e5n? Nu h\u00f6r det till saken att jag gillar vintern. November har ocks\u00e5 sin charm f\u00f6r en njutande sj\u00e4lvpl\u00e5gare med l\u00f6parskor. N\u00e5, mitt andra intresse \u00e4r bokst\u00e4ver, ord och &hellip; <a href=\"https:\/\/sven-ove.nu\/?p=18398\" class=\"more-link\">Forts\u00e4tt l\u00e4sa <span class=\"screen-reader-text\">De l\u00e5nga kalsongernas natt<\/span><\/a><\/p>\n","protected":false},"author":1,"featured_media":0,"comment_status":"open","ping_status":"open","sticky":false,"template":"","format":"standard","meta":{"_crdt_document":"","_monsterinsights_skip_tracking":false,"_monsterinsights_sitenote_active":false,"_monsterinsights_sitenote_note":"","_monsterinsights_sitenote_category":0,"footnotes":""},"categories":[28,4],"tags":[8,26,21],"class_list":["post-18398","post","type-post","status-publish","format-standard","hentry","category-kreativt-folk","category-skrivande","tag-historia","tag-natur-2","tag-ord"],"_links":{"self":[{"href":"https:\/\/sven-ove.nu\/index.php?rest_route=\/wp\/v2\/posts\/18398","targetHints":{"allow":["GET"]}}],"collection":[{"href":"https:\/\/sven-ove.nu\/index.php?rest_route=\/wp\/v2\/posts"}],"about":[{"href":"https:\/\/sven-ove.nu\/index.php?rest_route=\/wp\/v2\/types\/post"}],"author":[{"embeddable":true,"href":"https:\/\/sven-ove.nu\/index.php?rest_route=\/wp\/v2\/users\/1"}],"replies":[{"embeddable":true,"href":"https:\/\/sven-ove.nu\/index.php?rest_route=%2Fwp%2Fv2%2Fcomments&post=18398"}],"version-history":[{"count":5,"href":"https:\/\/sven-ove.nu\/index.php?rest_route=\/wp\/v2\/posts\/18398\/revisions"}],"predecessor-version":[{"id":18403,"href":"https:\/\/sven-ove.nu\/index.php?rest_route=\/wp\/v2\/posts\/18398\/revisions\/18403"}],"wp:attachment":[{"href":"https:\/\/sven-ove.nu\/index.php?rest_route=%2Fwp%2Fv2%2Fmedia&parent=18398"}],"wp:term":[{"taxonomy":"category","embeddable":true,"href":"https:\/\/sven-ove.nu\/index.php?rest_route=%2Fwp%2Fv2%2Fcategories&post=18398"},{"taxonomy":"post_tag","embeddable":true,"href":"https:\/\/sven-ove.nu\/index.php?rest_route=%2Fwp%2Fv2%2Ftags&post=18398"}],"curies":[{"name":"wp","href":"https:\/\/api.w.org\/{rel}","templated":true}]}}