{"id":18406,"date":"2017-10-02T11:49:53","date_gmt":"2017-10-02T10:49:53","guid":{"rendered":"http:\/\/sven-ove.nu\/?p=18406"},"modified":"2017-10-02T14:51:43","modified_gmt":"2017-10-02T13:51:43","slug":"slang-dig-i-vaggen-mockfjardsrevolver","status":"publish","type":"post","link":"https:\/\/sven-ove.nu\/?p=18406","title":{"rendered":"Sl\u00e4ng dig i v\u00e4ggen, Mockfj\u00e4rdsrevolver"},"content":{"rendered":"<p><a href=\"https:\/\/sven-ove.nu\/wp-content\/uploads\/2017\/10\/Sjunkvedsfiske.jpg\"><img loading=\"lazy\" decoding=\"async\" class=\"size-full wp-image-18415 alignnone\" src=\"https:\/\/sven-ove.nu\/wp-content\/uploads\/2017\/10\/Sjunkvedsfiske.jpg\" alt=\"\" width=\"525\" height=\"549\" srcset=\"https:\/\/sven-ove.nu\/wp-content\/uploads\/2017\/10\/Sjunkvedsfiske.jpg 525w, https:\/\/sven-ove.nu\/wp-content\/uploads\/2017\/10\/Sjunkvedsfiske-287x300.jpg 287w\" sizes=\"auto, (max-width: 525px) 100vw, 525px\" \/><\/a><\/p>\n<blockquote><p>Fem saker jag l\u00e4rt mig den h\u00e5rda v\u00e4gen de senaste fem dagarna:<\/p><\/blockquote>\n<h4><strong>1. Dra reven r\u00e4tt p\u00e5 nya kastsp\u00f6et<\/strong><\/h4>\n<p>Det \u00e4r inte helt lyckat att missa bygeln vid f\u00f6rsta f\u00f6rs\u00f6ket, jag vevar stolt men inget h\u00e4nder. D\u00e4remot vet jag att det \u00e4r en fin syn f\u00f6r kamraterna n\u00e4r den h\u00e4r n\u00e4rsynte karlen slickar p\u00e5 reven och blundar med ena \u00f6gat f\u00f6r att tr\u00e4 reven genom f\u00f6rsta drygt centimeterstora ringen p\u00e5 sp\u00f6et. Den bilden brukar de se p\u00e5 julafton, h\u00f6r jag hur de t\u00e4nker.<\/p>\n<h4>2. Knyta fast ett drag i \u00e4nden p\u00e5\u00a0reven<\/h4>\n<p>Jo, det ska f\u00e4stas i bortre \u00e4nden, s\u00e5 mycket begriper jag. Inte hitre. Men hur knyta med dessa knubbiga skrivmaskinsfingrar s\u00e5 spinnaren trivs och stannar? Efter tv\u00e5 dagars idogt arbete fr\u00e5n tv\u00e5 medf\u00f6ljande t\u00e5lmodiga fiskdragspedagoger kan jag sj\u00e4lv. Jag kan!<\/p>\n<h4><strong>3. Ta p\u00e5 mig vadarst\u00f6vlarna sj\u00e4lv och vada ut i strida str\u00f6mmar<\/strong><\/h4>\n<p>Asch, det var v\u00e4l inte s\u00e5 sv\u00e5rt? En annan har kl\u00e4tt sig sj\u00e4lv i drygt 60 \u00e5r, den h\u00e4r sparkdr\u00e4kten \u00e4r inte v\u00e4rre \u00e4n m\u00e5nga andra. Fyra millimeter tjock neopren med tv\u00e5 nummer f\u00f6r stora st\u00f6vlar fastsatta nertill sitter som en sm\u00e4ck p\u00e5 min sm\u00e4ckra kropp. Femundens vatten har br\u00e5ttom till Forshaga, den kan en f\u00f6rst\u00e5, medan jag r\u00f6r mig med millimeterkorta steg f\u00f6r glatta livet p\u00e5 \u00e4n glattare stenbumlingar. Hela jag doftar gummifetischist, hur gick det till?<\/p>\n<h4><strong>4. St\u00e5 ut med blickarna n\u00e4r jag halar in v\u00e5r f\u00f6rsta f\u00e5ngst<\/strong><\/h4>\n<p>Han \u00e4r lite sl\u00f6 f\u00f6rst men jag k\u00e4nner hur jag f\u00e5r honom p\u00e5 kroken. Sedan g\u00f6r han desto mer motst\u00e5nd n\u00e4r jag ska b\u00e4rga honom. Harr? \u00d6ring? Nej, men ett fint exemplar av sjunkved. N\u00e4r jag publicerar reseledarens bild (se ovan) p\u00e5 Instagram tycker en kamrat att det ser ut som Mockfj\u00e4rdsrevolvern. F\u00f6rbaske mig har han inte r\u00e4tt.<\/p>\n<h4><strong>5. K\u00e4nna igen ett tydligt h\u00f6stregn<\/strong><\/h4>\n<p>Nu \u00e4r jag hemma sedan ett tag. I kylsk\u00e5pet ligger en kaka <span style=\"color: #0000ff;\"><a style=\"color: #0000ff;\" href=\"http:\/\/www.freia.no\/produkter\">melkesjokolade<\/a><\/span> med den fina norska inskriptionen <em>\u201d<\/em><em>Virker opplivende<\/em><em>\u00a0og bidrar til at bevare sindets munterhet\u201d<\/em><em>.<\/em> B\u00e4ttre kan det inte s\u00e4gas, varje resa till grannlandet i v\u00e4ster virker p\u00e5 den m\u00e5ten.<\/p>\n<p>De senaste dagarna \u00e4r det v\u00e4derforskning jag \u00e4gnar mig \u00e5t. Fortfarande b\u00e4rgar jag rej\u00e4la tr\u00e4stycken, nu till skogs. D\u00e4r \u00e4r det inget stilla v\u00e5rregn som fyller min tillvaro. Det smattrar inte, \u00e5skar inte, vr\u00e4ker inte ner hektolitervis. Det \u00e4r bara ett fint och tydligt exemplar av Oktoberregn Som G\u00f6r Att Du M\u00e5ste Ha Regnkl\u00e4derna P\u00e5 Dig Och D\u00e4rf\u00f6r Blir Bl\u00f6t Inifr\u00e5n Ist\u00e4llet N\u00e4r Du H\u00e4mtar In Kontrollstolpar Fr\u00e5n Friskv\u00e5rdssatsningen Friska Forshaga.<\/p>\n<p>Jag \u00e4lskar det regnet.<br \/>\nViljan vinner och jag \u00e4lskar det.<br \/>\nVatten \u00e4r nyttigt. Vi m\u00e4nniskor best\u00e5r till 60 procent av vatten.<\/p>\n<p>Vi \u00e4r som hittills of\u00e5ngade harrar varenda en. Sl\u00e4ng dig i v\u00e4ggen, Mockfj\u00e4rdsrevolver.<\/p>\n<p style=\"text-align: right;\"><em>Mobilfoto i v\u00e4stligt grannland:<br \/>\nAnders Eriksson<\/em><\/p>\n<p><span style=\"color: #0000ff;\"><a style=\"color: #0000ff;\" href=\"https:\/\/sven-ove.nu\/\">Hem<\/a><\/span>\u00a0|\u00a0<span style=\"color: #0000ff;\"><a style=\"color: #0000ff;\" href=\"https:\/\/sven-ove.nu\/?page_id=170\">Om mig<\/a><\/span>\u00a0|\u00a0<span style=\"color: #0000ff;\"><a style=\"color: #0000ff;\" href=\"https:\/\/sven-ove.nu\/?page_id=1385\">Skriva &amp; prata<\/a><\/span>\u00a0|\u00a0<span style=\"color: #0000ff;\"><a style=\"color: #0000ff;\" href=\"https:\/\/sven-ove.nu\/?page_id=100\">Politik<\/a><\/span>\u00a0|\u00a0<span style=\"color: #0000ff;\"><a style=\"color: #0000ff;\" href=\"https:\/\/sven-ove.nu\/?page_id=102\">L\u00f6pa<\/a><\/span>\u00a0|\u00a0<span style=\"color: #0000ff;\"><a style=\"color: #0000ff;\" href=\"https:\/\/sven-ove.nu\/?page_id=108\">Viktor Root<\/a><\/span>\u00a0| <a href=\"https:\/\/sven-ove.nu\/?page_id=15908\"><span style=\"color: #0000ff;\">Firman<\/span>\u00a0<\/a>|\u00a0<span style=\"color: #0000ff;\"><a style=\"color: #0000ff;\" href=\"https:\/\/sven-ove.nu\/?page_id=15638\">K\u00f4ppra<\/a><\/span> <em>(c) Sven-Ove Svensson<\/em><\/p>\n","protected":false},"excerpt":{"rendered":"<p>Fem saker jag l\u00e4rt mig den h\u00e5rda v\u00e4gen de senaste fem dagarna: 1. Dra reven r\u00e4tt p\u00e5 nya kastsp\u00f6et Det \u00e4r inte helt lyckat att missa bygeln vid f\u00f6rsta f\u00f6rs\u00f6ket, jag vevar stolt men inget h\u00e4nder. D\u00e4remot vet jag att det \u00e4r en fin syn f\u00f6r kamraterna n\u00e4r den h\u00e4r n\u00e4rsynte karlen slickar p\u00e5 reven &hellip; <a href=\"https:\/\/sven-ove.nu\/?p=18406\" class=\"more-link\">Forts\u00e4tt l\u00e4sa <span class=\"screen-reader-text\">Sl\u00e4ng dig i v\u00e4ggen, Mockfj\u00e4rdsrevolver<\/span><\/a><\/p>\n","protected":false},"author":1,"featured_media":0,"comment_status":"open","ping_status":"open","sticky":false,"template":"","format":"standard","meta":{"_crdt_document":"","_monsterinsights_skip_tracking":false,"_monsterinsights_sitenote_active":false,"_monsterinsights_sitenote_note":"","_monsterinsights_sitenote_category":0,"footnotes":""},"categories":[6],"tags":[24,18,7,20,13],"class_list":["post-18406","post","type-post","status-publish","format-standard","hentry","category-natur","tag-karlek","tag-lardomar","tag-miljo","tag-rad","tag-utrustning"],"_links":{"self":[{"href":"https:\/\/sven-ove.nu\/index.php?rest_route=\/wp\/v2\/posts\/18406","targetHints":{"allow":["GET"]}}],"collection":[{"href":"https:\/\/sven-ove.nu\/index.php?rest_route=\/wp\/v2\/posts"}],"about":[{"href":"https:\/\/sven-ove.nu\/index.php?rest_route=\/wp\/v2\/types\/post"}],"author":[{"embeddable":true,"href":"https:\/\/sven-ove.nu\/index.php?rest_route=\/wp\/v2\/users\/1"}],"replies":[{"embeddable":true,"href":"https:\/\/sven-ove.nu\/index.php?rest_route=%2Fwp%2Fv2%2Fcomments&post=18406"}],"version-history":[{"count":11,"href":"https:\/\/sven-ove.nu\/index.php?rest_route=\/wp\/v2\/posts\/18406\/revisions"}],"predecessor-version":[{"id":18418,"href":"https:\/\/sven-ove.nu\/index.php?rest_route=\/wp\/v2\/posts\/18406\/revisions\/18418"}],"wp:attachment":[{"href":"https:\/\/sven-ove.nu\/index.php?rest_route=%2Fwp%2Fv2%2Fmedia&parent=18406"}],"wp:term":[{"taxonomy":"category","embeddable":true,"href":"https:\/\/sven-ove.nu\/index.php?rest_route=%2Fwp%2Fv2%2Fcategories&post=18406"},{"taxonomy":"post_tag","embeddable":true,"href":"https:\/\/sven-ove.nu\/index.php?rest_route=%2Fwp%2Fv2%2Ftags&post=18406"}],"curies":[{"name":"wp","href":"https:\/\/api.w.org\/{rel}","templated":true}]}}