{"id":18493,"date":"2017-10-18T04:54:51","date_gmt":"2017-10-18T03:54:51","guid":{"rendered":"http:\/\/sven-ove.nu\/?p=18493"},"modified":"2017-10-17T22:49:38","modified_gmt":"2017-10-17T21:49:38","slug":"blot-ved-och-framatanda","status":"publish","type":"post","link":"https:\/\/sven-ove.nu\/?p=18493","title":{"rendered":"Bl\u00f6t ved och fram\u00e5tanda"},"content":{"rendered":"<p><a href=\"https:\/\/sven-ove.nu\/wp-content\/uploads\/2017\/10\/Nys\u00e5gad-ved.jpg\"><img loading=\"lazy\" decoding=\"async\" class=\"size-medium wp-image-18497 alignnone\" src=\"https:\/\/sven-ove.nu\/wp-content\/uploads\/2017\/10\/Nys\u00e5gad-ved-300x290.jpg\" alt=\"\" width=\"300\" height=\"290\" srcset=\"https:\/\/sven-ove.nu\/wp-content\/uploads\/2017\/10\/Nys\u00e5gad-ved-300x290.jpg 300w, https:\/\/sven-ove.nu\/wp-content\/uploads\/2017\/10\/Nys\u00e5gad-ved-768x743.jpg 768w, https:\/\/sven-ove.nu\/wp-content\/uploads\/2017\/10\/Nys\u00e5gad-ved-1024x990.jpg 1024w, https:\/\/sven-ove.nu\/wp-content\/uploads\/2017\/10\/Nys\u00e5gad-ved.jpg 1280w\" sizes=\"auto, (max-width: 300px) 100vw, 300px\" \/><\/a><\/p>\n<p>Sverige ska m\u00f6ta Italien i det fortsatta kvalet till fotbolls-VM och en kollega till en facebookv\u00e4n har lovat i tidningen de jobbar p\u00e5 att om Sverige g\u00e5r till VM-slutspel ska min v\u00e4n \u00e5ka Vasaloppet. Fint n\u00e4r folk st\u00e4ller upp f\u00f6r sina kolleger, nu slapp min v\u00e4n lova sj\u00e4lv.<\/p>\n<p>Jonas Sj\u00f6stedt har <span style=\"color: #0000ff;\"><a style=\"color: #0000ff;\" href=\"https:\/\/www.youtube.com\/watch?v=SWuUH64SBA0\">tv\u00e5lat till<\/a><\/span> nye moderatledaren Kristersson i riksdagen, s\u00e5 det sj\u00f6ng om det.<\/p>\n<p>H\u00e4romdagen tyckte gps-klockan att jag sprang hennes snabbaste kilometer och engelska mil hittills.<\/p>\n<p>I m\u00e5ndags var det Brittsommar i hela socknen och jag b\u00f6rjade s\u00e5ga upp spillvirket fr\u00e5n sommarens takjobb. Det har legat bredvid vedskjulet och tittat p\u00e5 mig sedan i juni.<\/p>\n<p style=\"padding-left: 30px;\"><span style=\"color: #808080;\"><strong>***<\/strong><\/span><\/p>\n<p>Det g\u00e5r fram\u00e5t. Inte allt men en del g\u00e5r f\u00f6rbaske mig fram\u00e5t.<\/p>\n<p>Ved skapar v\u00e4rme fyra g\u00e5nger. Eller \u00e4r det fem?<br \/>\nVad heter Vasaloppet p\u00e5 italienska?<\/p>\n<p><em><span style=\"color: #ff6600;\"><strong>###<\/strong><\/span> Just n\u00e4r jag skrivit detta ser jag p\u00e5 Facebook att han lovar cykla till Timbuktu om Sverige sl\u00e5r Italien.<br \/>\n<\/em><em><span style=\"color: #ff6600;\"><strong>###<\/strong><\/span> Den heta sommaren 1983 sprang jag och fotografen Christer H\u00f6glund genom V\u00e4rmland f\u00f6r NWT:s r\u00e4kning, fr\u00e5n L\u00e5ngflon i norr till Stora torget i Karlstad.<br \/>\n<\/em><em><strong><span style=\"color: #ff6600;\">###<\/span><\/strong> Timbuktu \u00e4r en bit bort det med, precis som Stora torget. Respekt.<\/em><\/p>\n<p><span style=\"color: #0000ff;\"><a style=\"color: #0000ff;\" href=\"https:\/\/sven-ove.nu\/\">Hem<\/a><\/span>\u00a0|\u00a0<span style=\"color: #0000ff;\"><a style=\"color: #0000ff;\" href=\"https:\/\/sven-ove.nu\/?page_id=170\">Om mig<\/a><\/span>\u00a0|\u00a0<span style=\"color: #0000ff;\"><a style=\"color: #0000ff;\" href=\"https:\/\/sven-ove.nu\/?page_id=1385\">Skriva &amp; prata<\/a><\/span>\u00a0|\u00a0<span style=\"color: #0000ff;\"><a style=\"color: #0000ff;\" href=\"https:\/\/sven-ove.nu\/?page_id=100\">Politik<\/a><\/span>\u00a0|\u00a0<span style=\"color: #0000ff;\"><a style=\"color: #0000ff;\" href=\"https:\/\/sven-ove.nu\/?page_id=102\">L\u00f6pa<\/a><\/span>\u00a0|\u00a0<span style=\"color: #0000ff;\"><a style=\"color: #0000ff;\" href=\"https:\/\/sven-ove.nu\/?page_id=108\">Viktor Root<\/a><\/span>\u00a0| <a href=\"https:\/\/sven-ove.nu\/?page_id=15908\"><span style=\"color: #0000ff;\">Firman<\/span>\u00a0<\/a>|\u00a0<span style=\"color: #0000ff;\"><a style=\"color: #0000ff;\" href=\"https:\/\/sven-ove.nu\/?page_id=15638\">K\u00f4ppra<\/a><\/span> <em>(c) Sven-Ove Svensson (men dela g\u00e4rna i sociala medier)<\/em><\/p>\n","protected":false},"excerpt":{"rendered":"<p>Sverige ska m\u00f6ta Italien i det fortsatta kvalet till fotbolls-VM och en kollega till en facebookv\u00e4n har lovat i tidningen de jobbar p\u00e5 att om Sverige g\u00e5r till VM-slutspel ska min v\u00e4n \u00e5ka Vasaloppet. Fint n\u00e4r folk st\u00e4ller upp f\u00f6r sina kolleger, nu slapp min v\u00e4n lova sj\u00e4lv. Jonas Sj\u00f6stedt har tv\u00e5lat till nye moderatledaren &hellip; <a href=\"https:\/\/sven-ove.nu\/?p=18493\" class=\"more-link\">Forts\u00e4tt l\u00e4sa <span class=\"screen-reader-text\">Bl\u00f6t ved och fram\u00e5tanda<\/span><\/a><\/p>\n","protected":false},"author":1,"featured_media":0,"comment_status":"open","ping_status":"open","sticky":false,"template":"","format":"standard","meta":{"_crdt_document":"","_monsterinsights_skip_tracking":false,"_monsterinsights_sitenote_active":false,"_monsterinsights_sitenote_note":"","_monsterinsights_sitenote_category":0,"footnotes":""},"categories":[10,28,5,9],"tags":[3,14,15,13],"class_list":["post-18493","post","type-post","status-publish","format-standard","hentry","category-familjen","category-kreativt-folk","category-lopning","category-politik","tag-arbete","tag-lasning","tag-mediedjungeln","tag-utrustning"],"_links":{"self":[{"href":"https:\/\/sven-ove.nu\/index.php?rest_route=\/wp\/v2\/posts\/18493","targetHints":{"allow":["GET"]}}],"collection":[{"href":"https:\/\/sven-ove.nu\/index.php?rest_route=\/wp\/v2\/posts"}],"about":[{"href":"https:\/\/sven-ove.nu\/index.php?rest_route=\/wp\/v2\/types\/post"}],"author":[{"embeddable":true,"href":"https:\/\/sven-ove.nu\/index.php?rest_route=\/wp\/v2\/users\/1"}],"replies":[{"embeddable":true,"href":"https:\/\/sven-ove.nu\/index.php?rest_route=%2Fwp%2Fv2%2Fcomments&post=18493"}],"version-history":[{"count":8,"href":"https:\/\/sven-ove.nu\/index.php?rest_route=\/wp\/v2\/posts\/18493\/revisions"}],"predecessor-version":[{"id":18503,"href":"https:\/\/sven-ove.nu\/index.php?rest_route=\/wp\/v2\/posts\/18493\/revisions\/18503"}],"wp:attachment":[{"href":"https:\/\/sven-ove.nu\/index.php?rest_route=%2Fwp%2Fv2%2Fmedia&parent=18493"}],"wp:term":[{"taxonomy":"category","embeddable":true,"href":"https:\/\/sven-ove.nu\/index.php?rest_route=%2Fwp%2Fv2%2Fcategories&post=18493"},{"taxonomy":"post_tag","embeddable":true,"href":"https:\/\/sven-ove.nu\/index.php?rest_route=%2Fwp%2Fv2%2Ftags&post=18493"}],"curies":[{"name":"wp","href":"https:\/\/api.w.org\/{rel}","templated":true}]}}