{"id":18519,"date":"2017-10-27T04:11:05","date_gmt":"2017-10-27T03:11:05","guid":{"rendered":"http:\/\/sven-ove.nu\/?p=18519"},"modified":"2018-11-06T10:18:27","modified_gmt":"2018-11-06T09:18:27","slug":"jag-ar-sverigevan","status":"publish","type":"post","link":"https:\/\/sven-ove.nu\/?p=18519","title":{"rendered":"Jag \u00e4r Sverigev\u00e4n"},"content":{"rendered":"<p><a href=\"https:\/\/sven-ove.nu\/wp-content\/uploads\/2017\/05\/\u00c5byfjorden.jpg\"><img loading=\"lazy\" decoding=\"async\" class=\"size-large wp-image-17832 alignnone\" src=\"https:\/\/sven-ove.nu\/wp-content\/uploads\/2017\/05\/\u00c5byfjorden-1024x928.jpg\" alt=\"\" width=\"660\" height=\"598\" srcset=\"https:\/\/sven-ove.nu\/wp-content\/uploads\/2017\/05\/\u00c5byfjorden-1024x928.jpg 1024w, https:\/\/sven-ove.nu\/wp-content\/uploads\/2017\/05\/\u00c5byfjorden-300x272.jpg 300w, https:\/\/sven-ove.nu\/wp-content\/uploads\/2017\/05\/\u00c5byfjorden-768x696.jpg 768w, https:\/\/sven-ove.nu\/wp-content\/uploads\/2017\/05\/\u00c5byfjorden.jpg 1280w\" sizes=\"auto, (max-width: 660px) 100vw, 660px\" \/><\/a><\/p>\n<p><strong>Jag \u00e4r Sverigev\u00e4n.<\/strong> Jag tycker om skogen och bergen och dalarna och de \u00f6ppna landskapen och glittret p\u00e5 sj\u00f6arna och alla isarna n\u00e4r de l\u00e4gger sig och sn\u00f6n, den \u00e4lskade sn\u00f6n, och de kvillrande b\u00e4ckarna och kraftfulla \u00e4lvarna och sn\u00f6fl\u00e4ckarna p\u00e5 fj\u00e4llen mitt i somrarna och \u00e5skv\u00e4dren (fast helst p\u00e5 h\u00e5ll) och sn\u00f6yrorna och hagelbyarna och de mjuka v\u00e5rregnen och de br\u00e5kiga stormarna och soluppg\u00e5ngarna \u00f6ver de bl\u00e5 bergen och regnb\u00e5garna och sidensvansarna och n\u00f6tv\u00e4ckorna och stj\u00e4rtmesarna och alla de andra f\u00e5glarna och fj\u00e4rilarna och \u00e4lgarna, r\u00e5djuren, r\u00e4varna, hararna, vildsvinen (asch vi tar med dem ocks\u00e5) och alla \u00f6vriga d\u00e4ggdjur, ja alla djur utom f\u00e4stingarna, och byarna gillar jag och liljekonvaljerna och stigarna och de krokiga grusv\u00e4garna och raska asfaltv\u00e4garna och Stockholm med allt vattnet och G\u00f6teborg som \u00e4r som en sm\u00e5stad och Arvika d\u00e4r humorn \u00e4r p\u00e5 allvar i s\u00e5 m\u00e5nga mungipor och alla andra st\u00e4der och Dalarna och Sm\u00e5land och V\u00e4rmland, fattas bara annat, och resten av landskapen och kulturverksamheten, gofikat och maten vid Gamla Kraftstationen i Deje och V\u00e4rml\u00e4nningarna i Rans\u00e4ter och Lars Lerins b\u00f6cker och bilder och Daniel Norgrens l\u00e5t Howling around my happy home och gamla proggmusiker och Hasse &amp; Tage och Bengt Bergs och Sam Carlquists poesi och Tomas Transtr\u00f6mer och Werner Aspenstr\u00f6m och Bodil Malmsten, \u00e4lskade Bodil Malmsten, och Crister Enanders ess\u00e4b\u00f6cker och recensioner och Po Tidholm och &#8230;jag f\u00e5r nog inte plats om jag ska r\u00e4kna upp alla skrivarna&#8230; och Meta Lunds fl\u00f6desskrivningar p\u00e5 Karlstads universitet och Stefan Holms OS-guld i Athen och pucken som gleeeed in i m\u00e5l och Bonde s\u00f6ker fru (f\u00f6r jordbruksvyerna) och \u00e4lgjakten och b\u00f6nderna som ser till att vi f\u00e5r mat och levande landskap och st\u00e4derskorna och brandm\u00e4nnen och SOS-operat\u00f6rerna och tallarna, granarna och bj\u00f6rkarna och alla andra tr\u00e4d och finnskogarna och holl\u00e4ndarbygderna och SFI-kurserna och demokratin svenska folket k\u00e4mpade sig till och det fackliga medvetandet och solidariteten och den radikala delen av arbetarr\u00f6relsen (asch vi tar med den halvradikala ocks\u00e5) och Konsum och andra folkr\u00f6relser och socialliberalerna och m\u00e4nniskov\u00e4nnerna och volont\u00e4rerna som k\u00e4mpar f\u00f6r flyktingar och fattiga och de granskande medierna (ni vet vilka ni \u00e4r) och min fru och mina barn och barnbarn och mina v\u00e4nner och t\u00e4nkbara v\u00e4nner och onsdagspromenaderna med M och B-G och Axel Danielsson och August Palm och Sixten Jernberg och Tove Alexandersson och min dator och spr\u00e5ket och alfabetet och utsikten fr\u00e5n Tossebergskl\u00e4tten utanf\u00f6r Sunne och Selma Lagerl\u00f6f och V\u00e4stan\u00e5 Teater och svampgratinerad fl\u00e4skfil\u00e9 och nyplockade smultron med gr\u00e4dde och lite socker och folk som sl\u00e5ss f\u00f6r milj\u00f6n och toleransen mot hbtq-v\u00e4nner som trots allt blivit b\u00e4ttre och Jonas Gardell och Johan Glans och Bengt G\u00f6ransson och klassanalysen som institutet Katalys h\u00e5ller p\u00e5 med och Vi-tidningen och Spr\u00e5ktidningen och Peter Frankes antirasistiska ledare i V\u00e4rmlands Folkblad (n\u00e4r v\u00e5r tids historia ska skrivas kommer den att minnas dig med stolthet Peter) och Heidruns f\u00f6rlag och Rackstadmuseet och Facebookgrupperna \u201dF\u00e5glar inp\u00e5 knuten\u201d och \u201dFront mot rasism och gryende fascism\u201d och Svenska Akademiens ordlista p\u00e5 n\u00e4tet och kollektivtrafiken och sjukv\u00e5rden och det drickbara vattnet i v\u00e5ra kranar och de f\u00e4rska r\u00f6dbetorna ur v\u00e5rt tr\u00e4dg\u00e5rdsland och kantarellerna, trattisarna och de svarta trumpetsvamparna och alla elljussp\u00e5ren och reflexbanorna och orienteringssporten och sillen och potatisen och min frus sillsallad till jul och landslaget i fotboll och herrlandslaget i fotboll och Tre Kronor och alla de ideella idrottsledarna och efters\u00f6ksj\u00e4garna, knutgubbarna, sommarteatrarna, simskolorna, Sj\u00f6r\u00e4ddningen, elitserien i hockey, korvgrillningen i skogen, sovmornarna, sl\u00e4ktmiddagarna, sl\u00e4ktforskningen, skrivarcirklarna, flumriden p\u00e5 Liseberg, p\u00e5skmusten, Idas sommarvisa, Torparvisan, Sm\u00e5 grodorna, sk\u00e4rg\u00e5rdarna vid kusterna och i de stora sj\u00f6arna och h\u00e4gerkolonin vid Norra Sanna och mina forna arbetskamrater och Konsum Forshagas gravade sill och \u00e4nnu mer hemgjord sillsallad som vi provsmakar sent p\u00e5 kv\u00e4llen den 23:e december. Samt \u00e5rstiderna.<\/p>\n<p>Jag \u00e4r Sverigev\u00e4n.<\/p>\n<p><span style=\"color: #0000ff;\"><a style=\"color: #0000ff;\" href=\"https:\/\/sven-ove.nu\/\">Hem<\/a><\/span>\u00a0|<span style=\"color: #0000ff;\">\u00a0<a style=\"color: #0000ff;\" href=\"https:\/\/sven-ove.nu\/?page_id=170\">Om mig<\/a>\u00a0<\/span>|\u00a0<span style=\"color: #0000ff;\"><a style=\"color: #0000ff;\" href=\"https:\/\/sven-ove.nu\/?page_id=1385\">Skriva &amp; prata<\/a><\/span>\u00a0|\u00a0<span style=\"color: #0000ff;\"><a style=\"color: #0000ff;\" href=\"https:\/\/sven-ove.nu\/?page_id=100\">Politik<\/a><\/span>\u00a0|\u00a0<span style=\"color: #0000ff;\"><a style=\"color: #0000ff;\" href=\"https:\/\/sven-ove.nu\/?page_id=102\">L\u00f6pa<\/a><\/span>\u00a0|\u00a0<span style=\"color: #0000ff;\"><a style=\"color: #0000ff;\" href=\"https:\/\/sven-ove.nu\/?page_id=108\">Viktor Root<\/a><\/span>\u00a0| <a href=\"https:\/\/sven-ove.nu\/?page_id=15908\"><span style=\"color: #0000ff;\">Firman<\/span>\u00a0<\/a>|\u00a0<span style=\"color: #0000ff;\"><a style=\"color: #0000ff;\" href=\"https:\/\/sven-ove.nu\/?page_id=15638\">K\u00f4ppra<\/a><\/span> <em>(c) Sven-Ove Svensson (men dela g\u00e4rna i sociala medier)<\/em><\/p>\n","protected":false},"excerpt":{"rendered":"<p>Jag \u00e4r Sverigev\u00e4n. Jag tycker om skogen och bergen och dalarna och de \u00f6ppna landskapen och glittret p\u00e5 sj\u00f6arna och alla isarna n\u00e4r de l\u00e4gger sig och sn\u00f6n, den \u00e4lskade sn\u00f6n, och de kvillrande b\u00e4ckarna och kraftfulla \u00e4lvarna och sn\u00f6fl\u00e4ckarna p\u00e5 fj\u00e4llen mitt i somrarna och \u00e5skv\u00e4dren (fast helst p\u00e5 h\u00e5ll) och sn\u00f6yrorna och hagelbyarna &hellip; <a href=\"https:\/\/sven-ove.nu\/?p=18519\" class=\"more-link\">Forts\u00e4tt l\u00e4sa <span class=\"screen-reader-text\">Jag \u00e4r Sverigev\u00e4n<\/span><\/a><\/p>\n","protected":false},"author":1,"featured_media":0,"comment_status":"open","ping_status":"open","sticky":false,"template":"","format":"standard","meta":{"_crdt_document":"","_monsterinsights_skip_tracking":false,"_monsterinsights_sitenote_active":false,"_monsterinsights_sitenote_note":"","_monsterinsights_sitenote_category":0,"footnotes":""},"categories":[10,28,5,6,9,4],"tags":[3,8,24,18,7,26,21,17],"class_list":["post-18519","post","type-post","status-publish","format-standard","hentry","category-familjen","category-kreativt-folk","category-lopning","category-natur","category-politik","category-skrivande","tag-arbete","tag-historia","tag-karlek","tag-lardomar","tag-miljo","tag-natur-2","tag-ord","tag-solidaritet"],"_links":{"self":[{"href":"https:\/\/sven-ove.nu\/index.php?rest_route=\/wp\/v2\/posts\/18519","targetHints":{"allow":["GET"]}}],"collection":[{"href":"https:\/\/sven-ove.nu\/index.php?rest_route=\/wp\/v2\/posts"}],"about":[{"href":"https:\/\/sven-ove.nu\/index.php?rest_route=\/wp\/v2\/types\/post"}],"author":[{"embeddable":true,"href":"https:\/\/sven-ove.nu\/index.php?rest_route=\/wp\/v2\/users\/1"}],"replies":[{"embeddable":true,"href":"https:\/\/sven-ove.nu\/index.php?rest_route=%2Fwp%2Fv2%2Fcomments&post=18519"}],"version-history":[{"count":8,"href":"https:\/\/sven-ove.nu\/index.php?rest_route=\/wp\/v2\/posts\/18519\/revisions"}],"predecessor-version":[{"id":20144,"href":"https:\/\/sven-ove.nu\/index.php?rest_route=\/wp\/v2\/posts\/18519\/revisions\/20144"}],"wp:attachment":[{"href":"https:\/\/sven-ove.nu\/index.php?rest_route=%2Fwp%2Fv2%2Fmedia&parent=18519"}],"wp:term":[{"taxonomy":"category","embeddable":true,"href":"https:\/\/sven-ove.nu\/index.php?rest_route=%2Fwp%2Fv2%2Fcategories&post=18519"},{"taxonomy":"post_tag","embeddable":true,"href":"https:\/\/sven-ove.nu\/index.php?rest_route=%2Fwp%2Fv2%2Ftags&post=18519"}],"curies":[{"name":"wp","href":"https:\/\/api.w.org\/{rel}","templated":true}]}}