{"id":18535,"date":"2017-10-28T04:00:47","date_gmt":"2017-10-28T03:00:47","guid":{"rendered":"http:\/\/sven-ove.nu\/?p=18535"},"modified":"2017-10-27T21:03:09","modified_gmt":"2017-10-27T20:03:09","slug":"18535","status":"publish","type":"post","link":"https:\/\/sven-ove.nu\/?p=18535","title":{"rendered":"Varf\u00f6r n\u00e4mnde jag inte kvinnorna?"},"content":{"rendered":"<p><a href=\"https:\/\/sven-ove.nu\/wp-content\/uploads\/2017\/10\/Klar\u00e4lven.jpg\"><img loading=\"lazy\" decoding=\"async\" class=\"size-large wp-image-18540 alignnone\" src=\"https:\/\/sven-ove.nu\/wp-content\/uploads\/2017\/10\/Klar\u00e4lven-1024x1024.jpg\" alt=\"\" width=\"660\" height=\"660\" srcset=\"https:\/\/sven-ove.nu\/wp-content\/uploads\/2017\/10\/Klar\u00e4lven-1024x1024.jpg 1024w, https:\/\/sven-ove.nu\/wp-content\/uploads\/2017\/10\/Klar\u00e4lven-150x150.jpg 150w, https:\/\/sven-ove.nu\/wp-content\/uploads\/2017\/10\/Klar\u00e4lven-300x300.jpg 300w, https:\/\/sven-ove.nu\/wp-content\/uploads\/2017\/10\/Klar\u00e4lven-768x768.jpg 768w, https:\/\/sven-ove.nu\/wp-content\/uploads\/2017\/10\/Klar\u00e4lven.jpg 1280w\" sizes=\"auto, (max-width: 660px) 100vw, 660px\" \/><\/a><\/p>\n<blockquote><p>L\u00e4ser min Sverigeskildring fr\u00e5n i g\u00e5r och saknar kvinnorna. Visst, jag n\u00e4mnde arbetskamraterna och de flesta av dem var kvinnor. Visst, jag n\u00e4mnde fotbollslandslaget, familjen och n\u00e5gra till. Kvinnor. \u00c4nd\u00e5 \u00e4r det ett stort h\u00e5l i texten.<\/p><\/blockquote>\n<p>Varf\u00f6r skrev jag inte om landsbygdens kvinnor d\u00e4r jag v\u00e4xte upp? Sm\u00e5brukarhustrurna med h\u00f6gaffel och mj\u00f6lkspann, alltid starka i det samh\u00e4llet. Varf\u00f6r ber\u00e4ttade jag inte om kvinnorna som ofta satt sekreterare och h\u00f6ll ihop v\u00e5ra folkr\u00f6relser? Hon, svenskal\u00e4raren, som fick mig att b\u00f6rja skriva p\u00e5 allvar, de kvinnliga journalistpionj\u00e4rerna, riksdagskvinnorna, kommunpolitikerna, deckarf\u00f6rfattarna, Pippi L\u00e5ngstrump, Kata Dahlstr\u00f6m, Fredrika Bremer, Kerstin Ekman, Elise Ottesen Jensen, Moa Martinsson, bussf\u00f6rarna, Monica Zetterlund, tr\u00e4ningskompisarna, Toini Gustafsson, Pernilla Wiberg, Pia Sundhage, Hanna Ljungberg, Evy Palm, Johanna Fr\u00e4nd\u00e9n, Babben Larsson, Anna-Lena Brundin, \u00c5sa Jinder, Rigmor Gustafsson, Lottie Knutson, Carolina Kl\u00fcft, Marika Lagercrantz, Inga-Britt Ahlenius och Astrid Lindgren. Barnmorskorna som f\u00f6rl\u00f6ste v\u00e5ra barn, tjejerna i FNL-gruppen och milj\u00f6r\u00f6relsen, damerna i telefonv\u00e4xlarna, lapplisorna, undersk\u00f6terskorna, f\u00f6rlagsredakt\u00f6rerna, kommunikat\u00f6rerna, Inger Hallstr\u00f6m Stinnerbom som g\u00f6r V\u00e4stan\u00e5 Teaters geniala dr\u00e4kter. Varf\u00f6r skrev jag inte om er? Varf\u00f6r inget om Gun-Britt Karlsson som hela tiden varit en s\u00e5dan stark motor bakom Heidruns f\u00f6rlag, bild- och bokcaf\u00e9 och i den viktigaste facebookgrupp jag vet? Varf\u00f6r n\u00e4mnde jag inte s\u00e4rskilt Klar\u00e4lven, hon som alltid \u00e4r en hon p\u00e5 v\u00e5r dialekt? \u00c4lva&#8217;, alltid uttalat med tjockt L som folk g\u00f6r h\u00e4r p\u00e5 trakten.<\/p>\n<p>Nu har jag gjort det.<\/p>\n<p>Tack, alla. Utan er hade det inte varit samma Sverige att vara v\u00e4n med.<\/p>\n<p><em><span style=\"color: #ff6600;\"><strong>###<\/strong><\/span> G\u00e5rdagens inl\u00e4gg som jag l\u00e4nkar till nedan g\u00e5r att missf\u00f6rst\u00e5. G\u00f6r inte det. Jag \u00e4r internationalist, tro inget annat.<br \/>\n<\/em><em><span style=\"color: #ff6600;\"><strong>###<\/strong><\/span> Men f\u00f6r mig \u00e4r det l\u00e4ttare att gilla hela v\u00e4rlden n\u00e4r jag \u00e4r trygg hemma. Inl\u00e4gget inneh\u00e5ller m\u00e5nga exempel p\u00e5 varf\u00f6r jag personligen \u00e4r trygg &#8211; utan att tycka att vi \u00e4r b\u00e4ttre \u00e4n andra. Kritisk men trygg.<br \/>\n<\/em><em><span style=\"color: #ff6600;\"><strong>###<\/strong><\/span> Dessutom vill jag knycka tillbaka ett ord fr\u00e5n de fr\u00e4mlingsfientliga. L\u00e5t oss g\u00f6ra det tillsammans, v\u00e4nner. Knyck tillbaka ordet, det \u00e4r v\u00e5rt!<\/em><\/p>\n<p style=\"padding-left: 30px;\">L\u00e4nk till g\u00e5rdagens inl\u00e4gg:<br \/>\n<span style=\"color: #0000ff;\"><strong><a style=\"color: #0000ff;\" href=\"https:\/\/sven-ove.nu\/?p=18519\">Jag \u00e4r Sverigev\u00e4n<\/a><\/strong><\/span><\/p>\n<p style=\"padding-left: 30px; text-align: right;\"><em>P\u00e5 bilden: Klar\u00e4lven vid Str\u00e4ngsforsen.<\/em><\/p>\n<p><span style=\"color: #0000ff;\"><a style=\"color: #0000ff;\" href=\"https:\/\/sven-ove.nu\/\">Hem<\/a><\/span>\u00a0|\u00a0<span style=\"color: #0000ff;\"><a style=\"color: #0000ff;\" href=\"https:\/\/sven-ove.nu\/?page_id=170\">Om mig<\/a><\/span>\u00a0|\u00a0<span style=\"color: #0000ff;\"><a style=\"color: #0000ff;\" href=\"https:\/\/sven-ove.nu\/?page_id=1385\">Skriva &amp; prata<\/a><\/span>\u00a0|\u00a0<span style=\"color: #0000ff;\"><a style=\"color: #0000ff;\" href=\"https:\/\/sven-ove.nu\/?page_id=100\">Politik<\/a><\/span>\u00a0|\u00a0<span style=\"color: #0000ff;\"><a style=\"color: #0000ff;\" href=\"https:\/\/sven-ove.nu\/?page_id=102\">L\u00f6pa<\/a><\/span>\u00a0|\u00a0<span style=\"color: #0000ff;\"><a style=\"color: #0000ff;\" href=\"https:\/\/sven-ove.nu\/?page_id=108\">Viktor Root<\/a><\/span>\u00a0| <a href=\"https:\/\/sven-ove.nu\/?page_id=15908\"><span style=\"color: #0000ff;\">Firman<\/span>\u00a0<\/a>|\u00a0<span style=\"color: #0000ff;\"><a style=\"color: #0000ff;\" href=\"https:\/\/sven-ove.nu\/?page_id=15638\">K\u00f4ppra<\/a><\/span> <em>(c) Sven-Ove Svensson (men dela g\u00e4rna i sociala medier)<\/em><\/p>\n","protected":false},"excerpt":{"rendered":"<p>L\u00e4ser min Sverigeskildring fr\u00e5n i g\u00e5r och saknar kvinnorna. Visst, jag n\u00e4mnde arbetskamraterna och de flesta av dem var kvinnor. Visst, jag n\u00e4mnde fotbollslandslaget, familjen och n\u00e5gra till. Kvinnor. \u00c4nd\u00e5 \u00e4r det ett stort h\u00e5l i texten. Varf\u00f6r skrev jag inte om landsbygdens kvinnor d\u00e4r jag v\u00e4xte upp? Sm\u00e5brukarhustrurna med h\u00f6gaffel och mj\u00f6lkspann, alltid starka &hellip; <a href=\"https:\/\/sven-ove.nu\/?p=18535\" class=\"more-link\">Forts\u00e4tt l\u00e4sa <span class=\"screen-reader-text\">Varf\u00f6r n\u00e4mnde jag inte kvinnorna?<\/span><\/a><\/p>\n","protected":false},"author":1,"featured_media":0,"comment_status":"open","ping_status":"open","sticky":false,"template":"","format":"standard","meta":{"_crdt_document":"","_monsterinsights_skip_tracking":false,"_monsterinsights_sitenote_active":false,"_monsterinsights_sitenote_note":"","_monsterinsights_sitenote_category":0,"footnotes":""},"categories":[10,28,5,6,9,4],"tags":[3,8,24,18,14,7,21],"class_list":["post-18535","post","type-post","status-publish","format-standard","hentry","category-familjen","category-kreativt-folk","category-lopning","category-natur","category-politik","category-skrivande","tag-arbete","tag-historia","tag-karlek","tag-lardomar","tag-lasning","tag-miljo","tag-ord"],"_links":{"self":[{"href":"https:\/\/sven-ove.nu\/index.php?rest_route=\/wp\/v2\/posts\/18535","targetHints":{"allow":["GET"]}}],"collection":[{"href":"https:\/\/sven-ove.nu\/index.php?rest_route=\/wp\/v2\/posts"}],"about":[{"href":"https:\/\/sven-ove.nu\/index.php?rest_route=\/wp\/v2\/types\/post"}],"author":[{"embeddable":true,"href":"https:\/\/sven-ove.nu\/index.php?rest_route=\/wp\/v2\/users\/1"}],"replies":[{"embeddable":true,"href":"https:\/\/sven-ove.nu\/index.php?rest_route=%2Fwp%2Fv2%2Fcomments&post=18535"}],"version-history":[{"count":9,"href":"https:\/\/sven-ove.nu\/index.php?rest_route=\/wp\/v2\/posts\/18535\/revisions"}],"predecessor-version":[{"id":18545,"href":"https:\/\/sven-ove.nu\/index.php?rest_route=\/wp\/v2\/posts\/18535\/revisions\/18545"}],"wp:attachment":[{"href":"https:\/\/sven-ove.nu\/index.php?rest_route=%2Fwp%2Fv2%2Fmedia&parent=18535"}],"wp:term":[{"taxonomy":"category","embeddable":true,"href":"https:\/\/sven-ove.nu\/index.php?rest_route=%2Fwp%2Fv2%2Fcategories&post=18535"},{"taxonomy":"post_tag","embeddable":true,"href":"https:\/\/sven-ove.nu\/index.php?rest_route=%2Fwp%2Fv2%2Ftags&post=18535"}],"curies":[{"name":"wp","href":"https:\/\/api.w.org\/{rel}","templated":true}]}}