{"id":18558,"date":"2017-11-01T03:41:34","date_gmt":"2017-11-01T02:41:34","guid":{"rendered":"http:\/\/sven-ove.nu\/?p=18558"},"modified":"2017-10-31T10:45:36","modified_gmt":"2017-10-31T09:45:36","slug":"vad-detta-ar","status":"publish","type":"post","link":"https:\/\/sven-ove.nu\/?p=18558","title":{"rendered":"Vad detta \u00e4r"},"content":{"rendered":"<p><a href=\"https:\/\/sven-ove.nu\/wp-content\/uploads\/2017\/11\/Orange-plopp.jpg\"><img loading=\"lazy\" decoding=\"async\" class=\"size-large wp-image-18560 alignnone\" src=\"https:\/\/sven-ove.nu\/wp-content\/uploads\/2017\/11\/Orange-plopp-1024x1024.jpg\" alt=\"\" width=\"660\" height=\"660\" srcset=\"https:\/\/sven-ove.nu\/wp-content\/uploads\/2017\/11\/Orange-plopp-1024x1024.jpg 1024w, https:\/\/sven-ove.nu\/wp-content\/uploads\/2017\/11\/Orange-plopp-150x150.jpg 150w, https:\/\/sven-ove.nu\/wp-content\/uploads\/2017\/11\/Orange-plopp-300x300.jpg 300w, https:\/\/sven-ove.nu\/wp-content\/uploads\/2017\/11\/Orange-plopp-768x768.jpg 768w, https:\/\/sven-ove.nu\/wp-content\/uploads\/2017\/11\/Orange-plopp.jpg 1280w\" sizes=\"auto, (max-width: 660px) 100vw, 660px\" \/><\/a><\/p>\n<blockquote><p>Nu har det h\u00e4nt igen. Historien \u00e4r ingen cirkel men ibland kan en tro det.<\/p><\/blockquote>\n<p><strong>Historik<\/strong>: Skriv en text till den h\u00e4r bilden! kunde det h\u00e4nda att de sa p\u00e5 Sm\u00e5lands Folkblad 1975. Det har jag ber\u00e4ttat f\u00f6rr. Kai eller n\u00e5gon av de andra fotograferna hade tagit en bild, ibland en hel serie, och nu fick jag i b\u00e4sta fall lite fakta och n\u00e5gra uppgifter om var bilden framf\u00f6r mig p\u00e5 skrivbordet var tagen.<\/p>\n<p>P\u00e5 s\u00e5 vis gjorde vi m\u00e5nga fotoreportage. Ingen idealisk arbetssituation f\u00f6r oss skrivare men f\u00f6rv\u00e5nansv\u00e4rt ofta blev resultatet bra. Inte bara bilderna.<\/p>\n<p><strong>Nutid<\/strong>: Nu har n\u00e5gon lagt en bild framf\u00f6r mig p\u00e5 skrivbordet. Datorskrivbordet. Det \u00e4r jag sj\u00e4lv som har tagit den och jag \u00e4r en aning f\u00f6rtjust i bilden, f\u00f6r den s\u00e4tter ig\u00e5ng fantasin. Undrar var den \u00e4r tagen (som om jag inte skulle komma ih\u00e5g det, d\u00e4r har jag marscherat m\u00e5nga g\u00e5nger), undrar vad den f\u00f6rest\u00e4ller (det ser jag v\u00e4l), undrar om fotografens skugga riskerar att f\u00e5 ett orange tefat i skallen snart (knappast, sk\u00e4rp dig nu).<\/p>\n<p>Eller som legendaren P-O Nilsson skrev en g\u00e5ng p\u00e5 Folkbladet, n\u00e4r han fick i uppgift att skriva bildtext till n\u00e5gra andras reportage, d\u00e5 den skrivande reportern g\u00e5tt hem och gl\u00f6mt skriva n\u00e5got till huvudbilden: \u201dDetta \u00e4r Arne Imsen\u201d.<\/p>\n<p><a href=\"https:\/\/sven-ove.nu\/wp-content\/uploads\/2017\/11\/Orange-plopp.jpg\"><img loading=\"lazy\" decoding=\"async\" class=\"alignright size-thumbnail wp-image-18560\" src=\"https:\/\/sven-ove.nu\/wp-content\/uploads\/2017\/11\/Orange-plopp-150x150.jpg\" alt=\"\" width=\"150\" height=\"150\" srcset=\"https:\/\/sven-ove.nu\/wp-content\/uploads\/2017\/11\/Orange-plopp-150x150.jpg 150w, https:\/\/sven-ove.nu\/wp-content\/uploads\/2017\/11\/Orange-plopp-300x300.jpg 300w, https:\/\/sven-ove.nu\/wp-content\/uploads\/2017\/11\/Orange-plopp-768x768.jpg 768w, https:\/\/sven-ove.nu\/wp-content\/uploads\/2017\/11\/Orange-plopp-1024x1024.jpg 1024w, https:\/\/sven-ove.nu\/wp-content\/uploads\/2017\/11\/Orange-plopp.jpg 1280w\" sizes=\"auto, (max-width: 150px) 100vw, 150px\" \/><\/a>Detta \u00e4r ett kort p\u00e5 en orange plopp.<\/p>\n<p><span style=\"color: #ff6600;\"><a style=\"color: #ff6600;\" href=\"https:\/\/sven-ove.nu\/\">Hem<\/a><\/span>\u00a0|\u00a0<span style=\"color: #ff6600;\"><a style=\"color: #ff6600;\" href=\"https:\/\/sven-ove.nu\/?page_id=170\">Om mig<\/a><\/span>\u00a0|\u00a0<span style=\"color: #ff6600;\"><a style=\"color: #ff6600;\" href=\"https:\/\/sven-ove.nu\/?page_id=1385\">Skriva &amp; prata<\/a><\/span>\u00a0|\u00a0<span style=\"color: #ff6600;\"><a style=\"color: #ff6600;\" href=\"https:\/\/sven-ove.nu\/?page_id=100\">Politik<\/a><\/span>\u00a0|\u00a0<span style=\"color: #ff6600;\"><a style=\"color: #ff6600;\" href=\"https:\/\/sven-ove.nu\/?page_id=102\">L\u00f6pa<\/a><\/span>\u00a0|\u00a0<span style=\"color: #ff6600;\"><a style=\"color: #ff6600;\" href=\"https:\/\/sven-ove.nu\/?page_id=108\">Viktor Root<\/a><\/span>\u00a0| <a href=\"https:\/\/sven-ove.nu\/?page_id=15908\"><span style=\"color: #ff6600;\">Firman<\/span>\u00a0<\/a>|\u00a0<span style=\"color: #ff6600;\"><a style=\"color: #ff6600;\" href=\"https:\/\/sven-ove.nu\/?page_id=15638\">K\u00f4ppra<\/a><\/span> <em>(c) Sven-Ove Svensson (men dela g\u00e4rna i sociala medier)<\/em><\/p>\n","protected":false},"excerpt":{"rendered":"<p>Nu har det h\u00e4nt igen. Historien \u00e4r ingen cirkel men ibland kan en tro det. Historik: Skriv en text till den h\u00e4r bilden! kunde det h\u00e4nda att de sa p\u00e5 Sm\u00e5lands Folkblad 1975. Det har jag ber\u00e4ttat f\u00f6rr. Kai eller n\u00e5gon av de andra fotograferna hade tagit en bild, ibland en hel serie, och nu &hellip; <a href=\"https:\/\/sven-ove.nu\/?p=18558\" class=\"more-link\">Forts\u00e4tt l\u00e4sa <span class=\"screen-reader-text\">Vad detta \u00e4r<\/span><\/a><\/p>\n","protected":false},"author":1,"featured_media":0,"comment_status":"open","ping_status":"open","sticky":false,"template":"","format":"standard","meta":{"_crdt_document":"","_monsterinsights_skip_tracking":false,"_monsterinsights_sitenote_active":false,"_monsterinsights_sitenote_note":"","_monsterinsights_sitenote_category":0,"footnotes":""},"categories":[28,4],"tags":[3,18,15,21],"class_list":["post-18558","post","type-post","status-publish","format-standard","hentry","category-kreativt-folk","category-skrivande","tag-arbete","tag-lardomar","tag-mediedjungeln","tag-ord"],"_links":{"self":[{"href":"https:\/\/sven-ove.nu\/index.php?rest_route=\/wp\/v2\/posts\/18558","targetHints":{"allow":["GET"]}}],"collection":[{"href":"https:\/\/sven-ove.nu\/index.php?rest_route=\/wp\/v2\/posts"}],"about":[{"href":"https:\/\/sven-ove.nu\/index.php?rest_route=\/wp\/v2\/types\/post"}],"author":[{"embeddable":true,"href":"https:\/\/sven-ove.nu\/index.php?rest_route=\/wp\/v2\/users\/1"}],"replies":[{"embeddable":true,"href":"https:\/\/sven-ove.nu\/index.php?rest_route=%2Fwp%2Fv2%2Fcomments&post=18558"}],"version-history":[{"count":5,"href":"https:\/\/sven-ove.nu\/index.php?rest_route=\/wp\/v2\/posts\/18558\/revisions"}],"predecessor-version":[{"id":18564,"href":"https:\/\/sven-ove.nu\/index.php?rest_route=\/wp\/v2\/posts\/18558\/revisions\/18564"}],"wp:attachment":[{"href":"https:\/\/sven-ove.nu\/index.php?rest_route=%2Fwp%2Fv2%2Fmedia&parent=18558"}],"wp:term":[{"taxonomy":"category","embeddable":true,"href":"https:\/\/sven-ove.nu\/index.php?rest_route=%2Fwp%2Fv2%2Fcategories&post=18558"},{"taxonomy":"post_tag","embeddable":true,"href":"https:\/\/sven-ove.nu\/index.php?rest_route=%2Fwp%2Fv2%2Ftags&post=18558"}],"curies":[{"name":"wp","href":"https:\/\/api.w.org\/{rel}","templated":true}]}}