{"id":18565,"date":"2017-11-03T04:20:55","date_gmt":"2017-11-03T03:20:55","guid":{"rendered":"http:\/\/sven-ove.nu\/?p=18565"},"modified":"2017-11-03T06:39:08","modified_gmt":"2017-11-03T05:39:08","slug":"bilden-av-lyckad-verklighetsflykt","status":"publish","type":"post","link":"https:\/\/sven-ove.nu\/?p=18565","title":{"rendered":"Bilden av lyckad verklighetsflykt"},"content":{"rendered":"<p><a href=\"https:\/\/sven-ove.nu\/wp-content\/uploads\/2017\/11\/Gr\u00f6n-h\u00f6jdkurva.jpg\"><img loading=\"lazy\" decoding=\"async\" class=\"size-large wp-image-18566 alignnone\" src=\"https:\/\/sven-ove.nu\/wp-content\/uploads\/2017\/11\/Gr\u00f6n-h\u00f6jdkurva-1024x434.jpg\" alt=\"\" width=\"660\" height=\"280\" srcset=\"https:\/\/sven-ove.nu\/wp-content\/uploads\/2017\/11\/Gr\u00f6n-h\u00f6jdkurva-1024x434.jpg 1024w, https:\/\/sven-ove.nu\/wp-content\/uploads\/2017\/11\/Gr\u00f6n-h\u00f6jdkurva-300x127.jpg 300w, https:\/\/sven-ove.nu\/wp-content\/uploads\/2017\/11\/Gr\u00f6n-h\u00f6jdkurva-768x326.jpg 768w, https:\/\/sven-ove.nu\/wp-content\/uploads\/2017\/11\/Gr\u00f6n-h\u00f6jdkurva.jpg 1136w\" sizes=\"auto, (max-width: 660px) 100vw, 660px\" \/><\/a><\/p>\n<p>&nbsp;<\/p>\n<blockquote><p>Det h\u00e4r \u00e4r en av de vackrare naturbilderna jag vet just nu.<\/p>\n<p>Du kanske inte ser den yttre sk\u00f6nheten? Du kanske tycker det ser ut som en d\u00e5ligt tecknad gr\u00f6nval bara?<\/p>\n<p>V\u00e4nta s\u00e5 ska jag f\u00f6rklara.<\/p><\/blockquote>\n<p>Det s\u00e4gs att en m\u00e4nniska beh\u00f6ver tr\u00e4na i 10 000 timmar f\u00f6r att uppn\u00e5 m\u00e4sterskap i vad hon h\u00e5ller p\u00e5 med. Jag tror inte det st\u00e4mmer. I s\u00e5 fall skulle jag vara olympisk m\u00e4stare i l\u00e5nga lopp nu och pr\u00e4ktigt lagerh\u00e5llen och lagerkransad som skribent. S\u00e5 mycket som har jag tr\u00e4nat.<\/p>\n<p>Det \u00e4r jag inte.<\/p>\n<p>Strunt i det, det \u00e4r v\u00e4gen som \u00e4r m\u00f6dan v\u00e4rld. S\u00e5dana som jag springer inte f\u00f6r att l\u00e4gga \u00e5r till v\u00e5ra liv, f\u00f6r oss \u00e4r det tv\u00e4rtom. Vi l\u00e4gger liv till v\u00e5ra \u00e5r. Det \u00e4r s\u00e5 roligt att h\u00e5lla p\u00e5 med bokst\u00e4vlarna och kilometrarna.<\/p>\n<p><strong>Flyt och h\u00f6jd?<br \/>\n<\/strong>Den d\u00e4r s\u00e4llsynta stunden n\u00e4r bokst\u00e4verna och orden pl\u00f6tsligt dansar i takt med tanken och infallen fl\u00f6dar. Det d\u00e4r \u00f6gonblicket n\u00e4r kroppen sv\u00e4var l\u00e4ngs skogsstigen, sj\u00e4len sjunger och klockan tycks st\u00e5 stilla. De stunderna finns de med, den ena kallar experterna flow, den andra runners high. Jag har upplevt b\u00e5da och det \u00e4r stunder du inte gl\u00f6mmer.<\/p>\n<p>Men inte \u00e4r det d\u00e4rf\u00f6r jag forts\u00e4tter tr\u00e4na. Vardagsgl\u00e4djen \u00e4r bel\u00f6ning nog. Ett blogginl\u00e4gg som \u00e5tminstone blir halvskapligt. Ett tr\u00e4ningspass n\u00e4r sn\u00f6gen yr i ansiktet och ligger decimeterdjup p\u00e5 \u00e4ngen upp mot friluftsg\u00e5rden. D\u00e4r har du bel\u00f6ningen.<\/p>\n<p><strong>Lufsar iv\u00e4g<br \/>\n<\/strong>En s\u00e5dan dag (men utan sn\u00f6g) kl\u00e4r jag p\u00e5 mig den gula collegetr\u00f6jan fr\u00e5n 1983 och de andra tr\u00e4ningskl\u00e4derna. Skor, snusn\u00e4sduk, yllem\u00f6ssa, inga vantar. L\u00e5ter gps-klockan v\u00e4nta in satelliterna, stretchar pliktskyldigast mot verandan, kn\u00e4pper ig\u00e5ng klockan och lufsar iv\u00e4g nerf\u00f6r g\u00e5ngv\u00e4gen f\u00f6rbi Lind\u00e5sgatan, Backsippan och Grossbolsgatan.<\/p>\n<p>V\u00e4nta, lufsar g\u00f6r jag inte. \u00c4r inte benen lite piggare i dag? N\u00e5ja, det g\u00e5r v\u00e4l \u00f6ver.<\/p>\n<p><strong>Klockan m\u00e4rker\u2019t<br \/>\n<\/strong>Det g\u00e5r inte \u00f6ver. Kroppen k\u00e4nns som om jag lagt i en h\u00f6gre v\u00e4xel. Ingen dramatik, jag springer n\u00e5got fortare bara och med en aning l\u00e4ngre steg \u00e4n tidigare i \u00e5r. Bara lite. Det \u00e4r knappt jag m\u00e4rker det sj\u00e4lv.<\/p>\n<p>Klockan d\u00e4remot m\u00e4rker. Nu \u00e4r nedf\u00f6rsbacken slut sedan ett tag och Forshaga har planat ut. Inget l\u00e5ngpass i dag, det vet kroppen. N\u00e4r jag tittar p\u00e5 klockan efter f\u00f6rsta kilometern hajar jag till. Oj d\u00e5, men det g\u00e5r nog \u00f6ver. Snart b\u00f6rjar uppf\u00f6rsbackarna.<\/p>\n<p>Det g\u00e5r inte \u00f6ver. Jag passerar Storgatan och Thoreliusgatan, nu b\u00f6rjar motlutet. Gr\u00e4s mellan hyreshusen, gr\u00e4s bort till elljusbacken, gr\u00e4s och stenh\u00e4llar uppf\u00f6r den. Nu v\u00e5gar jag inte titta p\u00e5 klockan mer.<\/p>\n<p>Hon g\u00e5r f\u00f6r sakta.<\/p>\n<p><strong>Bilden av lycka<br \/>\n<\/strong>Titta p\u00e5 bilden. Den \u00e4r en bild av lycka f\u00f6r den h\u00e4r sj\u00e4lvpl\u00e5garen. N\u00e4st sn\u00f6puls \u00e4r naturlig backtr\u00e4ning det roligaste jag vet i l\u00f6pv\u00e4g n\u00e4r termometern b\u00f6rjar nypa till. Ser du bilden? Ser du hur jag lubbar uppf\u00f6r elljusbacken och sedan uppf\u00f6r lillbacken bort till elljussp\u00e5ret och d\u00e4refter slakmotan upp\u00a0till m\u00f6rdarbacken? Ser du hur jag ruschar uppf\u00f6r m\u00f6rdar&#8217;n, joggar tillbaka ner och ruschar uppf\u00f6r den en g\u00e5ng till innan jag kutar hem?<\/p>\n<p>Det \u00e4r inte mitt l\u00e4ngsta pass i \u00e5r &#8211; men mitt snabbaste. Trots tv\u00e5 ruscher uppf\u00f6r m\u00f6rdarbacken och trots en likadan uppf\u00f6r elljusbacken.<\/p>\n<p>Gps-klockor ljuger inte. Jag fattar inte sj\u00e4lv hur dessa kilometrar kan ha varit \u00e5rets snabbaste, trots h\u00f6jdskillnaden. H\u00f6jdkurvan fr\u00e5n min runda ser verkligen ut som en liten gr\u00f6n leksaksval.<\/p>\n<p>Detta g\u00f6r vi om, klocka&#8217; mi&#8217;.<br \/>\nDetta g\u00f6r vi fler g\u00e5nger.<\/p>\n<p><a href=\"https:\/\/sven-ove.nu\/wp-content\/uploads\/2017\/11\/Gr\u00f6n-h\u00f6jdkurva.jpg\"><img loading=\"lazy\" decoding=\"async\" class=\"size-medium wp-image-18566 alignnone\" src=\"https:\/\/sven-ove.nu\/wp-content\/uploads\/2017\/11\/Gr\u00f6n-h\u00f6jdkurva-300x127.jpg\" alt=\"\" width=\"300\" height=\"127\" srcset=\"https:\/\/sven-ove.nu\/wp-content\/uploads\/2017\/11\/Gr\u00f6n-h\u00f6jdkurva-300x127.jpg 300w, https:\/\/sven-ove.nu\/wp-content\/uploads\/2017\/11\/Gr\u00f6n-h\u00f6jdkurva-768x326.jpg 768w, https:\/\/sven-ove.nu\/wp-content\/uploads\/2017\/11\/Gr\u00f6n-h\u00f6jdkurva-1024x434.jpg 1024w, https:\/\/sven-ove.nu\/wp-content\/uploads\/2017\/11\/Gr\u00f6n-h\u00f6jdkurva.jpg 1136w\" sizes=\"auto, (max-width: 300px) 100vw, 300px\" \/><\/a><\/p>\n<p><span style=\"color: #0000ff;\"><a style=\"color: #0000ff;\" href=\"https:\/\/sven-ove.nu\/\">Hem<\/a><\/span>\u00a0|\u00a0<span style=\"color: #0000ff;\"><a style=\"color: #0000ff;\" href=\"https:\/\/sven-ove.nu\/?page_id=170\">Om mig<\/a><\/span>\u00a0|\u00a0<span style=\"color: #0000ff;\"><a style=\"color: #0000ff;\" href=\"https:\/\/sven-ove.nu\/?page_id=1385\">Skriva &amp; prata<\/a><\/span>\u00a0|\u00a0<span style=\"color: #0000ff;\"><a style=\"color: #0000ff;\" href=\"https:\/\/sven-ove.nu\/?page_id=100\">Politik<\/a><\/span>\u00a0|\u00a0<span style=\"color: #0000ff;\"><a style=\"color: #0000ff;\" href=\"https:\/\/sven-ove.nu\/?page_id=102\">L\u00f6pa<\/a><\/span>\u00a0|\u00a0<span style=\"color: #0000ff;\"><a style=\"color: #0000ff;\" href=\"https:\/\/sven-ove.nu\/?page_id=108\">Viktor Root<\/a><\/span>\u00a0| <a href=\"https:\/\/sven-ove.nu\/?page_id=15908\"><span style=\"color: #0000ff;\">Firman<\/span>\u00a0<\/a>|\u00a0<span style=\"color: #0000ff;\"><a style=\"color: #0000ff;\" href=\"https:\/\/sven-ove.nu\/?page_id=15638\">K\u00f4ppra<\/a><\/span>\u00a0\u00a0 <em>(c) Sven-Ove Svensson (men dela g\u00e4rna i sociala medier)<\/em><\/p>\n","protected":false},"excerpt":{"rendered":"<p>&nbsp; Det h\u00e4r \u00e4r en av de vackrare naturbilderna jag vet just nu. Du kanske inte ser den yttre sk\u00f6nheten? Du kanske tycker det ser ut som en d\u00e5ligt tecknad gr\u00f6nval bara? V\u00e4nta s\u00e5 ska jag f\u00f6rklara. Det s\u00e4gs att en m\u00e4nniska beh\u00f6ver tr\u00e4na i 10 000 timmar f\u00f6r att uppn\u00e5 m\u00e4sterskap i vad hon &hellip; <a href=\"https:\/\/sven-ove.nu\/?p=18565\" class=\"more-link\">Forts\u00e4tt l\u00e4sa <span class=\"screen-reader-text\">Bilden av lyckad verklighetsflykt<\/span><\/a><\/p>\n","protected":false},"author":1,"featured_media":0,"comment_status":"open","ping_status":"open","sticky":false,"template":"","format":"standard","meta":{"_crdt_document":"","_monsterinsights_skip_tracking":false,"_monsterinsights_sitenote_active":false,"_monsterinsights_sitenote_note":"","_monsterinsights_sitenote_category":0,"footnotes":""},"categories":[5,6],"tags":[24],"class_list":["post-18565","post","type-post","status-publish","format-standard","hentry","category-lopning","category-natur","tag-karlek"],"_links":{"self":[{"href":"https:\/\/sven-ove.nu\/index.php?rest_route=\/wp\/v2\/posts\/18565","targetHints":{"allow":["GET"]}}],"collection":[{"href":"https:\/\/sven-ove.nu\/index.php?rest_route=\/wp\/v2\/posts"}],"about":[{"href":"https:\/\/sven-ove.nu\/index.php?rest_route=\/wp\/v2\/types\/post"}],"author":[{"embeddable":true,"href":"https:\/\/sven-ove.nu\/index.php?rest_route=\/wp\/v2\/users\/1"}],"replies":[{"embeddable":true,"href":"https:\/\/sven-ove.nu\/index.php?rest_route=%2Fwp%2Fv2%2Fcomments&post=18565"}],"version-history":[{"count":4,"href":"https:\/\/sven-ove.nu\/index.php?rest_route=\/wp\/v2\/posts\/18565\/revisions"}],"predecessor-version":[{"id":18570,"href":"https:\/\/sven-ove.nu\/index.php?rest_route=\/wp\/v2\/posts\/18565\/revisions\/18570"}],"wp:attachment":[{"href":"https:\/\/sven-ove.nu\/index.php?rest_route=%2Fwp%2Fv2%2Fmedia&parent=18565"}],"wp:term":[{"taxonomy":"category","embeddable":true,"href":"https:\/\/sven-ove.nu\/index.php?rest_route=%2Fwp%2Fv2%2Fcategories&post=18565"},{"taxonomy":"post_tag","embeddable":true,"href":"https:\/\/sven-ove.nu\/index.php?rest_route=%2Fwp%2Fv2%2Ftags&post=18565"}],"curies":[{"name":"wp","href":"https:\/\/api.w.org\/{rel}","templated":true}]}}