{"id":18583,"date":"2017-11-06T04:22:45","date_gmt":"2017-11-06T03:22:45","guid":{"rendered":"http:\/\/sven-ove.nu\/?p=18583"},"modified":"2017-11-06T07:05:13","modified_gmt":"2017-11-06T06:05:13","slug":"18583","status":"publish","type":"post","link":"https:\/\/sven-ove.nu\/?p=18583","title":{"rendered":"Hur ser en s\u00e5dan skvader ut?"},"content":{"rendered":"<p><a href=\"https:\/\/sven-ove.nu\/wp-content\/uploads\/2017\/11\/V\u00e4nsterextremist.001.jpeg\"><img loading=\"lazy\" decoding=\"async\" class=\"size-large wp-image-18585 alignnone\" src=\"https:\/\/sven-ove.nu\/wp-content\/uploads\/2017\/11\/V\u00e4nsterextremist.001-1024x768.jpeg\" alt=\"\" width=\"660\" height=\"495\" srcset=\"https:\/\/sven-ove.nu\/wp-content\/uploads\/2017\/11\/V\u00e4nsterextremist.001.jpeg 1024w, https:\/\/sven-ove.nu\/wp-content\/uploads\/2017\/11\/V\u00e4nsterextremist.001-300x225.jpeg 300w, https:\/\/sven-ove.nu\/wp-content\/uploads\/2017\/11\/V\u00e4nsterextremist.001-768x576.jpeg 768w\" sizes=\"auto, (max-width: 660px) 100vw, 660px\" \/><\/a><\/p>\n<blockquote><p>Jag har blivit uth\u00e4ngd. Den h\u00e4r enkle bloggaren kan numera titulera sig \u201ddemokratiterrorist\u201d &#8211; om nu n\u00e5got s\u00e5 korkat skulle falla mig in.<\/p>\n<p>Det g\u00f6r det inte.<\/p><\/blockquote>\n<p>Allt b\u00f6rjade med att jag s\u00e5g n\u00e5gra bra bilder dyka upp p\u00e5 Facebook d\u00e5 och d\u00e5, som den ovan. Vassa bilder med tydlig udd mot fr\u00e4mlingsfientlighet och f\u00f6r medm\u00e4nsklig m\u00e5ngfald.<\/p>\n<p>Till slut b\u00f6rjade jag fundera \u00f6ver varifr\u00e5n dessa bilder kom. Svaret visade sig vara en Facebookgrupp med det sj\u00e4lvironiska namnet Propagandacentralen. S\u00e5h\u00e4r beskriver gruppen sig sj\u00e4lv:<\/p>\n<p style=\"padding-left: 30px;\"><em>Samlingsplats f\u00f6r bildmaterial i kampen mot rasism och fascism.<\/em><em><br \/>\nBilderna f\u00e5r och b\u00f6r spridas fritt.<br \/>\nGruppen \u00e4r inget diskussionsforum per s\u00e9 utan en bildbank helt enkelt.<br \/>\nHar du id\u00e9er p\u00e5 bilder s\u00e5 PM:a s\u00e5 f\u00e5r vi se vad vi kan g\u00f6ra.<\/em><\/p>\n<p>Mer terroristisk \u00e4n s\u00e5 var inte gruppen som \u00e4r helt offentlig. Jag best\u00e4mde mig f\u00f6r att g\u00e5 med, eftersom jag vill forts\u00e4tta se deras bilder n\u00e4r de \u00e4r f\u00e4rska. Humor g\u00f6r dagarna gladare har livet l\u00e4rt mig.<\/p>\n<p><strong>H\u00e4ngde ut oss alla<br \/>\n<\/strong>Nu har domen kommit fr\u00e5n de som inte tycker om fr\u00e4mlingar. Tillsammans med alla andra 6 000 medlemmar i bildgruppen har jag blivit uth\u00e4ngd av en h\u00f6gerextrem webbplats. Den heter <em>Gruppv\u00e5ldt\u00e4kt Sverige<\/em> om du \u00f6vers\u00e4tter namnet till svenska.<\/p>\n<p>De publicerade alla v\u00e5ra namn, facebookadresser och syssels\u00e4ttningar p\u00e5 n\u00e4tet. De f\u00f6rklarade det med:<\/p>\n<p style=\"padding-left: 30px;\"><em>\u201dEn komplett lista \u00f6ver alla medlemmar i demokratiterrorgruppen\u201d. \u201dPropagandacentralen \u00e4r extremv\u00e4nsteraktivister med kopplingar till SVT.\u201d<\/em><\/p>\n<p><strong>Tusen nya p\u00e5 en vecka<br \/>\n<\/strong>Namnlistor p\u00e5 folk som inte tror, ser ut eller t\u00e4nker som du. Var h\u00f6rde vi senast talas om s\u00e5dana listor? De svenska nazisternas judekartotek under andra v\u00e4rldskriget?<\/p>\n<p>Vore inte sammanhanget s\u00e5 f\u00f6rf\u00e4rligt skulle jag tycka att formuleringarna var roliga. \u201dDemokratiterror\u201d \u2013 hur ser en s\u00e5dan skvader ut? Det finns ju inget mer odemokratiskt \u00e4n terror. Folkskr\u00e4msel och massd\u00f6d i st\u00e4llet f\u00f6r folkstyre och levade masskontakt.<\/p>\n<p>Men extremv\u00e4nster d\u00e5? Nja du. I h\u00f6st \u00e4r det 43 \u00e5r sedan jag bek\u00e4nde mig till den demokratiska socialismen. Sedan n\u00e4r blev den extrem? Tror gangraparna verkligen att 6 000 personer i en stillsam Facebookgrupp har &#8221;kopplingar till SVT&#8221;? Allihop? Hur d\u00e5?\u00a0Genom att vi har v\u00e5r tv inkopplad och betalar v\u00e5r licens?<\/p>\n<p>Vi \u00e4r inte 6 000 l\u00e4ngre. Vi blev drygt 1 000 till p\u00e5 mindre \u00e4n en vecka, tack vare <em>Gruppv\u00e5ldt\u00e4kt Sverige<\/em>.<\/p>\n<p>Humor.<\/p>\n<p style=\"text-align: right;\"><em>Bilden ovan \u00e4r ett exempel p\u00e5 de bilder<br \/>\nsom Propagandacentralen\u00a0producerar<br \/>\noch l\u00e4gger ut\u00a0till fritt anv\u00e4ndande.<\/em><em>\u00a0<\/em><\/p>\n","protected":false},"excerpt":{"rendered":"<p>Jag har blivit uth\u00e4ngd. Den h\u00e4r enkle bloggaren kan numera titulera sig \u201ddemokratiterrorist\u201d &#8211; om nu n\u00e5got s\u00e5 korkat skulle falla mig in. Det g\u00f6r det inte. Allt b\u00f6rjade med att jag s\u00e5g n\u00e5gra bra bilder dyka upp p\u00e5 Facebook d\u00e5 och d\u00e5, som den ovan. Vassa bilder med tydlig udd mot fr\u00e4mlingsfientlighet och f\u00f6r &hellip; <a href=\"https:\/\/sven-ove.nu\/?p=18583\" class=\"more-link\">Forts\u00e4tt l\u00e4sa <span class=\"screen-reader-text\">Hur ser en s\u00e5dan skvader ut?<\/span><\/a><\/p>\n","protected":false},"author":1,"featured_media":0,"comment_status":"open","ping_status":"open","sticky":false,"template":"","format":"standard","meta":{"_crdt_document":"","_monsterinsights_skip_tracking":false,"_monsterinsights_sitenote_active":false,"_monsterinsights_sitenote_note":"","_monsterinsights_sitenote_category":0,"footnotes":""},"categories":[9],"tags":[16,15],"class_list":["post-18583","post","type-post","status-publish","format-standard","hentry","category-politik","tag-dumheter","tag-mediedjungeln"],"_links":{"self":[{"href":"https:\/\/sven-ove.nu\/index.php?rest_route=\/wp\/v2\/posts\/18583","targetHints":{"allow":["GET"]}}],"collection":[{"href":"https:\/\/sven-ove.nu\/index.php?rest_route=\/wp\/v2\/posts"}],"about":[{"href":"https:\/\/sven-ove.nu\/index.php?rest_route=\/wp\/v2\/types\/post"}],"author":[{"embeddable":true,"href":"https:\/\/sven-ove.nu\/index.php?rest_route=\/wp\/v2\/users\/1"}],"replies":[{"embeddable":true,"href":"https:\/\/sven-ove.nu\/index.php?rest_route=%2Fwp%2Fv2%2Fcomments&post=18583"}],"version-history":[{"count":11,"href":"https:\/\/sven-ove.nu\/index.php?rest_route=\/wp\/v2\/posts\/18583\/revisions"}],"predecessor-version":[{"id":18595,"href":"https:\/\/sven-ove.nu\/index.php?rest_route=\/wp\/v2\/posts\/18583\/revisions\/18595"}],"wp:attachment":[{"href":"https:\/\/sven-ove.nu\/index.php?rest_route=%2Fwp%2Fv2%2Fmedia&parent=18583"}],"wp:term":[{"taxonomy":"category","embeddable":true,"href":"https:\/\/sven-ove.nu\/index.php?rest_route=%2Fwp%2Fv2%2Fcategories&post=18583"},{"taxonomy":"post_tag","embeddable":true,"href":"https:\/\/sven-ove.nu\/index.php?rest_route=%2Fwp%2Fv2%2Ftags&post=18583"}],"curies":[{"name":"wp","href":"https:\/\/api.w.org\/{rel}","templated":true}]}}