{"id":18630,"date":"2017-11-09T04:28:46","date_gmt":"2017-11-09T03:28:46","guid":{"rendered":"http:\/\/sven-ove.nu\/?p=18630"},"modified":"2017-11-08T11:47:08","modified_gmt":"2017-11-08T10:47:08","slug":"18630","status":"publish","type":"post","link":"https:\/\/sven-ove.nu\/?p=18630","title":{"rendered":"B\u00e4sta s\u00e4ttet att f\u00e5 n\u00e5got gjort"},"content":{"rendered":"<p><a href=\"https:\/\/sven-ove.nu\/wp-content\/uploads\/2017\/11\/Sprakar.jpg\"><img loading=\"lazy\" decoding=\"async\" class=\"size-large wp-image-18641 alignnone\" src=\"https:\/\/sven-ove.nu\/wp-content\/uploads\/2017\/11\/Sprakar-1024x1024.jpg\" alt=\"\" width=\"660\" height=\"660\" srcset=\"https:\/\/sven-ove.nu\/wp-content\/uploads\/2017\/11\/Sprakar-1024x1024.jpg 1024w, https:\/\/sven-ove.nu\/wp-content\/uploads\/2017\/11\/Sprakar-150x150.jpg 150w, https:\/\/sven-ove.nu\/wp-content\/uploads\/2017\/11\/Sprakar-300x300.jpg 300w, https:\/\/sven-ove.nu\/wp-content\/uploads\/2017\/11\/Sprakar-768x768.jpg 768w, https:\/\/sven-ove.nu\/wp-content\/uploads\/2017\/11\/Sprakar.jpg 1280w\" sizes=\"auto, (max-width: 660px) 100vw, 660px\" \/><\/a><\/p>\n<p>Tv\u00e4tta kl\u00e4der. Vattna blommor. S\u00e5ga lite ved. H\u00e4mta tidningen. H\u00e4mta posten. G\u00e5 p\u00e5 onsdagsvandring med tv\u00e5 v\u00e4nner, kl\u00e4ttra upp p\u00e5 ett berg tv\u00e5 av oss aldrig varit uppe p\u00e5 f\u00f6rut, grilla korv och prata om de f\u00e5gelm\u00e5lande br\u00f6derna von Wright. Cykla ner till biblioteket och be dem ta hem David V\u00e4yrynens diktsamling Marken. Dricka f\u00f6rmiddagskaffe. Dricka eftermiddagskaffe. G\u00f6ra grekisk sallad. Forts\u00e4tta d\u00f6dst\u00e4dningen i arbetsrummet, fastna i en tidskriftssamlare med gamla klipp om v\u00e4dersp\u00e5mannen Birger Wiklund fr\u00e5n Yggen\u00e4s, Eksh\u00e4rad:<\/p>\n<p style=\"padding-left: 30px;\"><em>\u201d- Temperaturen kommer att hoppa som en hare. En dag varmt, n\u00e4sta dag kallt. Det kan bli dagar under rallyt med ner till 25 minusgrader.<\/em><\/p>\n<p style=\"padding-left: 30px;\"><em>Det s\u00e4ger v\u00e4dersp\u00e5mannen Birger Wiklund fr\u00e5n Eksh\u00e4rad till sajten rallysportnews. Birger sp\u00e5r i abborrfenor, som ocks\u00e5 avsl\u00f6jar att det blir mycket lite nederb\u00f6rd i b\u00f6rjan av februari.\u201d (2005).<\/em><\/p>\n<p>Fundera \u00f6ver de snirkligt handskrivna breven som Birger brukade skicka. Skriva till husorganet f\u00f6r att \u00e4n en g\u00e5ng f\u00f6rs\u00f6ka f\u00e5 dem att f\u00e5 ordning p\u00e5 e-prenumerationen vi har r\u00e4tt till, n\u00e4r vi nu betalar f\u00f6r papperstidningen. Ringa till Coop i Stockholm och be att f\u00e5 ny pinkod till Medmera-kortet n\u00e4r jag gl\u00f6mt den gamla. Betala elektrikern. Sortera b\u00f6cker i vardagsrummet. Ringa barnen. Studera f\u00e5glarna i paradis\u00e4ppeltr\u00e4det, s\u00e4rskilt sidensvansarna. Skriva blogginl\u00e4gg om statliga MSB som bos\u00e4tter sig vid vattenkanten. Leta \u00f6versv\u00e4mningskartor p\u00e5 Google. Gratulera Facebookv\u00e4nner som fyller \u00e5r. L\u00e4gga ut en bild p\u00e5 frasande fruset gr\u00e4s p\u00e5 Instagram. Swisha pengar f\u00f6r jultidningar till n\u00e5gra barn i grannkvarteret. L\u00e4sa serien Medel\u00e5lders Plus i V\u00e4rmlands Folkblad. Dricka p\u00e5t\u00e5r, fundera \u00f6ver l\u00e4get inom polisk\u00e5ren i Ukraina, vila middag&#8230;<\/p>\n<p>\u2026 t\u00e4nk vad mycket jag f\u00e5r gjort, n\u00e4r jag egentligen har n\u00e5got annat jag m\u00e5ste\u00a0g\u00f6ra.<\/p>\n<p><em><span style=\"color: #ff6600;\"><strong>###<\/strong><\/span> Nu kan du snart inte skjuta upp det l\u00e4ngre, Svensson.<br \/>\n<\/em><em><span style=\"color: #ff6600;\"><strong>###<\/strong><\/span> S\u00e4tt dig nu ner och skriv ditt manus och b\u00f6rja tr\u00e4na p\u00e5 l\u00f6rdagens framtr\u00e4dande. Klockan g\u00e5r.<br \/>\n<\/em><em><span style=\"color: #ff6600;\"><strong>###<\/strong><\/span> Det kan vara sista g\u00e5ngen n\u00e5gon ber dig.<\/em><em>\u00a0<\/em><\/p>\n<p>Asch, jag plockar ur diskmaskinen f\u00f6rst. Det \u00e4r inte l\u00f6rdag eftermiddag \u00e4n.<\/p>\n<hr \/>\n<p><a href=\"https:\/\/sven-ove.nu\/wp-content\/uploads\/2017\/11\/Litteratureftermiddag.jpg\"><img loading=\"lazy\" decoding=\"async\" class=\"size-large wp-image-18638 alignnone\" src=\"https:\/\/sven-ove.nu\/wp-content\/uploads\/2017\/11\/Litteratureftermiddag-617x1024.jpg\" alt=\"\" width=\"617\" height=\"1024\" srcset=\"https:\/\/sven-ove.nu\/wp-content\/uploads\/2017\/11\/Litteratureftermiddag-617x1024.jpg 617w, https:\/\/sven-ove.nu\/wp-content\/uploads\/2017\/11\/Litteratureftermiddag-181x300.jpg 181w, https:\/\/sven-ove.nu\/wp-content\/uploads\/2017\/11\/Litteratureftermiddag-768x1275.jpg 768w, https:\/\/sven-ove.nu\/wp-content\/uploads\/2017\/11\/Litteratureftermiddag.jpg 771w\" sizes=\"auto, (max-width: 617px) 100vw, 617px\" \/><\/a><\/p>\n<p><span style=\"color: #0000ff;\"><a style=\"color: #0000ff;\" href=\"https:\/\/sven-ove.nu\/\">Hem<\/a><\/span>\u00a0|\u00a0<span style=\"color: #0000ff;\"><a style=\"color: #0000ff;\" href=\"https:\/\/sven-ove.nu\/?page_id=170\">Om mig<\/a><\/span>\u00a0|\u00a0<span style=\"color: #0000ff;\"><a style=\"color: #0000ff;\" href=\"https:\/\/sven-ove.nu\/?page_id=1385\">Skriva &amp; prata<\/a><\/span>\u00a0|\u00a0<span style=\"color: #0000ff;\"><a style=\"color: #0000ff;\" href=\"https:\/\/sven-ove.nu\/?page_id=100\">Politik<\/a><\/span>\u00a0|\u00a0<span style=\"color: #0000ff;\"><a style=\"color: #0000ff;\" href=\"https:\/\/sven-ove.nu\/?page_id=102\">L\u00f6pa<\/a><\/span>\u00a0|\u00a0<span style=\"color: #0000ff;\"><a style=\"color: #0000ff;\" href=\"https:\/\/sven-ove.nu\/?page_id=108\">Viktor Root<\/a><\/span>\u00a0| <a href=\"https:\/\/sven-ove.nu\/?page_id=15908\"><span style=\"color: #0000ff;\">Firman<\/span>\u00a0<\/a>|\u00a0<span style=\"color: #0000ff;\"><a style=\"color: #0000ff;\" href=\"https:\/\/sven-ove.nu\/?page_id=15638\">K\u00f4ppra<\/a><\/span> <em>(c) Sven-Ove Svensson (men dela g\u00e4rna)<\/em><\/p>\n","protected":false},"excerpt":{"rendered":"<p>Tv\u00e4tta kl\u00e4der. Vattna blommor. S\u00e5ga lite ved. H\u00e4mta tidningen. H\u00e4mta posten. G\u00e5 p\u00e5 onsdagsvandring med tv\u00e5 v\u00e4nner, kl\u00e4ttra upp p\u00e5 ett berg tv\u00e5 av oss aldrig varit uppe p\u00e5 f\u00f6rut, grilla korv och prata om de f\u00e5gelm\u00e5lande br\u00f6derna von Wright. Cykla ner till biblioteket och be dem ta hem David V\u00e4yrynens diktsamling Marken. Dricka f\u00f6rmiddagskaffe. &hellip; <a href=\"https:\/\/sven-ove.nu\/?p=18630\" class=\"more-link\">Forts\u00e4tt l\u00e4sa <span class=\"screen-reader-text\">B\u00e4sta s\u00e4ttet att f\u00e5 n\u00e5got gjort<\/span><\/a><\/p>\n","protected":false},"author":1,"featured_media":0,"comment_status":"open","ping_status":"open","sticky":false,"template":"","format":"standard","meta":{"_crdt_document":"","_monsterinsights_skip_tracking":false,"_monsterinsights_sitenote_active":false,"_monsterinsights_sitenote_note":"","_monsterinsights_sitenote_category":0,"footnotes":""},"categories":[4],"tags":[3,18],"class_list":["post-18630","post","type-post","status-publish","format-standard","hentry","category-skrivande","tag-arbete","tag-lardomar"],"_links":{"self":[{"href":"https:\/\/sven-ove.nu\/index.php?rest_route=\/wp\/v2\/posts\/18630","targetHints":{"allow":["GET"]}}],"collection":[{"href":"https:\/\/sven-ove.nu\/index.php?rest_route=\/wp\/v2\/posts"}],"about":[{"href":"https:\/\/sven-ove.nu\/index.php?rest_route=\/wp\/v2\/types\/post"}],"author":[{"embeddable":true,"href":"https:\/\/sven-ove.nu\/index.php?rest_route=\/wp\/v2\/users\/1"}],"replies":[{"embeddable":true,"href":"https:\/\/sven-ove.nu\/index.php?rest_route=%2Fwp%2Fv2%2Fcomments&post=18630"}],"version-history":[{"count":10,"href":"https:\/\/sven-ove.nu\/index.php?rest_route=\/wp\/v2\/posts\/18630\/revisions"}],"predecessor-version":[{"id":18632,"href":"https:\/\/sven-ove.nu\/index.php?rest_route=\/wp\/v2\/posts\/18630\/revisions\/18632"}],"wp:attachment":[{"href":"https:\/\/sven-ove.nu\/index.php?rest_route=%2Fwp%2Fv2%2Fmedia&parent=18630"}],"wp:term":[{"taxonomy":"category","embeddable":true,"href":"https:\/\/sven-ove.nu\/index.php?rest_route=%2Fwp%2Fv2%2Fcategories&post=18630"},{"taxonomy":"post_tag","embeddable":true,"href":"https:\/\/sven-ove.nu\/index.php?rest_route=%2Fwp%2Fv2%2Ftags&post=18630"}],"curies":[{"name":"wp","href":"https:\/\/api.w.org\/{rel}","templated":true}]}}