{"id":18645,"date":"2017-11-13T04:39:52","date_gmt":"2017-11-13T03:39:52","guid":{"rendered":"http:\/\/sven-ove.nu\/?p=18645"},"modified":"2017-11-12T19:45:29","modified_gmt":"2017-11-12T18:45:29","slug":"pa-kulturens-tid","status":"publish","type":"post","link":"https:\/\/sven-ove.nu\/?p=18645","title":{"rendered":"P\u00e5 kulturens tid"},"content":{"rendered":"<p><a href=\"https:\/\/sven-ove.nu\/wp-content\/uploads\/2017\/11\/Lusten-affisch.jpg\"><img loading=\"lazy\" decoding=\"async\" class=\"size-large wp-image-18646 alignnone\" src=\"https:\/\/sven-ove.nu\/wp-content\/uploads\/2017\/11\/Lusten-affisch-875x1024.jpg\" alt=\"\" width=\"660\" height=\"772\" srcset=\"https:\/\/sven-ove.nu\/wp-content\/uploads\/2017\/11\/Lusten-affisch-875x1024.jpg 875w, https:\/\/sven-ove.nu\/wp-content\/uploads\/2017\/11\/Lusten-affisch-256x300.jpg 256w, https:\/\/sven-ove.nu\/wp-content\/uploads\/2017\/11\/Lusten-affisch-768x899.jpg 768w, https:\/\/sven-ove.nu\/wp-content\/uploads\/2017\/11\/Lusten-affisch.jpg 1094w\" sizes=\"auto, (max-width: 660px) 100vw, 660px\" \/><\/a><\/p>\n<p>En g\u00e5ng i tiden bedrev mitt landsting en aktiv och offensiv kulturpolitik. K\u00f6pte lokala f\u00f6rfattares b\u00f6cker till v\u00e4ntrummen, lokala tidskrifter med. Detta var en viktig del i ekonomin f\u00f6r olika utgivare. Den g\u00e5ngen hade dessutom studief\u00f6rbunden pengar till att kraftigt subventionera f\u00f6rfattarprogram. Kom de pengarna ocks\u00e5 fr\u00e5n landstinget?<\/p>\n<p>En g\u00e5ng i tiden hade vi kulturn\u00e4mnder i kommunerna. Intresserat folk som k\u00e4nde sin kultur och visste varf\u00f6r den beh\u00f6vdes. I min kommun h\u00e4nde det sig till och med att n\u00e4mnden best\u00e4llde en teaterpj\u00e4s om Deje, en av v\u00e5ra bruksorter.<\/p>\n<p>En g\u00e5ng i tiden.<br \/>\nInnan politikerd\u00f6den.<\/p>\n<p><em><span style=\"color: #ff0000;\"><strong>###<\/strong><\/span> Pj\u00e4sen hette Lusten finns, Gr\u00e5ten \u00e4r borta.<br \/>\n<\/em><em><span style=\"color: #ff0000;\"><strong>###<\/strong><\/span> Aino Trosell skrev arbetarspelet, en p\u00e4rla till <\/em><em>stycke<\/em><em>.<br \/>\n<\/em><em><strong><span style=\"color: #ff0000;\">###<\/span><\/strong> Ordet &#8221;politikerd\u00f6den&#8221; ska ses bildligt. Sverige beh\u00f6ver fler politiker.<\/em><\/p>\n<p style=\"text-align: right;\">P\u00e5 affischen\u00a0anar vi bloggaren sj\u00e4lv<br \/>\ni rollen som bruksarbetare i pj\u00e4sen<br \/>\n(h\u00e4r med Agneta Lindh).<\/p>\n<p><span style=\"color: #0000ff;\"><a style=\"color: #0000ff;\" href=\"https:\/\/sven-ove.nu\/\">Hem<\/a><\/span>\u00a0|\u00a0<span style=\"color: #0000ff;\"><a style=\"color: #0000ff;\" href=\"https:\/\/sven-ove.nu\/?page_id=170\">Om mig<\/a><\/span>\u00a0|\u00a0<span style=\"color: #0000ff;\"><a style=\"color: #0000ff;\" href=\"https:\/\/sven-ove.nu\/?page_id=1385\">Skriva &amp; prata<\/a><\/span>\u00a0|\u00a0<span style=\"color: #0000ff;\"><a style=\"color: #0000ff;\" href=\"https:\/\/sven-ove.nu\/?page_id=100\">Politik<\/a><\/span>\u00a0|\u00a0<span style=\"color: #0000ff;\"><a style=\"color: #0000ff;\" href=\"https:\/\/sven-ove.nu\/?page_id=102\">L\u00f6pa<\/a><\/span>\u00a0|\u00a0<span style=\"color: #0000ff;\"><a style=\"color: #0000ff;\" href=\"https:\/\/sven-ove.nu\/?page_id=108\">Viktor Root<\/a><\/span>\u00a0| <a href=\"https:\/\/sven-ove.nu\/?page_id=15908\"><span style=\"color: #0000ff;\">Firman<\/span>\u00a0<\/a>|\u00a0<span style=\"color: #0000ff;\"><a style=\"color: #0000ff;\" href=\"https:\/\/sven-ove.nu\/?page_id=15638\">K\u00f4ppra<\/a><\/span> <em>(c) Sven-Ove Svensson (men dela g\u00e4rna i sociala medier)<\/em><\/p>\n","protected":false},"excerpt":{"rendered":"<p>En g\u00e5ng i tiden bedrev mitt landsting en aktiv och offensiv kulturpolitik. K\u00f6pte lokala f\u00f6rfattares b\u00f6cker till v\u00e4ntrummen, lokala tidskrifter med. Detta var en viktig del i ekonomin f\u00f6r olika utgivare. Den g\u00e5ngen hade dessutom studief\u00f6rbunden pengar till att kraftigt subventionera f\u00f6rfattarprogram. Kom de pengarna ocks\u00e5 fr\u00e5n landstinget? En g\u00e5ng i tiden hade vi kulturn\u00e4mnder &hellip; <a href=\"https:\/\/sven-ove.nu\/?p=18645\" class=\"more-link\">Forts\u00e4tt l\u00e4sa <span class=\"screen-reader-text\">P\u00e5 kulturens tid<\/span><\/a><\/p>\n","protected":false},"author":1,"featured_media":0,"comment_status":"open","ping_status":"open","sticky":false,"template":"","format":"standard","meta":{"_crdt_document":"","_monsterinsights_skip_tracking":false,"_monsterinsights_sitenote_active":false,"_monsterinsights_sitenote_note":"","_monsterinsights_sitenote_category":0,"footnotes":""},"categories":[28,9],"tags":[3,8,18,21],"class_list":["post-18645","post","type-post","status-publish","format-standard","hentry","category-kreativt-folk","category-politik","tag-arbete","tag-historia","tag-lardomar","tag-ord"],"_links":{"self":[{"href":"https:\/\/sven-ove.nu\/index.php?rest_route=\/wp\/v2\/posts\/18645","targetHints":{"allow":["GET"]}}],"collection":[{"href":"https:\/\/sven-ove.nu\/index.php?rest_route=\/wp\/v2\/posts"}],"about":[{"href":"https:\/\/sven-ove.nu\/index.php?rest_route=\/wp\/v2\/types\/post"}],"author":[{"embeddable":true,"href":"https:\/\/sven-ove.nu\/index.php?rest_route=\/wp\/v2\/users\/1"}],"replies":[{"embeddable":true,"href":"https:\/\/sven-ove.nu\/index.php?rest_route=%2Fwp%2Fv2%2Fcomments&post=18645"}],"version-history":[{"count":3,"href":"https:\/\/sven-ove.nu\/index.php?rest_route=\/wp\/v2\/posts\/18645\/revisions"}],"predecessor-version":[{"id":18649,"href":"https:\/\/sven-ove.nu\/index.php?rest_route=\/wp\/v2\/posts\/18645\/revisions\/18649"}],"wp:attachment":[{"href":"https:\/\/sven-ove.nu\/index.php?rest_route=%2Fwp%2Fv2%2Fmedia&parent=18645"}],"wp:term":[{"taxonomy":"category","embeddable":true,"href":"https:\/\/sven-ove.nu\/index.php?rest_route=%2Fwp%2Fv2%2Fcategories&post=18645"},{"taxonomy":"post_tag","embeddable":true,"href":"https:\/\/sven-ove.nu\/index.php?rest_route=%2Fwp%2Fv2%2Ftags&post=18645"}],"curies":[{"name":"wp","href":"https:\/\/api.w.org\/{rel}","templated":true}]}}