{"id":18663,"date":"2017-11-15T04:21:22","date_gmt":"2017-11-15T03:21:22","guid":{"rendered":"http:\/\/sven-ove.nu\/?p=18663"},"modified":"2017-11-14T20:34:57","modified_gmt":"2017-11-14T19:34:57","slug":"18663","status":"publish","type":"post","link":"https:\/\/sven-ove.nu\/?p=18663","title":{"rendered":"Pjuck! Jag vill ha mat!"},"content":{"rendered":"<p style=\"padding-left: 30px;\"><a href=\"https:\/\/sven-ove.nu\/wp-content\/uploads\/2017\/11\/F\u00e5gelmorgon.jpg\"><img loading=\"lazy\" decoding=\"async\" class=\"size-medium wp-image-18667 alignnone\" src=\"https:\/\/sven-ove.nu\/wp-content\/uploads\/2017\/11\/F\u00e5gelmorgon-300x300.jpg\" alt=\"\" width=\"300\" height=\"300\" srcset=\"https:\/\/sven-ove.nu\/wp-content\/uploads\/2017\/11\/F\u00e5gelmorgon-300x300.jpg 300w, https:\/\/sven-ove.nu\/wp-content\/uploads\/2017\/11\/F\u00e5gelmorgon-150x150.jpg 150w, https:\/\/sven-ove.nu\/wp-content\/uploads\/2017\/11\/F\u00e5gelmorgon-768x768.jpg 768w, https:\/\/sven-ove.nu\/wp-content\/uploads\/2017\/11\/F\u00e5gelmorgon-1024x1024.jpg 1024w, https:\/\/sven-ove.nu\/wp-content\/uploads\/2017\/11\/F\u00e5gelmorgon.jpg 1280w\" sizes=\"auto, (max-width: 300px) 100vw, 300px\" \/><\/a><\/p>\n<p>Tisdag, l\u00e4ser nyheter i mobilen i s\u00e4ngen. Ute har det kommit n\u00e5gra sn\u00f6st\u00e4nk, inne h\u00e4mtar jag kikaren och uppt\u00e4cker en vackerv\u00e4n under paradis\u00e4ppeltr\u00e4det. Gr\u00e5siskan. \u00c4nnu en av dessa f\u00e5glar vars namn jag inte f\u00f6rst\u00e5r men som \u00e4nd\u00e5 \u00e4r en favorit. Hon k\u00e4nns allt annat \u00e4n gr\u00e5. P\u00e5 bilden i kikaren lyser hennes r\u00f6da m\u00f6ssa fint, inte bryr hon sig om att det sitter en domherre p\u00e5 en gren ovanf\u00f6r henne och br\u00f6star sig.<\/p>\n<p>Eller, det g\u00f6r hon nog, men hon st\u00e5r ut. Small is beautiful.<\/p>\n<p><strong>Valde villalivet<br \/>\n<\/strong>Domherrar f\u00f6rv\u00e4ntas bo i skogen p\u00e5 sommaren och dyka upp vid v\u00e5ra foderautomater f\u00f6rst p\u00e5 h\u00f6sten. Det har inte domherrarna p\u00e5 v\u00e5r gata f\u00e5tt n\u00e5gon information om. De h\u00e4ckar glatt i tr\u00e4dg\u00e5rden hos en granne som lyckats skapa r\u00e4tt sommarmilj\u00f6 f\u00f6r dem.<\/p>\n<p>Medan jag h\u00e4ller upp l\u00e4ttfilen konstaterar jag \u00e4n en g\u00e5ng att det g\u00e5r bra med f\u00e5gelbordssk\u00e5dningen. Gr\u00e5siskan var art nummer 18 sedan 15 oktober, det \u00e4r vi n\u00f6jda med.<\/p>\n<p><strong>Pjuck!<\/strong> ropar domherren\u00a0genom rutan, ett av de f\u00e5 nya l\u00e4ten jag till sist l\u00e4rt mig sedan pensioneringen.<\/p>\n<p>Ambitionen var stolt. Jag skulle l\u00e4ra mig massor av f\u00e5gell\u00e4ten, det som jag \u00e4r s\u00e5 d\u00e5lig p\u00e5. N\u00e5, ett domherrepjuck \u00e4r \u00e4nd\u00e5 ett litet steg fram\u00e5t, tack f\u00f6r det f\u00e5gels\u00e5ngspedagoger i sommarens o-ringenskog.<\/p>\n<p><strong>Laget lagom<br \/>\n<\/strong>I mobilen ber\u00e4ttar varenda artikel att Sverige vann \u00f6ver Italien med 0-0. Jag vet. Sj\u00e4lv hade jag tippat 1-1 men m\u00e5ll\u00f6st fick g\u00e5 det med. Vackert med ett landslag som upptr\u00e4der som ett lag och d\u00e4r m\u00f6jligen r\u00e4tt mediokra spelare, n\u00e5gra av dem, likafullt fyller sin plats och motar ut den italienska st\u00f6velns individualister ur f\u00f6rsta VM:et sedan 1958.<\/p>\n<p>G\u00f4tt.<\/p>\n<p>Pjuck, ropar domherren. Han vill ha mat. Helst solrosfr\u00f6n.\u00a0I dag \u00e4r han tr\u00f6tt p\u00e5 v\u00e5ra prakttryfr\u00f6n, direkt fr\u00e5n gren. Kom ut och fyll p\u00e5 i matar\u2019n nu, g\u00f4bbe.<\/p>\n<p style=\"padding-left: 30px;\"><em><span style=\"color: #ff6600;\"><strong>###<\/strong><\/span>\u00a0Titta, d\u00e4r kom svartmesen ocks\u00e5.<\/em><br \/>\n<em><span style=\"color: #ff6600;\"><strong>###<\/strong><\/span> Hej min v\u00e4n, det var l\u00e4ngesen!<\/em><br \/>\n<em><span style=\"color: #ff6600;\"><strong>###<\/strong><\/span> 19.<\/em><\/p>\n<p><span style=\"color: #0000ff;\"><a style=\"color: #0000ff;\" href=\"https:\/\/sven-ove.nu\/\">Hem<\/a><\/span>\u00a0|\u00a0<span style=\"color: #0000ff;\"><a style=\"color: #0000ff;\" href=\"https:\/\/sven-ove.nu\/?page_id=170\">Om mig<\/a><\/span>\u00a0|\u00a0<span style=\"color: #0000ff;\"><a style=\"color: #0000ff;\" href=\"https:\/\/sven-ove.nu\/?page_id=1385\">Skriva &amp; prata<\/a><\/span>\u00a0|\u00a0<span style=\"color: #0000ff;\"><a style=\"color: #0000ff;\" href=\"https:\/\/sven-ove.nu\/?page_id=100\">Politik<\/a><\/span>\u00a0|\u00a0<span style=\"color: #0000ff;\"><a style=\"color: #0000ff;\" href=\"https:\/\/sven-ove.nu\/?page_id=102\">L\u00f6pa<\/a><\/span>\u00a0|\u00a0<span style=\"color: #0000ff;\"><a style=\"color: #0000ff;\" href=\"https:\/\/sven-ove.nu\/?page_id=108\">Viktor Root<\/a><\/span>\u00a0| <a href=\"https:\/\/sven-ove.nu\/?page_id=15908\"><span style=\"color: #0000ff;\">Firman<\/span>\u00a0<\/a>|\u00a0<span style=\"color: #0000ff;\"><a style=\"color: #0000ff;\" href=\"https:\/\/sven-ove.nu\/?page_id=15638\">K\u00f4ppra<\/a><\/span> <em>(c) Sven-Ove Svensson (dela g\u00e4rna i sociala medier)<\/em><\/p>\n","protected":false},"excerpt":{"rendered":"<p>Tisdag, l\u00e4ser nyheter i mobilen i s\u00e4ngen. Ute har det kommit n\u00e5gra sn\u00f6st\u00e4nk, inne h\u00e4mtar jag kikaren och uppt\u00e4cker en vackerv\u00e4n under paradis\u00e4ppeltr\u00e4det. Gr\u00e5siskan. \u00c4nnu en av dessa f\u00e5glar vars namn jag inte f\u00f6rst\u00e5r men som \u00e4nd\u00e5 \u00e4r en favorit. Hon k\u00e4nns allt annat \u00e4n gr\u00e5. P\u00e5 bilden i kikaren lyser hennes r\u00f6da m\u00f6ssa fint, &hellip; <a href=\"https:\/\/sven-ove.nu\/?p=18663\" class=\"more-link\">Forts\u00e4tt l\u00e4sa <span class=\"screen-reader-text\">Pjuck! Jag vill ha mat!<\/span><\/a><\/p>\n","protected":false},"author":1,"featured_media":0,"comment_status":"open","ping_status":"open","sticky":false,"template":"","format":"standard","meta":{"_crdt_document":"","_monsterinsights_skip_tracking":false,"_monsterinsights_sitenote_active":false,"_monsterinsights_sitenote_note":"","_monsterinsights_sitenote_category":0,"footnotes":""},"categories":[6],"tags":[24],"class_list":["post-18663","post","type-post","status-publish","format-standard","hentry","category-natur","tag-karlek"],"_links":{"self":[{"href":"https:\/\/sven-ove.nu\/index.php?rest_route=\/wp\/v2\/posts\/18663","targetHints":{"allow":["GET"]}}],"collection":[{"href":"https:\/\/sven-ove.nu\/index.php?rest_route=\/wp\/v2\/posts"}],"about":[{"href":"https:\/\/sven-ove.nu\/index.php?rest_route=\/wp\/v2\/types\/post"}],"author":[{"embeddable":true,"href":"https:\/\/sven-ove.nu\/index.php?rest_route=\/wp\/v2\/users\/1"}],"replies":[{"embeddable":true,"href":"https:\/\/sven-ove.nu\/index.php?rest_route=%2Fwp%2Fv2%2Fcomments&post=18663"}],"version-history":[{"count":10,"href":"https:\/\/sven-ove.nu\/index.php?rest_route=\/wp\/v2\/posts\/18663\/revisions"}],"predecessor-version":[{"id":18675,"href":"https:\/\/sven-ove.nu\/index.php?rest_route=\/wp\/v2\/posts\/18663\/revisions\/18675"}],"wp:attachment":[{"href":"https:\/\/sven-ove.nu\/index.php?rest_route=%2Fwp%2Fv2%2Fmedia&parent=18663"}],"wp:term":[{"taxonomy":"category","embeddable":true,"href":"https:\/\/sven-ove.nu\/index.php?rest_route=%2Fwp%2Fv2%2Fcategories&post=18663"},{"taxonomy":"post_tag","embeddable":true,"href":"https:\/\/sven-ove.nu\/index.php?rest_route=%2Fwp%2Fv2%2Ftags&post=18663"}],"curies":[{"name":"wp","href":"https:\/\/api.w.org\/{rel}","templated":true}]}}