{"id":18678,"date":"2017-11-17T04:32:27","date_gmt":"2017-11-17T03:32:27","guid":{"rendered":"http:\/\/sven-ove.nu\/?p=18678"},"modified":"2017-11-16T20:56:43","modified_gmt":"2017-11-16T19:56:43","slug":"18678","status":"publish","type":"post","link":"https:\/\/sven-ove.nu\/?p=18678","title":{"rendered":"\u201dD\u00e4r blev jag den jag \u00e4r\u201d"},"content":{"rendered":"<p><a href=\"https:\/\/sven-ove.nu\/wp-content\/uploads\/2017\/11\/Ingenting.001.jpg\"><img loading=\"lazy\" decoding=\"async\" class=\"size-full wp-image-18681 alignnone\" src=\"https:\/\/sven-ove.nu\/wp-content\/uploads\/2017\/11\/Ingenting.001.jpg\" alt=\"\" width=\"470\" height=\"345\" srcset=\"https:\/\/sven-ove.nu\/wp-content\/uploads\/2017\/11\/Ingenting.001.jpg 470w, https:\/\/sven-ove.nu\/wp-content\/uploads\/2017\/11\/Ingenting.001-300x220.jpg 300w\" sizes=\"auto, (max-width: 470px) 100vw, 470px\" \/><\/a><\/p>\n<p style=\"padding-left: 30px;\"><em>Saker jag sl\u00e4ngt vecka 46.<\/em><\/p>\n<blockquote><p>D\u00f6st\u00e4dar p\u00e5 andra \u00e5ret. Det \u00e4r inte s\u00e5 illa som det l\u00e5ter, jag kramar den k\u00e4ra v\u00e4nnen, leker ordlekar med barnbarnen och g\u00e5r i skogen ocks\u00e5.<\/p>\n<p>Men \u00e4nd\u00e5. J\u00e4drar vad kul jag har haft de h\u00e4r f\u00f6rsta 66 \u00e5ren. Det \u00e4r vad samlingarna ber\u00e4ttar.<\/p><\/blockquote>\n<p>Egentligen borde jag skriva en f\u00f6rklaring till varenda papper och varenda pinal barnen kommer att hitta, noga undanstuvade i numrerade kartonger i snedgarderoben en dag. I varje kartong en lista, i mitt arbetsrum en p\u00e4rm med kopior p\u00e5 samma listor.<\/p>\n<p style=\"padding-left: 30px;\"><em>&#8221;<strong>Kartonglista, kartong nr 1<\/strong>: <strong>Brun tidskriftssamlare<\/strong>, \u2019Kartor, resebroschyrer\u2019. Kartor, resebroschyrer (bl a finska resan 1982, \u00e4ven vykort och n\u00e5gra biljetter d\u00e4rifr\u00e5n). <strong>Vit med r\u00f6da streckrutor<\/strong>: \u2019Journalistjox\u2019. Stilprov, avtal, typmeter mm journalistgrejor, Facit skrivmaskinkurs 1966. <strong>Telefonkataloger<\/strong>. Eniros Karlstaddelen 2004 (anv\u00e4nd vid framtr\u00e4dande i facket) och 2005. <strong>Arkivex<\/strong>, egna texter Sven-Ove. Leendet i vedl\u00e5dan. Folkskygga dikter. Rallarrosnumret vi redigerade: Kn\u00e4ckej\u00e4tten, Milj\u00f6tidningen. V\u00e4rml\u00e4ndsk Kultur. Kymmen-broschyr. Brevv\u00e4xling med Hans I p\u00e5 Bonniers.\u201d<\/em><\/p>\n<p>Hur var det Tage Danielsson sa? Utan tvivel \u00e4r man inte klok.<br \/>\nH\u00e4r f\u00f6ljer allts\u00e5 n\u00e5gra f\u00f6rklaringar:<\/p>\n<p><strong>D\u00e4rf\u00f6r tar det tid<br \/>\n<\/strong>F\u00f6rklaring till den lilla r\u00f6da boken med citat ur ordf\u00f6rande Maos verk p\u00e5 tyska, Worte des vorsitzenden Mao Tse-tung, Erste Miniatur-Ausgabe 1968: Den k\u00f6pte jag i Amsterdam n\u00e4r min gymnasiekamrat Q och jag var ute och liftade och jag h\u00f6ll p\u00e5 att bli galen efter tre veckor utan n\u00e5got att l\u00e4sa. Citatboken blev en fin tysk l\u00e4s\u00f6vning, eftersom jag i stort sett kunde citaten utantill p\u00e5 svenska. Ibland \u00e4r svenskan rappare \u00e4n tyska spr\u00e5ket.<\/p>\n<p style=\"padding-left: 30px;\"><em>Gibt es keine Volksarmee, dann gibt es nichts f\u00fcr das Volk.<br \/>\n<\/em><em>Utan en folkarm\u00e9 har folket ingenting.<\/em><\/p>\n<p style=\"padding-left: 30px;\"><a href=\"https:\/\/sven-ove.nu\/wp-content\/uploads\/2017\/11\/Worte.jpg\"><img loading=\"lazy\" decoding=\"async\" class=\"size-medium wp-image-18686 alignnone\" src=\"https:\/\/sven-ove.nu\/wp-content\/uploads\/2017\/11\/Worte-300x300.jpg\" alt=\"\" width=\"300\" height=\"300\" srcset=\"https:\/\/sven-ove.nu\/wp-content\/uploads\/2017\/11\/Worte-300x300.jpg 300w, https:\/\/sven-ove.nu\/wp-content\/uploads\/2017\/11\/Worte-150x150.jpg 150w, https:\/\/sven-ove.nu\/wp-content\/uploads\/2017\/11\/Worte-768x768.jpg 768w, https:\/\/sven-ove.nu\/wp-content\/uploads\/2017\/11\/Worte-1024x1024.jpg 1024w, https:\/\/sven-ove.nu\/wp-content\/uploads\/2017\/11\/Worte.jpg 1280w\" sizes=\"auto, (max-width: 300px) 100vw, 300px\" \/><\/a><\/p>\n<p>De sista 43 \u00e5ren har jag inte hittat n\u00e5gon bok d\u00e4r alla svaren finns. Jag f\u00e5r t\u00e4nka sj\u00e4lv. Det \u00e4r d\u00e4rf\u00f6r d\u00f6st\u00e4dning och andra projekt tar s\u00e5dan tid. En m\u00e5ste t\u00e4nka efter hela tiden.<\/p>\n<p><strong>En rulle Pritt<br \/>\n<\/strong>F\u00f6rklaring till standaret fr\u00e5n SISU Forshaga SK: det fick jag n\u00e4r jag fyllde 50 och alla mina personliga rekord bara var sju \u00e5r gamla.<\/p>\n<p>F\u00f6rklaring till slagan och den st\u00e5lskodda tr\u00e4spaden: de \u00e4r fr\u00e5n g\u00e5rden Nybyggeras i \u00f6stra Nyed. D\u00e4r blev jag den jag \u00e4r.<\/p>\n<p>Vi anv\u00e4nde dem aldrig, de verktygen \u00e4r \u00e4ldre \u00e4n oss. Vi hade tr\u00f6skverk, traktor och st\u00e5lspadar. Det hj\u00e4lpte inte.<\/p>\n<p>F\u00f6rklaring till Pritt, rullen med vit korrigeringstejp: den tejpen klistrade vi \u00f6ver s\u00e5dant som vi skrivit fel p\u00e5 skrivmaskinspapperet. Sedan kunde vi skriva \u00f6ver tejpen med nya svarta bokst\u00e4ver. Korrigeringsv\u00e4tska fanns p\u00e5 flaska ocks\u00e5, den anv\u00e4nde jag oftare.<\/p>\n<p><strong>Fick inte \u00e4ga telefonen<br \/>\n<\/strong>F\u00f6rklaring till den stora svarta telefonen med rund skiva med siffror inuti h\u00e5len: den gick det att ringa med. Nummerskivan kallades petmoj och hade ett speciellt l\u00e4te n\u00e4r den snurrade tillbaka i utg\u00e5ngsl\u00e4get.<\/p>\n<p>P\u00e5 den tiden ville vi att det skulle h\u00f6ras i huset n\u00e4r vi var p\u00e5 v\u00e4g att ringa. Vi ringde inte varje dag. Dyrast var det att ringa riks, d\u00e5 gick det fram en s\u00e4rskild signal s\u00e5 folk skulle h\u00f6ra hur dyrt det var. D\u00e5 var en nerv\u00f6s.<\/p>\n<p>En fick inte \u00e4ga sin telefon, den tillh\u00f6rde Televerket. Inte en enda m\u00e4nniska hade skickat ett mess.<\/p>\n<p>Ringa upp, sa vi. Upp. Ja\u2019 f\u00e5r ringe \u00f4pp Verner p\u00e5 Sme\u2019kul, sa pappa n\u00e4r v\u00e4gen skulle plogas eller sladdas.<\/p>\n<p><strong>Dags f\u00f6r de mystiska tidskriftssamlarna<br \/>\n<\/strong>Nu har jag kommit till de mystiska numrerade tidskriftssamlarna i papp av \u00e4ldre modell i inre snedgarderoben, de som var i v\u00e4gen f\u00f6r elektrikern nyss. Aha, nu ser jag. Nummer 1 inneh\u00e5ller utskick fr\u00e5n FNL-gruppen i Karlstad. D\u00e5, n\u00e4r det kunde komma 74 personer till ett vanligt medlemsm\u00f6te f\u00f6r folk som ville att USA skulle sluta med sitt imperialistiska angreppskrig mot det fattiga bondelandet Vietnam.<\/p>\n<p>74 stycken!<br \/>\nRespekt.<\/p>\n<p>En kallelse fr\u00e5n 1971 ber\u00e4ttar om f\u00f6rslaget att hyra f\u00f6re detta Finska butiken p\u00e5 V\u00e4stra Kanalgatan. Kalkylen kr\u00e4ver att sympatis\u00f6rer och medlemmar tillsammans l\u00e4gger 400 kronor i m\u00e5naden i en kampfond. Detta f\u00f6r att komplettera de 600 kronor styrelsen r\u00e4knar med att f\u00e5 in via hyror.<\/p>\n<p style=\"padding-left: 30px;\"><em>\u201dVad skall vi ha en lokal till? Svar: <u>arbetsplats<\/u> (stencilering, bulletinh\u00e4ftning, plakatm\u00e5lning, materielf\u00f6rvaring, samt att tryckpressen som ju \u00e4ven vi utnyttjar \u2013 finns n\u00e4ra till hands. <u>Samlingsplats<\/u> (studiem\u00f6ten o. dyl., dock ej medlemsm\u00f6ten, d\u00e5 det inte finns n\u00e5got rum som \u00e4r tillr\u00e4ckligt stort.). Lokalen skulle inneb\u00e4ra en <u>stimulans f\u00f6r gruppen<\/u>.\u201d<\/em><\/p>\n<p style=\"padding-left: 30px;\"><a href=\"https:\/\/sven-ove.nu\/wp-content\/uploads\/2017\/11\/Finska-butiken.jpg\"><img loading=\"lazy\" decoding=\"async\" class=\"size-medium wp-image-18696 alignnone\" src=\"https:\/\/sven-ove.nu\/wp-content\/uploads\/2017\/11\/Finska-butiken-300x281.jpg\" alt=\"\" width=\"300\" height=\"281\" srcset=\"https:\/\/sven-ove.nu\/wp-content\/uploads\/2017\/11\/Finska-butiken-300x281.jpg 300w, https:\/\/sven-ove.nu\/wp-content\/uploads\/2017\/11\/Finska-butiken-768x719.jpg 768w, https:\/\/sven-ove.nu\/wp-content\/uploads\/2017\/11\/Finska-butiken-1024x958.jpg 1024w, https:\/\/sven-ove.nu\/wp-content\/uploads\/2017\/11\/Finska-butiken.jpg 1280w\" sizes=\"auto, (max-width: 300px) 100vw, 300px\" \/><\/a><\/p>\n<p>Beslutet blev av. Ett tag bodde jag sj\u00e4lv i huset sedan, min f\u00f6rsta egna l\u00e4genhet.<\/p>\n<p>Tidskriftssamlare nummer 7 inneh\u00e5ller material l\u00e4ngre v\u00e4nsterifr\u00e5n. P\u00e5 en stencil hittar jag f\u00f6ljande handskrivna notering i kanten:<\/p>\n<p style=\"padding-left: 30px;\"><em>\u201dBara fick en kallelse utan vidare. Visste knappt vad ett PL-lag var f\u00f6r n\u00e5got. J\u00e4vla kommandometoder!\u201d.<\/em><\/p>\n<p>Hum\u00f6r hade han, den unge mannen. Tur att inte det gick \u00f6ver.<\/p>\n<p>I en plastmapp bredvid tidskriftssamlarna ligger material fr\u00e5n SSU, som jag gick med i 1974. Undrar om SSU Haga-Annedal fortfarande \u00e4r G\u00f6teborgs radikalaste SSU-klubb? Bland stencilerna fr\u00e5n klubbledarkursen p\u00e5 Bommersvik vid \u00e5rsskiftet 1974-1975 hittar jag en noggrann beskrivning av hur en kontrapropositionsvotering g\u00e5r till.<\/p>\n<p>S\u00e5nt sl\u00e4nger en inte. Det vet en aldrig n\u00e4r en st\u00f6ter p\u00e5 en kontrapropositition.<\/p>\n<p>I tidningen Radikalen nr 1 1975, socialdemokratisk ungdomstidning i G\u00f6teborg, hittar jag en artikel jag sj\u00e4lv skrivit medan jag gick p\u00e5 Journalisth\u00f6gskolan. D\u00e4r citerar jag S\u00f6ren Mannheimer, socialdemokrat och jurist vid Metall-41:an. Han talar vid ett SSU-m\u00f6te:<\/p>\n<p style=\"padding-left: 30px;\"><em>\u201d- Om kanske fem \u00e5r st\u00e5r vi vid spr\u00e4ngpunkten. N\u00e4r det inte g\u00e5r att reglera kapitalismen mer.<\/em><\/p>\n<p style=\"padding-left: 30px;\"><em>&#8211; Endera kommer d\u00e5 en borgerlig \u2019kontrarevolution\u2019. Eller s\u00e5 v\u00e4ljer svensk arbetarr\u00f6relse att <u>helt<\/u> ta \u00f6ver!\u201d<\/em><\/p>\n<p>S\u00e5nt sl\u00e4nger en inte.<\/p>\n<h3><strong>Saker jag t\u00e4nker g\u00f6mma s\u00e5 inte den k\u00e4ra v\u00e4nnen hittar dem:<\/strong><\/h3>\n<p><span style=\"color: #ff0000;\"><strong>\u221a<\/strong><\/span> Brandhj\u00e4lmen jag fick i Sacramento.<br \/>\n<strong><span style=\"color: #ff0000;\">\u221a<\/span><\/strong> Plastskynket de la \u00f6ver mig vid m\u00e5let vid Berlin Marathon 1991.<br \/>\n<strong><span style=\"color: #ff0000;\">\u221a<\/span><\/strong> Materialet till ungdomskursen med Svenska Tr\u00e4industriarbetaref\u00f6rbundet p\u00e5 Run\u00f6skolan den 14-19 oktober 1973.<br \/>\n<strong><span style=\"color: #ff0000;\">\u221a<\/span><\/strong> Min samling ob\u00e4rbara kepor med f\u00f6r fult tryck.<br \/>\n<strong><span style=\"color: #ff0000;\">\u221a<\/span><\/strong> Farfars mynningsladdare.<\/p>\n<p><a href=\"https:\/\/sven-ove.nu\/wp-content\/uploads\/2017\/11\/Hj\u00e4lmen.jpg\"><img loading=\"lazy\" decoding=\"async\" class=\"size-medium wp-image-18687 alignleft\" src=\"https:\/\/sven-ove.nu\/wp-content\/uploads\/2017\/11\/Hj\u00e4lmen-300x300.jpg\" alt=\"\" width=\"300\" height=\"300\" srcset=\"https:\/\/sven-ove.nu\/wp-content\/uploads\/2017\/11\/Hj\u00e4lmen-300x300.jpg 300w, https:\/\/sven-ove.nu\/wp-content\/uploads\/2017\/11\/Hj\u00e4lmen-150x150.jpg 150w, https:\/\/sven-ove.nu\/wp-content\/uploads\/2017\/11\/Hj\u00e4lmen-768x768.jpg 768w, https:\/\/sven-ove.nu\/wp-content\/uploads\/2017\/11\/Hj\u00e4lmen-1024x1024.jpg 1024w, https:\/\/sven-ove.nu\/wp-content\/uploads\/2017\/11\/Hj\u00e4lmen.jpg 1280w\" sizes=\"auto, (max-width: 300px) 100vw, 300px\" \/><\/a><\/p>\n<h3><strong>Saker jag sl\u00e4ngt vecka 46:<\/strong><\/h3>\n<p><strong><span style=\"color: #ff0000;\">\u221a<\/span><\/strong> Se stora bilden ovan.<\/p>\n<p style=\"text-align: right;\"><em>M\u00e5lningen av forna FNL-huset<br \/>\nvid\u00a0V\u00e4stra Kanalgatan<br \/>\ni Karlstad har Eva Sk\u00f6ld gjort.<\/em><\/p>\n<p><span style=\"color: #0000ff;\"><a style=\"color: #0000ff;\" href=\"https:\/\/sven-ove.nu\/\">Hem<\/a><\/span>\u00a0|\u00a0<span style=\"color: #0000ff;\"><a style=\"color: #0000ff;\" href=\"https:\/\/sven-ove.nu\/?page_id=170\">Om mig<\/a><\/span>\u00a0|\u00a0<span style=\"color: #0000ff;\"><a style=\"color: #0000ff;\" href=\"https:\/\/sven-ove.nu\/?page_id=1385\">Skriva &amp; prata<\/a><\/span>\u00a0|\u00a0<span style=\"color: #0000ff;\"><a style=\"color: #0000ff;\" href=\"https:\/\/sven-ove.nu\/?page_id=100\">Politik<\/a><\/span>\u00a0|\u00a0<span style=\"color: #0000ff;\"><a style=\"color: #0000ff;\" href=\"https:\/\/sven-ove.nu\/?page_id=102\">L\u00f6pa<\/a><\/span>\u00a0|\u00a0<span style=\"color: #0000ff;\"><a style=\"color: #0000ff;\" href=\"https:\/\/sven-ove.nu\/?page_id=108\">Viktor Root<\/a><\/span>\u00a0| <a href=\"https:\/\/sven-ove.nu\/?page_id=15908\"><span style=\"color: #0000ff;\">Firman<\/span>\u00a0<\/a>|\u00a0<span style=\"color: #0000ff;\"><a style=\"color: #0000ff;\" href=\"https:\/\/sven-ove.nu\/?page_id=15638\">K\u00f4ppra<\/a><\/span> <em>(c) Sven-Ove Svensson (dela g\u00e4rna i sociala medier)<\/em><\/p>\n","protected":false},"excerpt":{"rendered":"<p>Saker jag sl\u00e4ngt vecka 46. D\u00f6st\u00e4dar p\u00e5 andra \u00e5ret. Det \u00e4r inte s\u00e5 illa som det l\u00e5ter, jag kramar den k\u00e4ra v\u00e4nnen, leker ordlekar med barnbarnen och g\u00e5r i skogen ocks\u00e5. Men \u00e4nd\u00e5. J\u00e4drar vad kul jag har haft de h\u00e4r f\u00f6rsta 66 \u00e5ren. Det \u00e4r vad samlingarna ber\u00e4ttar. Egentligen borde jag skriva en f\u00f6rklaring &hellip; <a href=\"https:\/\/sven-ove.nu\/?p=18678\" class=\"more-link\">Forts\u00e4tt l\u00e4sa <span class=\"screen-reader-text\">\u201dD\u00e4r blev jag den jag \u00e4r\u201d<\/span><\/a><\/p>\n","protected":false},"author":1,"featured_media":0,"comment_status":"open","ping_status":"open","sticky":false,"template":"","format":"standard","meta":{"_crdt_document":"","_monsterinsights_skip_tracking":false,"_monsterinsights_sitenote_active":false,"_monsterinsights_sitenote_note":"","_monsterinsights_sitenote_category":0,"footnotes":""},"categories":[10,28,5,9,4],"tags":[3,8,18,14,21,17,13],"class_list":["post-18678","post","type-post","status-publish","format-standard","hentry","category-familjen","category-kreativt-folk","category-lopning","category-politik","category-skrivande","tag-arbete","tag-historia","tag-lardomar","tag-lasning","tag-ord","tag-solidaritet","tag-utrustning"],"_links":{"self":[{"href":"https:\/\/sven-ove.nu\/index.php?rest_route=\/wp\/v2\/posts\/18678","targetHints":{"allow":["GET"]}}],"collection":[{"href":"https:\/\/sven-ove.nu\/index.php?rest_route=\/wp\/v2\/posts"}],"about":[{"href":"https:\/\/sven-ove.nu\/index.php?rest_route=\/wp\/v2\/types\/post"}],"author":[{"embeddable":true,"href":"https:\/\/sven-ove.nu\/index.php?rest_route=\/wp\/v2\/users\/1"}],"replies":[{"embeddable":true,"href":"https:\/\/sven-ove.nu\/index.php?rest_route=%2Fwp%2Fv2%2Fcomments&post=18678"}],"version-history":[{"count":16,"href":"https:\/\/sven-ove.nu\/index.php?rest_route=\/wp\/v2\/posts\/18678\/revisions"}],"predecessor-version":[{"id":18698,"href":"https:\/\/sven-ove.nu\/index.php?rest_route=\/wp\/v2\/posts\/18678\/revisions\/18698"}],"wp:attachment":[{"href":"https:\/\/sven-ove.nu\/index.php?rest_route=%2Fwp%2Fv2%2Fmedia&parent=18678"}],"wp:term":[{"taxonomy":"category","embeddable":true,"href":"https:\/\/sven-ove.nu\/index.php?rest_route=%2Fwp%2Fv2%2Fcategories&post=18678"},{"taxonomy":"post_tag","embeddable":true,"href":"https:\/\/sven-ove.nu\/index.php?rest_route=%2Fwp%2Fv2%2Ftags&post=18678"}],"curies":[{"name":"wp","href":"https:\/\/api.w.org\/{rel}","templated":true}]}}