{"id":18705,"date":"2017-11-20T04:11:22","date_gmt":"2017-11-20T03:11:22","guid":{"rendered":"http:\/\/sven-ove.nu\/?p=18705"},"modified":"2017-11-19T12:24:32","modified_gmt":"2017-11-19T11:24:32","slug":"varfor-ar-vi-sa-radda-for-det-ordet","status":"publish","type":"post","link":"https:\/\/sven-ove.nu\/?p=18705","title":{"rendered":"Varf\u00f6r \u00e4r vi s\u00e5 r\u00e4dda f\u00f6r det ordet?"},"content":{"rendered":"<p><a href=\"https:\/\/sven-ove.nu\/wp-content\/uploads\/2017\/11\/Lena-S-vid-bokfestivalen.jpg\"><img loading=\"lazy\" decoding=\"async\" class=\"size-large wp-image-18707 alignnone\" src=\"https:\/\/sven-ove.nu\/wp-content\/uploads\/2017\/11\/Lena-S-vid-bokfestivalen-1024x994.jpg\" alt=\"\" width=\"660\" height=\"641\" srcset=\"https:\/\/sven-ove.nu\/wp-content\/uploads\/2017\/11\/Lena-S-vid-bokfestivalen-1024x994.jpg 1024w, https:\/\/sven-ove.nu\/wp-content\/uploads\/2017\/11\/Lena-S-vid-bokfestivalen-300x291.jpg 300w, https:\/\/sven-ove.nu\/wp-content\/uploads\/2017\/11\/Lena-S-vid-bokfestivalen-768x745.jpg 768w, https:\/\/sven-ove.nu\/wp-content\/uploads\/2017\/11\/Lena-S-vid-bokfestivalen.jpg 1280w\" sizes=\"auto, (max-width: 660px) 100vw, 660px\" \/><\/a><\/p>\n<blockquote><p>En del ord verkar skr\u00e4mmande. Det h\u00e4nder att jag ler sn\u00e4llt \u00e5t saken fast jag borde skaka p\u00e5 huvudet och sv\u00e4ra tyst inombords.<\/p>\n<p>Varf\u00f6r \u00e4r vi s\u00e5 r\u00e4dda?<\/p><\/blockquote>\n<p>Tanken sl\u00e5r mig n\u00e4r jag bes\u00f6ker den stimmiga, br\u00f6tiga, d\u00e5ligt skyltade och \u00a0 &#8230; alldeles underbara bokfestivalen p\u00e5 N\u00f6jesfabriken i Karlstad i helgen. P\u00e5 utskriften i fickan har jag noga prickat f\u00f6r f\u00f6rsta programpunkten jag \u00e4r intresserad av. 14.00, Lena Sewall i lokalen Charlotte L\u00f6wensk\u00f6ld.<\/p>\n<p>Till slut hittar jag dit och kan sl\u00e5 mig ner. Lena \u00e4r en favorit. Tittar jag i Libris, bibliotekens katalog p\u00e5 n\u00e4tet, hittar jag hennes namn vid 34 poster. Mest \u00e4r det b\u00f6cker som hon har skrivit. En av dem \u00e4r jag s\u00e4rskilt f\u00f6rtjust i. <em>En bit Racken \u2013 kulinariska str\u00f6vt\u00e5g i Rackenm\u00e5larnas fotsp\u00e5r (2013).<\/em> Den erfarna f\u00f6rfattaren kallar de henne p\u00e5 festivalens webbplats. Nu har hon blivit utsedd till \u00c5rets V\u00e4rmlandsf\u00f6rfattare. I den fina motiveringen st\u00e5r det:<\/p>\n<p style=\"padding-left: 30px;\"><em>\u201dGenom en uts\u00f6kt blandning av kulturhistoria och gastronomi har Lena Sewall i decennier roat, bildat och berikat oss v\u00e4rml\u00e4nningar och f\u00f6rt ut v\u00e5rt landskap till hela Sverige.\u201d <\/em><\/p>\n<p><strong>Recept fr\u00e5n v\u00e5r provins<br \/>\n<\/strong>Den senaste boken hon samtalar med intervjuaren Sven \u00c5rnes om heter <span style=\"color: #0000ff;\"><strong><em><a style=\"color: #0000ff;\" href=\"https:\/\/www.bokus.com\/bok\/9789188435002\/en-bit-varmland-fran-varmlandskorv-till-varmlandstarta\/?gclid=EAIaIQobChMIwdmys6_K1wIVRD8bCh1kmQiaEAAYASAAEgIRBvD_BwE\">En bit V\u00e4rmland<\/a> <\/em><\/strong><\/span><em>\u2013 fr\u00e5n V\u00e4rmlandskorv till V\u00e4rmlandst\u00e5rta. <\/em>D\u00e4r \u00e4r recepten upplagda efter v\u00e4rml\u00e4ndska platser och personer.<\/p>\n<p>I st\u00f6rre delen av sitt liv har Lena Sewall samlat klipp och recept. Nu bearbetar hon och skriver allt fr\u00e5n praktb\u00f6cker till regelbundna matrecept i tidskriften V\u00e4rml\u00e4ndsk Kultur. Hennes insats i nummer efter nummer d\u00e4r \u00e4r redan det en kulturg\u00e4rning av det uth\u00e5lligare slaget. Alltid med anknytning till det aktuella temat.<\/p>\n<p>Den h\u00e4r munnen vattnas varje g\u00e5ng.<\/p>\n<p><strong>Mat och kulturhistoria<br \/>\n<\/strong>Bland Lenas tidigare b\u00f6cker om mat och kulturhistoria kan ocks\u00e5 n\u00e4mnas\u00a0<em>En bit Skagen \u2013 kulinariska str\u00f6vt\u00e5g i Skagenm\u00e5larnas fotsp\u00e5r<\/em>\u00a0(1994),\u00a0<em>Mina godaste julrecept<\/em>\u00a0(2011) och\u00a0som sagt <em>En bit Racken. <\/em>Lena Sewall \u00e4r inte bara f\u00f6rfattare. Hon \u00e4r ocks\u00e5 bibliotekarie, kr\u00f6nik\u00f6r och f\u00f6rel\u00e4sare. Tidigare har hon \u00e4ven skrivit b\u00f6cker om sjukhusbibliotek och medverkat i en l\u00e5ng rad antologier.<\/p>\n<p>Om detta talar hon i ett trevligt och inspirerande samtal med journalisten Sven \u00c5rnes. Salen \u00e4r v\u00e4lfylld, vi \u00e4r m\u00e5nga som gillar hennes skrivande.<\/p>\n<p><strong>Den titeln undviker hon<br \/>\n<\/strong>Fast det \u00e4r ju det d\u00e4r med att kalla sig f\u00f6rfattare. Det drar hon sig f\u00f6r, ber\u00e4ttar hon f\u00f6r intervjuaren. Trots den l\u00e5nga meritlistan, trots att hon varit medlem i f\u00f6rfattarf\u00f6rbundet sedan 1970-talet, trots att hon nu blivit utsedd till \u00e5rets f\u00f6rfattare i ber\u00e4ttarlandskapet V\u00e4rmland. Trots all hennes kunskap i sitt \u00e4mne.<\/p>\n<p>\u201dF\u00f6rfattare\u201d undviker vi g\u00e4rna att kalla oss. Den piedestalen skr\u00e4mmer. Detta \u00e4r Lena Sewall inte ensam om bland skribenter, har livet l\u00e4rt mig.<\/p>\n<p>Vad denna \u00f6verdrivna blygsamhet beror p\u00e5 har jag funderat mycket \u00f6ver. Jag har aldrig tr\u00e4ffat en snickare som inte tycker att han \u00e4r snickare. Aldrig en r\u00f6rmokare som inte tycker han \u00e4r r\u00f6rmokare. Aldrig en kommunikat\u00f6r som inte tycker att hon \u00e4r kommunikat\u00f6r.<\/p>\n<p>Men \u201df\u00f6rfattare\u201d, den titeln \u00e4r vi r\u00e4dda f\u00f6r. \u00c4ven med 34 poster i Libris.<a href=\"https:\/\/sven-ove.nu\/wp-content\/uploads\/2017\/11\/Sk\u00e4rmavbild-2017-11-19-kl.-12.21.50.png\"><img loading=\"lazy\" decoding=\"async\" class=\"size-full wp-image-18718 alignnone\" src=\"https:\/\/sven-ove.nu\/wp-content\/uploads\/2017\/11\/Sk\u00e4rmavbild-2017-11-19-kl.-12.21.50.png\" alt=\"\" width=\"620\" height=\"237\" srcset=\"https:\/\/sven-ove.nu\/wp-content\/uploads\/2017\/11\/Sk\u00e4rmavbild-2017-11-19-kl.-12.21.50.png 620w, https:\/\/sven-ove.nu\/wp-content\/uploads\/2017\/11\/Sk\u00e4rmavbild-2017-11-19-kl.-12.21.50-300x115.png 300w\" sizes=\"auto, (max-width: 620px) 100vw, 620px\" \/><\/a><\/p>\n<p style=\"padding-left: 30px;\"><em><span style=\"color: #808080;\"><span style=\"color: #000000;\"><strong><br \/>\nH\u00e4r \u00e4r ett annat ord som skr\u00e4ms:<br \/>\n<\/strong><\/span><strong>###<\/strong><\/span> Idrottsman. \u00c4r du 66 \u00e5r och just har t\u00e4vlat i l\u00e5t s\u00e4ga Liding\u00f6loppet? D\u00e5 \u00e4r du idrottsman enligt min definition. Terr\u00e4ngl\u00f6pning \u00e4r en idrottsgren. Liding\u00f6loppet \u00e4r en idrottst\u00e4vling.<\/em><br \/>\n<em><span style=\"color: #808080;\"><strong>###<\/strong><\/span> Jag tror \u00e4nd\u00e5 inte att n\u00e5gon fr\u00e5n placering 25 och ner\u00e5t i resultatlistan f\u00f6r \u00e5ldersgruppen skulle kalla sig idrottsman.<\/em><br \/>\n<em><span style=\"color: #808080;\"><strong>###<\/strong><\/span> Placering 25? S\u00e4g 4 du. H\u00f6gst. D\u00e4r n\u00e5gonstans g\u00e5r den upplevda skamgr\u00e4nsen.<\/em><\/p>\n<p style=\"padding-left: 30px;\"><em>Suck.<\/em><\/p>\n<p style=\"padding-left: 30px;\"><span style=\"color: #000000;\"><strong>L\u00e4nktips:<\/strong><\/span> blogginl\u00e4gg om tidskriften V\u00e4rml\u00e4ndsk Kultur, d\u00e4r Lena Sewall presenterat v\u00e4rml\u00e4ndska recept i m\u00e5nga \u00e5r: <span style=\"color: #0000ff;\"><a style=\"color: #0000ff;\" href=\"https:\/\/sven-ove.nu\/?p=18369\">Ber\u00e4ttelsen om en kvinnohistoria<\/a><\/span><\/p>\n<p><strong>Dr\u00f6mmarnas tempel<br \/>\n<\/strong>N\u00e4sta programpunkt jag letar mig fram till \u00e4r n\u00e4r fotografen Staffan Jofjell samtalar med Louise Alvarsson om sin bok <span style=\"color: #0000ff;\"><em><a style=\"color: #0000ff;\" href=\"http:\/\/www.heidruns.se\/1100\/1100.asp?id=5392\">Temple of Dreams<\/a><\/em><\/span>. Boken inneh\u00e5ller bilder fr\u00e5n en period, fr\u00e4mst 1985, d\u00e5\u00a0Staffan Jofjell\u00a0regelbundet reste till Berlin. Bilderna blev liggande i n\u00e4ra 30 \u00e5r innan de v\u00e4cktes till liv och blev till en utst\u00e4llning som visats i Berlin, Barcelona, London, Manchester, Oslo och runt om i Sverige.<\/p>\n<p>Ett sp\u00e4nnande samtal om fotots betydelse, m\u00e4nniskors m\u00f6ten och historiens g\u00e5ng. Efter\u00e5t gl\u00f6mmer jag hela bokfestivalen och b\u00f6rjar l\u00e4sa Staffans fotobok. D\u00e4rf\u00f6r hinner jag inte skriva mer nu, jag har just kommit till Egon Erwin Kischs avsnitt i boken.<\/p>\n<p style=\"padding-left: 30px;\"><em>\u201dSex dagar och sex n\u00e4tter stirrar de tretton cyklisterna varken till h\u00f6ger eller v\u00e4nster, utan bara rakt fram, de str\u00e4var fram\u00e5t, men befinner sig \u00e4nd\u00e5 p\u00e5 samma fl\u00e4ck, alltid i t\u00e4vlingsbanans oval, p\u00e5 l\u00e5ngsidorna eller i de n\u00e4stan vertikalt uppstigande kurvorna, kusligt inp\u00e5 varandra, ibland i spetsen p\u00e5 sv\u00e4rmen, ibland i k\u00f6n och ibland \u2013 och d\u00e5 vr\u00e5lar publiken: \u2019Hipp hipp!\u2019 \u2013 n\u00e5gra meter l\u00e4ngre fram; men n\u00e4r n\u00e5gon ligger f\u00f6re med en runda eller tv\u00e5, \u00e4r han \u00e5ter d\u00e4r han var, han sitter \u00e5terigen fast i de trettons sv\u00e4rm.\u201d<\/em><\/p>\n<p>Staffan Jofjell fotograferar som Egon Erwin Kisch skriver.<br \/>\nHj\u00e4rta, \u00f6gon och fingerspetsk\u00e4nsla.<\/p>\n<p style=\"padding-left: 30px;\"><a href=\"https:\/\/sven-ove.nu\/wp-content\/uploads\/2017\/11\/Staffans-bok.jpg\"><img loading=\"lazy\" decoding=\"async\" class=\"size-medium wp-image-18710 alignnone\" src=\"https:\/\/sven-ove.nu\/wp-content\/uploads\/2017\/11\/Staffans-bok-285x300.jpg\" alt=\"\" width=\"285\" height=\"300\" srcset=\"https:\/\/sven-ove.nu\/wp-content\/uploads\/2017\/11\/Staffans-bok-285x300.jpg 285w, https:\/\/sven-ove.nu\/wp-content\/uploads\/2017\/11\/Staffans-bok-768x810.jpg 768w, https:\/\/sven-ove.nu\/wp-content\/uploads\/2017\/11\/Staffans-bok-971x1024.jpg 971w, https:\/\/sven-ove.nu\/wp-content\/uploads\/2017\/11\/Staffans-bok.jpg 1214w\" sizes=\"auto, (max-width: 285px) 100vw, 285px\" \/><\/a><\/p>\n<p><span style=\"color: #0000ff;\"><a style=\"color: #0000ff;\" href=\"https:\/\/sven-ove.nu\/\">Hem<\/a><\/span>\u00a0|\u00a0<span style=\"color: #0000ff;\"><a style=\"color: #0000ff;\" href=\"https:\/\/sven-ove.nu\/?page_id=170\">Om mig<\/a><\/span>\u00a0|\u00a0<span style=\"color: #0000ff;\"><a style=\"color: #0000ff;\" href=\"https:\/\/sven-ove.nu\/?page_id=1385\">Skriva &amp; prata<\/a><\/span>\u00a0|\u00a0<span style=\"color: #0000ff;\"><a style=\"color: #0000ff;\" href=\"https:\/\/sven-ove.nu\/?page_id=100\">Politik<\/a><\/span>\u00a0|\u00a0<span style=\"color: #0000ff;\"><a style=\"color: #0000ff;\" href=\"https:\/\/sven-ove.nu\/?page_id=102\">L\u00f6pa<\/a><\/span>\u00a0|\u00a0<span style=\"color: #0000ff;\"><a style=\"color: #0000ff;\" href=\"https:\/\/sven-ove.nu\/?page_id=108\">Viktor Root<\/a><\/span>\u00a0| <a href=\"https:\/\/sven-ove.nu\/?page_id=15908\"><span style=\"color: #0000ff;\">Firman<\/span>\u00a0<\/a>|\u00a0<span style=\"color: #0000ff;\"><a style=\"color: #0000ff;\" href=\"https:\/\/sven-ove.nu\/?page_id=15638\">K\u00f4ppra<\/a><\/span> <em>(c) Sven-Ove Svensson (dela g\u00e4rna i sociala medier)<\/em><\/p>\n","protected":false},"excerpt":{"rendered":"<p>En del ord verkar skr\u00e4mmande. Det h\u00e4nder att jag ler sn\u00e4llt \u00e5t saken fast jag borde skaka p\u00e5 huvudet och sv\u00e4ra tyst inombords. Varf\u00f6r \u00e4r vi s\u00e5 r\u00e4dda? Tanken sl\u00e5r mig n\u00e4r jag bes\u00f6ker den stimmiga, br\u00f6tiga, d\u00e5ligt skyltade och \u00a0 &#8230; alldeles underbara bokfestivalen p\u00e5 N\u00f6jesfabriken i Karlstad i helgen. P\u00e5 utskriften i fickan &hellip; <a href=\"https:\/\/sven-ove.nu\/?p=18705\" class=\"more-link\">Forts\u00e4tt l\u00e4sa <span class=\"screen-reader-text\">Varf\u00f6r \u00e4r vi s\u00e5 r\u00e4dda f\u00f6r det ordet?<\/span><\/a><\/p>\n","protected":false},"author":1,"featured_media":0,"comment_status":"open","ping_status":"open","sticky":false,"template":"","format":"standard","meta":{"_crdt_document":"","_monsterinsights_skip_tracking":false,"_monsterinsights_sitenote_active":false,"_monsterinsights_sitenote_note":"","_monsterinsights_sitenote_category":0,"footnotes":""},"categories":[28,4],"tags":[3,8,24,18,14,21],"class_list":["post-18705","post","type-post","status-publish","format-standard","hentry","category-kreativt-folk","category-skrivande","tag-arbete","tag-historia","tag-karlek","tag-lardomar","tag-lasning","tag-ord"],"_links":{"self":[{"href":"https:\/\/sven-ove.nu\/index.php?rest_route=\/wp\/v2\/posts\/18705","targetHints":{"allow":["GET"]}}],"collection":[{"href":"https:\/\/sven-ove.nu\/index.php?rest_route=\/wp\/v2\/posts"}],"about":[{"href":"https:\/\/sven-ove.nu\/index.php?rest_route=\/wp\/v2\/types\/post"}],"author":[{"embeddable":true,"href":"https:\/\/sven-ove.nu\/index.php?rest_route=\/wp\/v2\/users\/1"}],"replies":[{"embeddable":true,"href":"https:\/\/sven-ove.nu\/index.php?rest_route=%2Fwp%2Fv2%2Fcomments&post=18705"}],"version-history":[{"count":11,"href":"https:\/\/sven-ove.nu\/index.php?rest_route=\/wp\/v2\/posts\/18705\/revisions"}],"predecessor-version":[{"id":18720,"href":"https:\/\/sven-ove.nu\/index.php?rest_route=\/wp\/v2\/posts\/18705\/revisions\/18720"}],"wp:attachment":[{"href":"https:\/\/sven-ove.nu\/index.php?rest_route=%2Fwp%2Fv2%2Fmedia&parent=18705"}],"wp:term":[{"taxonomy":"category","embeddable":true,"href":"https:\/\/sven-ove.nu\/index.php?rest_route=%2Fwp%2Fv2%2Fcategories&post=18705"},{"taxonomy":"post_tag","embeddable":true,"href":"https:\/\/sven-ove.nu\/index.php?rest_route=%2Fwp%2Fv2%2Ftags&post=18705"}],"curies":[{"name":"wp","href":"https:\/\/api.w.org\/{rel}","templated":true}]}}