{"id":18722,"date":"2017-11-23T04:08:21","date_gmt":"2017-11-23T03:08:21","guid":{"rendered":"http:\/\/sven-ove.nu\/?p=18722"},"modified":"2017-11-21T22:24:45","modified_gmt":"2017-11-21T21:24:45","slug":"infor-forsta-sondagen-i-krankt","status":"publish","type":"post","link":"https:\/\/sven-ove.nu\/?p=18722","title":{"rendered":"Inf\u00f6r F\u00f6rsta S\u00f6ndagen i Kr\u00e4nkt"},"content":{"rendered":"<p><a href=\"https:\/\/sven-ove.nu\/wp-content\/uploads\/2016\/12\/Jul\u00e4nglar.jpg\"><img loading=\"lazy\" decoding=\"async\" class=\"size-large wp-image-16610 alignnone\" src=\"https:\/\/sven-ove.nu\/wp-content\/uploads\/2016\/12\/Jul\u00e4nglar-866x1024.jpg\" alt=\"\" width=\"660\" height=\"780\" srcset=\"https:\/\/sven-ove.nu\/wp-content\/uploads\/2016\/12\/Jul\u00e4nglar-866x1024.jpg 866w, https:\/\/sven-ove.nu\/wp-content\/uploads\/2016\/12\/Jul\u00e4nglar-254x300.jpg 254w\" sizes=\"auto, (max-width: 660px) 100vw, 660px\" \/><\/a><\/p>\n<p>Jamen sk\u00e4rp er lite. Det \u00e4r ingen som f\u00f6rbjuder era barn att kl\u00e4 ut sig till pepparkaksgubbar om ni tycker det \u00e4r viktigt. Kalle Ankas julafton \u00e4r \u00e4ldre \u00e4n m\u00e5nga granar\u00a0men jordaxeln kommer inte att \u00e4ndra lutning om SVT byter ut klippet d\u00e4r Robin Hood pussar Marion i ljusa natten. Om trillingn\u00f6ten \u00e4r utbytt i Alladin-asken kan det bero p\u00e5 kapitalets sm\u00e5aktighet men det \u00e4r inte ett enda politiskt parti inblandat och ingen maffia av solidariska lagspelare fr\u00e5n S\u00f6ders h\u00f6jder heller. \u00c4r julbelysningen aldrig t\u00e4nd p\u00e5 era gator kan ni ha valt fel kommun (h\u00e4r i socknen har vi snart Storgatan full av glittrande kometer p\u00e5 lyktstolparna) men det beror inte p\u00e5 profeten Mohammed. Jag lovar. Den karln hade aldrig sett en enda elektrisk lyktstolpe och mycket s\u00e4llan en knapp som det stod Off p\u00e5. Han jobbade inte s\u00e5.<\/p>\n<p>Kycklingkorv \u00e4r g\u00f4tt, g\u00f6r ett blindtest, ni kommer \u00e5 \u00e4lska\u2019n. \u00c4ter ni inte kyckling en och annan l\u00f6rdag ni? F\u00f6rl\u00e5t, jag s\u00e5g inte, ni \u00e4r s\u00e5 j\u00e4garkl\u00e4dda s\u00e5 jag f\u00f6rstod inte att ni \u00e4r vegetarianer. Kamouflagebyxer \u00e5 \u00e4nd\u00e5 syns ni?<\/p>\n<p>Javisst, det finns en Nobelfest. 10 december. Glass &amp; tomtebloss. Det \u00e4r en privat fest som ett g\u00e4ng i Stockholm ordnar. Han som ska ha \u00e4ran hade en herrg\u00e5rd i Karlskoga en g\u00e5ng i tiden, det \u00e4r sant. Han beh\u00f6ver inte bjuda varenda m\u00e4nniska i hela landet f\u00f6r det. Folk har aldrig gillat nazister i kostym p\u00e5 Kilstasmedjan, det kan jag f\u00f6rs\u00e4kra er. D\u00e4r har de andra intressen.<\/p>\n<p>En \u00e4kta karlskogasmed brukar skratta gott \u00e5t alla som tror att n\u00e4stn\u00e4sta s\u00f6ndag \u00e4r F\u00f6rsta S\u00f6ndagen i Kr\u00e4nkt och att 24:e december \u00e4r Kr\u00e4nktafton och sedan kommer Kr\u00e4nktdagen och Annandag kr\u00e4nkt. Samt att 12:e januari, min f\u00f6delsedag, \u00e4r dagen n\u00e4r en ska kl\u00e4 ut sig och springa omkring och sopa och ropa att det \u00e4r Tjugondedag kr\u00e4nkt.<\/p>\n<p>Sk\u00e4rp er nu. Det finns ingen Batikh\u00e4xa\u00a0l\u00e5ngt d\u00e4r uppe i rymden som siktar p\u00e5 just dig och dig och dig med str\u00e5lpistol. Det \u00e4r bara jultomten som har h\u00e4ngt glitter i hornen p\u00e5 \u00e4ldsta dragrenen. Jesusbarnet hade inte vitt skinn och inte kunde han fornsvenska, men det visste ni v\u00e4l redan?<\/p>\n<p>F\u00e5r det vara lite gl\u00f6gg? Vi har kr\u00e4nkt den sj\u00e4lva.<\/p>\n<hr \/>\n<p><a href=\"https:\/\/sven-ove.nu\/wp-content\/uploads\/2017\/11\/Kr\u00e4nkthetsguide.jpg\"><img loading=\"lazy\" decoding=\"async\" class=\"size-full wp-image-18730 alignleft\" src=\"https:\/\/sven-ove.nu\/wp-content\/uploads\/2017\/11\/Kr\u00e4nkthetsguide.jpg\" alt=\"\" width=\"960\" height=\"678\" srcset=\"https:\/\/sven-ove.nu\/wp-content\/uploads\/2017\/11\/Kr\u00e4nkthetsguide.jpg 960w, https:\/\/sven-ove.nu\/wp-content\/uploads\/2017\/11\/Kr\u00e4nkthetsguide-300x212.jpg 300w, https:\/\/sven-ove.nu\/wp-content\/uploads\/2017\/11\/Kr\u00e4nkthetsguide-768x542.jpg 768w\" sizes=\"auto, (max-width: 960px) 100vw, 960px\" \/><\/a><\/p>\n<p><span style=\"color: #0000ff;\"><a style=\"color: #0000ff;\" href=\"https:\/\/sven-ove.nu\/\">Hem<\/a><\/span>\u00a0|\u00a0<span style=\"color: #0000ff;\"><a style=\"color: #0000ff;\" href=\"https:\/\/sven-ove.nu\/?page_id=170\">Om mig<\/a><\/span>\u00a0|\u00a0<span style=\"color: #0000ff;\"><a style=\"color: #0000ff;\" href=\"https:\/\/sven-ove.nu\/?page_id=1385\">Skriva &amp; prata<\/a><\/span>\u00a0|\u00a0<span style=\"color: #0000ff;\"><a style=\"color: #0000ff;\" href=\"https:\/\/sven-ove.nu\/?page_id=100\">Politik<\/a><\/span>\u00a0|\u00a0<span style=\"color: #0000ff;\"><a style=\"color: #0000ff;\" href=\"https:\/\/sven-ove.nu\/?page_id=102\">L\u00f6pa<\/a><\/span>\u00a0|\u00a0<span style=\"color: #0000ff;\"><a style=\"color: #0000ff;\" href=\"https:\/\/sven-ove.nu\/?page_id=108\">Viktor Root<\/a><\/span>\u00a0| <a href=\"https:\/\/sven-ove.nu\/?page_id=15908\"><span style=\"color: #0000ff;\">Firman<\/span>\u00a0<\/a>|\u00a0<span style=\"color: #0000ff;\"><a style=\"color: #0000ff;\" href=\"https:\/\/sven-ove.nu\/?page_id=15638\">K\u00f4ppra<\/a><\/span> <em>(c) Sven-Ove Svensson (dela g\u00e4rna i sociala medier)<\/em><\/p>\n","protected":false},"excerpt":{"rendered":"<p>Jamen sk\u00e4rp er lite. Det \u00e4r ingen som f\u00f6rbjuder era barn att kl\u00e4 ut sig till pepparkaksgubbar om ni tycker det \u00e4r viktigt. Kalle Ankas julafton \u00e4r \u00e4ldre \u00e4n m\u00e5nga granar\u00a0men jordaxeln kommer inte att \u00e4ndra lutning om SVT byter ut klippet d\u00e4r Robin Hood pussar Marion i ljusa natten. Om trillingn\u00f6ten \u00e4r utbytt i &hellip; <a href=\"https:\/\/sven-ove.nu\/?p=18722\" class=\"more-link\">Forts\u00e4tt l\u00e4sa <span class=\"screen-reader-text\">Inf\u00f6r F\u00f6rsta S\u00f6ndagen i Kr\u00e4nkt<\/span><\/a><\/p>\n","protected":false},"author":1,"featured_media":0,"comment_status":"open","ping_status":"open","sticky":false,"template":"","format":"standard","meta":{"_crdt_document":"","_monsterinsights_skip_tracking":false,"_monsterinsights_sitenote_active":false,"_monsterinsights_sitenote_note":"","_monsterinsights_sitenote_category":0,"footnotes":""},"categories":[9,4],"tags":[16,15],"class_list":["post-18722","post","type-post","status-publish","format-standard","hentry","category-politik","category-skrivande","tag-dumheter","tag-mediedjungeln"],"_links":{"self":[{"href":"https:\/\/sven-ove.nu\/index.php?rest_route=\/wp\/v2\/posts\/18722","targetHints":{"allow":["GET"]}}],"collection":[{"href":"https:\/\/sven-ove.nu\/index.php?rest_route=\/wp\/v2\/posts"}],"about":[{"href":"https:\/\/sven-ove.nu\/index.php?rest_route=\/wp\/v2\/types\/post"}],"author":[{"embeddable":true,"href":"https:\/\/sven-ove.nu\/index.php?rest_route=\/wp\/v2\/users\/1"}],"replies":[{"embeddable":true,"href":"https:\/\/sven-ove.nu\/index.php?rest_route=%2Fwp%2Fv2%2Fcomments&post=18722"}],"version-history":[{"count":9,"href":"https:\/\/sven-ove.nu\/index.php?rest_route=\/wp\/v2\/posts\/18722\/revisions"}],"predecessor-version":[{"id":18732,"href":"https:\/\/sven-ove.nu\/index.php?rest_route=\/wp\/v2\/posts\/18722\/revisions\/18732"}],"wp:attachment":[{"href":"https:\/\/sven-ove.nu\/index.php?rest_route=%2Fwp%2Fv2%2Fmedia&parent=18722"}],"wp:term":[{"taxonomy":"category","embeddable":true,"href":"https:\/\/sven-ove.nu\/index.php?rest_route=%2Fwp%2Fv2%2Fcategories&post=18722"},{"taxonomy":"post_tag","embeddable":true,"href":"https:\/\/sven-ove.nu\/index.php?rest_route=%2Fwp%2Fv2%2Ftags&post=18722"}],"curies":[{"name":"wp","href":"https:\/\/api.w.org\/{rel}","templated":true}]}}