{"id":18733,"date":"2017-11-22T04:08:15","date_gmt":"2017-11-22T03:08:15","guid":{"rendered":"http:\/\/sven-ove.nu\/?p=18733"},"modified":"2017-11-21T22:22:58","modified_gmt":"2017-11-21T21:22:58","slug":"18733","status":"publish","type":"post","link":"https:\/\/sven-ove.nu\/?p=18733","title":{"rendered":"Arbetskl\u00e4der, tjohoo!"},"content":{"rendered":"<p style=\"padding-left: 30px;\"><a href=\"https:\/\/sven-ove.nu\/wp-content\/uploads\/2017\/11\/Kl\u00e4der-1.jpg\"><img loading=\"lazy\" decoding=\"async\" class=\"size-medium wp-image-18740 alignnone\" src=\"https:\/\/sven-ove.nu\/wp-content\/uploads\/2017\/11\/Kl\u00e4der-1-300x223.jpg\" alt=\"\" width=\"300\" height=\"223\" srcset=\"https:\/\/sven-ove.nu\/wp-content\/uploads\/2017\/11\/Kl\u00e4der-1-300x223.jpg 300w, https:\/\/sven-ove.nu\/wp-content\/uploads\/2017\/11\/Kl\u00e4der-1-768x571.jpg 768w, https:\/\/sven-ove.nu\/wp-content\/uploads\/2017\/11\/Kl\u00e4der-1-1024x761.jpg 1024w, https:\/\/sven-ove.nu\/wp-content\/uploads\/2017\/11\/Kl\u00e4der-1.jpg 1280w\" sizes=\"auto, (max-width: 300px) 100vw, 300px\" \/><\/a><\/p>\n<blockquote><p>\u00c4r jag tv\u00e4rilsk ena dagen f\u00e5r jag lov att ge ett erk\u00e4nnande den dagen dumheten korrigeras. S\u00e5 h\u00e4r \u00e4r det nu: erk\u00e4nnandet.<\/p><\/blockquote>\n<p>Ibland tar jag i. Det \u00e4r alltid de inl\u00e4ggen folk minns. Du \u00e4r b\u00e4st n\u00e4r du \u00e4r arg, brukade de s\u00e4ga p\u00e5 P4 Radio V\u00e4rmland och TV4 V\u00e4rmland n\u00e4r jag hade kr\u00f6nikor d\u00e4r.<\/p>\n<p>F\u00f6rmodligen sant men jag vill inte vara arg j\u00e4mt. Det finns s\u00e5 mycket solidaritet, vacker natur, l\u00f6plust och goa ongar att vara glad \u00e5t. Dessutom beh\u00f6ver den goda ilskan blandas ut. En kan inte se r\u00f6tt j\u00e4mt, kroppen m\u00e5ste f\u00e5 chansen att k\u00e4nna skillnad. Omgivningen med.<\/p>\n<p><strong>D\u00e5 var jag vred<br \/>\n<\/strong>Den 5 maj 2016 var jag arg. Klicka h\u00e4r om du inte tror mig:<br \/>\n<span style=\"color: #0000ff;\"><strong><a style=\"color: #0000ff;\" href=\"https:\/\/sven-ove.nu\/?p=14768\">Ni borde sk\u00e4mmas<\/a><\/strong><\/span><\/p>\n<p>Inf\u00f6r 2017 skrev jag dessutom bland annat den h\u00e4r profetian i ett blogginl\u00e4gg:<\/p>\n<p style=\"padding-left: 30px;\"><em>2017 f\u00e5r \u00e4ven kvinnor i min kommun arbetskl\u00e4der, fast de inte fraktar sanden, bara leker med barnkommunens barn i den.<\/em><\/p>\n<p><strong>Ett stolt steg<br \/>\n<\/strong>Nu har min profetia blivit sann. I g\u00e5r, den 21 november, kom f\u00f6rskoll\u00e4raren i familjen hem med ett styck skaljacka, ett par skalbyxor och en varm och sk\u00f6n fleecetr\u00f6ja. Arbetskl\u00e4der, tjohoo!<\/p>\n<p>Ett litet steg f\u00f6r v\u00e5r familj som f\u00f6rhoppningsvis \u00e4r helpensionerad innan skalkl\u00e4derna \u00e4r utslitna. Men ett stolt steg f\u00f6r min kommun. J\u00e4mst\u00e4lldheten g\u00e5r fram\u00e5t.<\/p>\n<p>Nu hoppas jag bara att resten av kommunerna i fosterlandet tar sig samma funderare \u00f6ver arbetskl\u00e4der och r\u00e4ttvisa. Det finns \u00e4ven kvinnor.<\/p>\n<p><em><span style=\"color: #ff6600;\"><strong>###<\/strong> <\/span>Grattis, b\u00e5de personal och arbetsgivare.<br \/>\n<\/em><em><span style=\"color: #ff6600;\"><strong>###<\/strong><\/span> Bra arbetsmilj\u00f6 och personalpolitik brukar vara till nytta f\u00f6r b\u00e5da.<\/em><\/p>\n<p><span style=\"color: #0000ff;\"><a style=\"color: #0000ff;\" href=\"https:\/\/sven-ove.nu\/\">Hem<\/a><\/span>\u00a0|\u00a0<span style=\"color: #0000ff;\"><a style=\"color: #0000ff;\" href=\"https:\/\/sven-ove.nu\/?page_id=170\">Om mig<\/a><\/span>\u00a0|\u00a0<span style=\"color: #0000ff;\"><a style=\"color: #0000ff;\" href=\"https:\/\/sven-ove.nu\/?page_id=1385\">Skriva &amp; prata<\/a><\/span>\u00a0|\u00a0<span style=\"color: #0000ff;\"><a style=\"color: #0000ff;\" href=\"https:\/\/sven-ove.nu\/?page_id=100\">Politik<\/a><\/span>\u00a0|\u00a0<span style=\"color: #0000ff;\"><a style=\"color: #0000ff;\" href=\"https:\/\/sven-ove.nu\/?page_id=102\">L\u00f6pa<\/a><\/span>\u00a0|\u00a0<span style=\"color: #0000ff;\"><a style=\"color: #0000ff;\" href=\"https:\/\/sven-ove.nu\/?page_id=108\">Viktor Root<\/a><\/span>\u00a0| <a href=\"https:\/\/sven-ove.nu\/?page_id=15908\"><span style=\"color: #0000ff;\">Firman<\/span>\u00a0<\/a>|\u00a0<span style=\"color: #0000ff;\"><a style=\"color: #0000ff;\" href=\"https:\/\/sven-ove.nu\/?page_id=15638\">K\u00f4ppra<\/a><\/span>\u00a0\u00a0 <em>(c) Sven-Ove Svensson (dela g\u00e4rna i sociala medier)<\/em><\/p>\n","protected":false},"excerpt":{"rendered":"<p>\u00c4r jag tv\u00e4rilsk ena dagen f\u00e5r jag lov att ge ett erk\u00e4nnande den dagen dumheten korrigeras. S\u00e5 h\u00e4r \u00e4r det nu: erk\u00e4nnandet. Ibland tar jag i. Det \u00e4r alltid de inl\u00e4ggen folk minns. Du \u00e4r b\u00e4st n\u00e4r du \u00e4r arg, brukade de s\u00e4ga p\u00e5 P4 Radio V\u00e4rmland och TV4 V\u00e4rmland n\u00e4r jag hade kr\u00f6nikor d\u00e4r. &hellip; <a href=\"https:\/\/sven-ove.nu\/?p=18733\" class=\"more-link\">Forts\u00e4tt l\u00e4sa <span class=\"screen-reader-text\">Arbetskl\u00e4der, tjohoo!<\/span><\/a><\/p>\n","protected":false},"author":1,"featured_media":0,"comment_status":"open","ping_status":"open","sticky":false,"template":"","format":"standard","meta":{"_crdt_document":"","_monsterinsights_skip_tracking":false,"_monsterinsights_sitenote_active":false,"_monsterinsights_sitenote_note":"","_monsterinsights_sitenote_category":0,"footnotes":""},"categories":[9],"tags":[3,17,13],"class_list":["post-18733","post","type-post","status-publish","format-standard","hentry","category-politik","tag-arbete","tag-solidaritet","tag-utrustning"],"_links":{"self":[{"href":"https:\/\/sven-ove.nu\/index.php?rest_route=\/wp\/v2\/posts\/18733","targetHints":{"allow":["GET"]}}],"collection":[{"href":"https:\/\/sven-ove.nu\/index.php?rest_route=\/wp\/v2\/posts"}],"about":[{"href":"https:\/\/sven-ove.nu\/index.php?rest_route=\/wp\/v2\/types\/post"}],"author":[{"embeddable":true,"href":"https:\/\/sven-ove.nu\/index.php?rest_route=\/wp\/v2\/users\/1"}],"replies":[{"embeddable":true,"href":"https:\/\/sven-ove.nu\/index.php?rest_route=%2Fwp%2Fv2%2Fcomments&post=18733"}],"version-history":[{"count":7,"href":"https:\/\/sven-ove.nu\/index.php?rest_route=\/wp\/v2\/posts\/18733\/revisions"}],"predecessor-version":[{"id":18743,"href":"https:\/\/sven-ove.nu\/index.php?rest_route=\/wp\/v2\/posts\/18733\/revisions\/18743"}],"wp:attachment":[{"href":"https:\/\/sven-ove.nu\/index.php?rest_route=%2Fwp%2Fv2%2Fmedia&parent=18733"}],"wp:term":[{"taxonomy":"category","embeddable":true,"href":"https:\/\/sven-ove.nu\/index.php?rest_route=%2Fwp%2Fv2%2Fcategories&post=18733"},{"taxonomy":"post_tag","embeddable":true,"href":"https:\/\/sven-ove.nu\/index.php?rest_route=%2Fwp%2Fv2%2Ftags&post=18733"}],"curies":[{"name":"wp","href":"https:\/\/api.w.org\/{rel}","templated":true}]}}