{"id":18744,"date":"2017-12-20T03:09:02","date_gmt":"2017-12-20T02:09:02","guid":{"rendered":"http:\/\/sven-ove.nu\/?p=18744"},"modified":"2017-12-18T17:04:27","modified_gmt":"2017-12-18T16:04:27","slug":"anslag","status":"publish","type":"post","link":"https:\/\/sven-ove.nu\/?p=18744","title":{"rendered":""},"content":{"rendered":"<p><strong><a href=\"https:\/\/sven-ove.nu\/wp-content\/uploads\/2017\/11\/St\u00e4ngt-ett-tag.001.jpg\"><img loading=\"lazy\" decoding=\"async\" class=\"size-full wp-image-18746 alignnone\" src=\"https:\/\/sven-ove.nu\/wp-content\/uploads\/2017\/11\/St\u00e4ngt-ett-tag.001.jpg\" alt=\"\" width=\"711\" height=\"357\" srcset=\"https:\/\/sven-ove.nu\/wp-content\/uploads\/2017\/11\/St\u00e4ngt-ett-tag.001.jpg 711w, https:\/\/sven-ove.nu\/wp-content\/uploads\/2017\/11\/St\u00e4ngt-ett-tag.001-300x151.jpg 300w\" sizes=\"auto, (max-width: 711px) 100vw, 711px\" \/><\/a><\/strong><\/p>\n<p><strong>###<\/strong> L\u00e4s den h\u00e4r s\u00e5 l\u00e4nge:<br \/>\n<span style=\"color: #ff6600;\"><strong><a style=\"color: #ff6600;\" href=\"https:\/\/sven-ove.nu\/?p=7950\">En varmare plats p\u00e5 klotet<\/a><\/strong><\/span><em> (2013)<\/em><\/p>\n<p><span style=\"color: #0000ff;\"><a style=\"color: #0000ff;\" href=\"https:\/\/sven-ove.nu\/\">Hem<\/a><\/span>\u00a0|\u00a0<span style=\"color: #0000ff;\"><a style=\"color: #0000ff;\" href=\"https:\/\/sven-ove.nu\/?page_id=170\">Om mig<\/a><\/span>\u00a0|\u00a0<span style=\"color: #0000ff;\"><a style=\"color: #0000ff;\" href=\"https:\/\/sven-ove.nu\/?page_id=1385\">Skriva &amp; prata<\/a><\/span>\u00a0|\u00a0<span style=\"color: #0000ff;\"><a style=\"color: #0000ff;\" href=\"https:\/\/sven-ove.nu\/?page_id=100\">Politik<\/a><\/span>\u00a0|\u00a0<span style=\"color: #0000ff;\"><a style=\"color: #0000ff;\" href=\"https:\/\/sven-ove.nu\/?page_id=102\">L\u00f6pa<\/a><\/span>\u00a0|\u00a0<span style=\"color: #0000ff;\"><a style=\"color: #0000ff;\" href=\"https:\/\/sven-ove.nu\/?page_id=108\">Viktor Root<\/a><\/span>\u00a0| <a href=\"https:\/\/sven-ove.nu\/?page_id=15908\"><span style=\"color: #0000ff;\">Firman<\/span>\u00a0<\/a>|\u00a0<span style=\"color: #0000ff;\"><a style=\"color: #0000ff;\" href=\"https:\/\/sven-ove.nu\/?page_id=15638\">K\u00f4ppra<\/a><\/span>\u00a0\u00a0 <em>(c) Sven-Ove Svensson\u00a0<\/em><\/p>\n","protected":false},"excerpt":{"rendered":"<p>### L\u00e4s den h\u00e4r s\u00e5 l\u00e4nge: En varmare plats p\u00e5 klotet (2013) Hem\u00a0|\u00a0Om mig\u00a0|\u00a0Skriva &amp; prata\u00a0|\u00a0Politik\u00a0|\u00a0L\u00f6pa\u00a0|\u00a0Viktor Root\u00a0| Firman\u00a0|\u00a0K\u00f4ppra\u00a0\u00a0 (c) Sven-Ove Svensson\u00a0<\/p>\n","protected":false},"author":1,"featured_media":0,"comment_status":"open","ping_status":"open","sticky":false,"template":"","format":"standard","meta":{"_crdt_document":"","_monsterinsights_skip_tracking":false,"_monsterinsights_sitenote_active":false,"_monsterinsights_sitenote_note":"","_monsterinsights_sitenote_category":0,"footnotes":""},"categories":[4],"tags":[3],"class_list":["post-18744","post","type-post","status-publish","format-standard","hentry","category-skrivande","tag-arbete"],"_links":{"self":[{"href":"https:\/\/sven-ove.nu\/index.php?rest_route=\/wp\/v2\/posts\/18744","targetHints":{"allow":["GET"]}}],"collection":[{"href":"https:\/\/sven-ove.nu\/index.php?rest_route=\/wp\/v2\/posts"}],"about":[{"href":"https:\/\/sven-ove.nu\/index.php?rest_route=\/wp\/v2\/types\/post"}],"author":[{"embeddable":true,"href":"https:\/\/sven-ove.nu\/index.php?rest_route=\/wp\/v2\/users\/1"}],"replies":[{"embeddable":true,"href":"https:\/\/sven-ove.nu\/index.php?rest_route=%2Fwp%2Fv2%2Fcomments&post=18744"}],"version-history":[{"count":13,"href":"https:\/\/sven-ove.nu\/index.php?rest_route=\/wp\/v2\/posts\/18744\/revisions"}],"predecessor-version":[{"id":18758,"href":"https:\/\/sven-ove.nu\/index.php?rest_route=\/wp\/v2\/posts\/18744\/revisions\/18758"}],"wp:attachment":[{"href":"https:\/\/sven-ove.nu\/index.php?rest_route=%2Fwp%2Fv2%2Fmedia&parent=18744"}],"wp:term":[{"taxonomy":"category","embeddable":true,"href":"https:\/\/sven-ove.nu\/index.php?rest_route=%2Fwp%2Fv2%2Fcategories&post=18744"},{"taxonomy":"post_tag","embeddable":true,"href":"https:\/\/sven-ove.nu\/index.php?rest_route=%2Fwp%2Fv2%2Ftags&post=18744"}],"curies":[{"name":"wp","href":"https:\/\/api.w.org\/{rel}","templated":true}]}}