{"id":18759,"date":"2017-11-24T03:13:04","date_gmt":"2017-11-24T02:13:04","guid":{"rendered":"http:\/\/sven-ove.nu\/?p=18759"},"modified":"2017-11-23T22:20:25","modified_gmt":"2017-11-23T21:20:25","slug":"hemresa-for-rasen","status":"publish","type":"post","link":"https:\/\/sven-ove.nu\/?p=18759","title":{"rendered":"Hemresa f\u00f6r rasen"},"content":{"rendered":"<p><strong><em>Rasen<\/em><\/strong> finns. Det \u00e4r ett ord p\u00e5 min hembygds dialekt och betyder arg, f\u00f6rbannad.<br \/>\n<strong><em>Rasen<\/em><\/strong>, den m\u00e4nskliga, finns ocks\u00e5. I ental. En enda.<\/p>\n<p>Blir du riktigt rasen kallas du sinnatagg i Norge. En del rasister p\u00e5 v\u00e5rt klot \u00e4r sl\u00e4kt med den etterbiggen, rent antiintellektuellt. D\u00e5 \u00e4r det kul att minnas att \u00e4ven den mest fradgatuggande fr\u00e4mlingsfientlige h\u00e4rstammar fr\u00e5n Afrika.<\/p>\n<p>&#8211; Hahahahahahahahahaha, \u00e5k hem m\u00e4\u2019 dig om d\u00e4\u2019 inte passer h\u00e4r. Du tar till v\u00e4nster om Medelhavet \u00e5 forts\u00e4tter s\u00f6derut \u00e5 till h\u00f6ger, sen \u00e4\u2019 du tillbaka ve\u2019 dine r\u00f6tter.<\/p>\n<p>D\u00e4\u2019 finns s\u00e4kert en s\u00e4rk \u00f4t dig med, sinnatagg. Hahahahahahaha.<\/p>\n<p><em><span style=\"color: #ff6600;\"><strong>###<\/strong> <\/span>Fundering n\u00e4r jag l\u00e4ser om den vilsna minoritet som protesterar mot att ICA har en person med tyg p\u00e5 huvudet p\u00e5 sin julkalender.<\/em><br \/>\n<em><strong><span style=\"color: #ff6600;\"> ###<\/span><\/strong> Heja ICA.<\/em><br \/>\n<em><strong><span style=\"color: #ff6600;\"> ###<\/span><\/strong> Tyg is da shit.<\/em><\/p>\n<p><a href=\"https:\/\/sven-ove.nu\/wp-content\/uploads\/2017\/11\/ICA.png\"><img loading=\"lazy\" decoding=\"async\" class=\"size-full wp-image-18760 alignnone\" src=\"https:\/\/sven-ove.nu\/wp-content\/uploads\/2017\/11\/ICA.png\" alt=\"\" width=\"331\" height=\"302\" srcset=\"https:\/\/sven-ove.nu\/wp-content\/uploads\/2017\/11\/ICA.png 331w, https:\/\/sven-ove.nu\/wp-content\/uploads\/2017\/11\/ICA-300x274.png 300w\" sizes=\"auto, (max-width: 331px) 100vw, 331px\" \/><\/a><\/p>\n<p><span style=\"color: #0000ff;\"><a style=\"color: #0000ff;\" href=\"https:\/\/sven-ove.nu\/\">Hem<\/a><\/span>\u00a0|\u00a0<span style=\"color: #0000ff;\"><a style=\"color: #0000ff;\" href=\"https:\/\/sven-ove.nu\/?page_id=170\">Om mig<\/a><\/span>\u00a0|\u00a0<span style=\"color: #0000ff;\"><a style=\"color: #0000ff;\" href=\"https:\/\/sven-ove.nu\/?page_id=1385\">Skriva &amp; prata<\/a><\/span>\u00a0|\u00a0<span style=\"color: #0000ff;\"><a style=\"color: #0000ff;\" href=\"https:\/\/sven-ove.nu\/?page_id=100\">Politik<\/a><\/span>\u00a0|\u00a0<span style=\"color: #0000ff;\"><a style=\"color: #0000ff;\" href=\"https:\/\/sven-ove.nu\/?page_id=102\">L\u00f6pa<\/a><\/span>\u00a0|\u00a0<span style=\"color: #0000ff;\"><a style=\"color: #0000ff;\" href=\"https:\/\/sven-ove.nu\/?page_id=108\">Viktor Root<\/a><\/span>\u00a0| <a href=\"https:\/\/sven-ove.nu\/?page_id=15908\"><span style=\"color: #0000ff;\">Firman<\/span>\u00a0<\/a>|\u00a0<span style=\"color: #0000ff;\"><a style=\"color: #0000ff;\" href=\"https:\/\/sven-ove.nu\/?page_id=15638\">K\u00f4ppra<\/a><\/span>\u00a0\u00a0 <em>(c) Sven-Ove Svensson (dela g\u00e4rna)<\/em><\/p>\n","protected":false},"excerpt":{"rendered":"<p>Rasen finns. Det \u00e4r ett ord p\u00e5 min hembygds dialekt och betyder arg, f\u00f6rbannad. Rasen, den m\u00e4nskliga, finns ocks\u00e5. I ental. En enda. Blir du riktigt rasen kallas du sinnatagg i Norge. En del rasister p\u00e5 v\u00e5rt klot \u00e4r sl\u00e4kt med den etterbiggen, rent antiintellektuellt. D\u00e5 \u00e4r det kul att minnas att \u00e4ven den mest &hellip; <a href=\"https:\/\/sven-ove.nu\/?p=18759\" class=\"more-link\">Forts\u00e4tt l\u00e4sa <span class=\"screen-reader-text\">Hemresa f\u00f6r rasen<\/span><\/a><\/p>\n","protected":false},"author":1,"featured_media":0,"comment_status":"open","ping_status":"open","sticky":false,"template":"","format":"standard","meta":{"_crdt_document":"","_monsterinsights_skip_tracking":false,"_monsterinsights_sitenote_active":false,"_monsterinsights_sitenote_note":"","_monsterinsights_sitenote_category":0,"footnotes":""},"categories":[9,4],"tags":[16,8,15],"class_list":["post-18759","post","type-post","status-publish","format-standard","hentry","category-politik","category-skrivande","tag-dumheter","tag-historia","tag-mediedjungeln"],"_links":{"self":[{"href":"https:\/\/sven-ove.nu\/index.php?rest_route=\/wp\/v2\/posts\/18759","targetHints":{"allow":["GET"]}}],"collection":[{"href":"https:\/\/sven-ove.nu\/index.php?rest_route=\/wp\/v2\/posts"}],"about":[{"href":"https:\/\/sven-ove.nu\/index.php?rest_route=\/wp\/v2\/types\/post"}],"author":[{"embeddable":true,"href":"https:\/\/sven-ove.nu\/index.php?rest_route=\/wp\/v2\/users\/1"}],"replies":[{"embeddable":true,"href":"https:\/\/sven-ove.nu\/index.php?rest_route=%2Fwp%2Fv2%2Fcomments&post=18759"}],"version-history":[{"count":5,"href":"https:\/\/sven-ove.nu\/index.php?rest_route=\/wp\/v2\/posts\/18759\/revisions"}],"predecessor-version":[{"id":18765,"href":"https:\/\/sven-ove.nu\/index.php?rest_route=\/wp\/v2\/posts\/18759\/revisions\/18765"}],"wp:attachment":[{"href":"https:\/\/sven-ove.nu\/index.php?rest_route=%2Fwp%2Fv2%2Fmedia&parent=18759"}],"wp:term":[{"taxonomy":"category","embeddable":true,"href":"https:\/\/sven-ove.nu\/index.php?rest_route=%2Fwp%2Fv2%2Fcategories&post=18759"},{"taxonomy":"post_tag","embeddable":true,"href":"https:\/\/sven-ove.nu\/index.php?rest_route=%2Fwp%2Fv2%2Ftags&post=18759"}],"curies":[{"name":"wp","href":"https:\/\/api.w.org\/{rel}","templated":true}]}}