{"id":18766,"date":"2017-11-25T03:38:13","date_gmt":"2017-11-25T02:38:13","guid":{"rendered":"http:\/\/sven-ove.nu\/?p=18766"},"modified":"2017-11-24T11:48:22","modified_gmt":"2017-11-24T10:48:22","slug":"robert-och-huvudfotingarna","status":"publish","type":"post","link":"https:\/\/sven-ove.nu\/?p=18766","title":{"rendered":"Robert och huvudfotingarna"},"content":{"rendered":"<p><a href=\"https:\/\/sven-ove.nu\/wp-content\/uploads\/2017\/11\/HF.jpg\"><img loading=\"lazy\" decoding=\"async\" class=\"size-large wp-image-18767 alignnone\" src=\"https:\/\/sven-ove.nu\/wp-content\/uploads\/2017\/11\/HF-1024x1024.jpg\" alt=\"\" width=\"660\" height=\"660\" srcset=\"https:\/\/sven-ove.nu\/wp-content\/uploads\/2017\/11\/HF-1024x1024.jpg 1024w, https:\/\/sven-ove.nu\/wp-content\/uploads\/2017\/11\/HF-150x150.jpg 150w, https:\/\/sven-ove.nu\/wp-content\/uploads\/2017\/11\/HF-300x300.jpg 300w, https:\/\/sven-ove.nu\/wp-content\/uploads\/2017\/11\/HF-768x768.jpg 768w, https:\/\/sven-ove.nu\/wp-content\/uploads\/2017\/11\/HF.jpg 1280w\" sizes=\"auto, (max-width: 660px) 100vw, 660px\" \/><\/a><\/p>\n<blockquote><p>Det finns tv\u00e5 s\u00e4tt. Endera g\u00f6r du allt sj\u00e4lv &#8211; eller s\u00e5 tar du med dig en som kan.\u00a0Fast n\u00e5gon g\u00e5ng h\u00e4nde det ju att \u00e4ven mina bilder blev bra.<\/p><\/blockquote>\n<p>F\u00f6rst var jag lokalredakt\u00f6r. D\u00e5 ska du b\u00e5de skriva och fotografera. Gissa vad de flesta prioriterar?<\/p>\n<p>Sedan jobbade jag p\u00e5 tidningar som Sm\u00e5lands Folkblad och Nya Wermlands-Tidningen. Har du f\u00f6lje med fotografer som Kai Rehn eller Christer H\u00f6glund, d\u00e5 beh\u00f6ver du bara st\u00e4lla dig bakom axeln p\u00e5 dem n\u00e4r de tar Bilden med stort B. Sedan har du ingressen klar.<\/p>\n<p>Gissa vilket jag gillade b\u00e4st?<\/p>\n<p>P\u00e5 lilla V\u00e4rmlandsbygden fick vi verkligen pl\u00e5ta sj\u00e4lva. N\u00e5gon g\u00e5ng var jag trots allt n\u00f6jd, som h\u00e4r med fotot p\u00e5 konstn\u00e4ren Robert J\u00e4ppinen i Rans\u00e4ter.<\/p>\n<p style=\"padding-left: 30px;\"><a href=\"https:\/\/sven-ove.nu\/wp-content\/uploads\/2017\/11\/Robert-J\u00e4ppinen.jpg\"><img loading=\"lazy\" decoding=\"async\" class=\"size-medium wp-image-18771 alignnone\" src=\"https:\/\/sven-ove.nu\/wp-content\/uploads\/2017\/11\/Robert-J\u00e4ppinen-225x300.jpg\" alt=\"\" width=\"225\" height=\"300\" srcset=\"https:\/\/sven-ove.nu\/wp-content\/uploads\/2017\/11\/Robert-J\u00e4ppinen-225x300.jpg 225w, https:\/\/sven-ove.nu\/wp-content\/uploads\/2017\/11\/Robert-J\u00e4ppinen-768x1024.jpg 768w, https:\/\/sven-ove.nu\/wp-content\/uploads\/2017\/11\/Robert-J\u00e4ppinen.jpg 960w\" sizes=\"auto, (max-width: 225px) 100vw, 225px\" \/><\/a><\/p>\n<p>Teckningen ovan \u00e4r fr\u00e5n min korta karri\u00e4r som sk\u00e4mttecknare p\u00e5 samma tidning, ocks\u00e5 p\u00e5 1980-talet. Det s\u00e5g lite enahanda ut p\u00e5 l\u00e4tta sidan med mitt namn under allting, varenda g\u00e5ng. Kr\u00f6nikan, dagsversen, sk\u00e4mtteckningen, hela tiden denne Svensson. Raskt d\u00f6pte vi tecknaren till Persson och dagsversskribenten till Viktor Root. D\u00e5 blev det skillnad, inte sant?<\/p>\n<p>H\u00e4r \u00e4r en av Viktors verser, fr\u00e5n tiden n\u00e4r den planerade flygplatsen utanf\u00f6r Karlstad debatterades som mest.<\/p>\n<h3><strong>Sanningen \u00f4m Mellerudst\u00f4rp<\/strong><\/h3>\n<p>I.<br \/>\nS\u00e4ge va en vill<br \/>\n\u00f4m vattent\u00e4kten<br \/>\nve Mellerudst\u00f4rp<br \/>\n\u00c5 s\u00e4ge va en vill<br \/>\n\u00f4m nye flygplassen \u2013<br \/>\nMen d\u00e4 kanske<br \/>\ninte \u00e4 s\u00e5 dumt<br \/>\natt di blir<br \/>\np\u00e5 samme st\u00e4lle?<\/p>\n<p>II.<br \/>\nFlygbensin \u00e5 glykol<br \/>\ni kranvattne?<br \/>\nKanske \u00e4 d\u00e4 just precis<br \/>\nva vissa kallstabor<br \/>\nbeh\u00f6ver?<\/p>\n<p>F\u00f6r \u00e5 inte stelne te.<\/p>\n<p><strong>Viktor Root<\/strong><\/p>\n<p><em><span style=\"color: #ff6600;\"><strong>###<\/strong><\/span> L\u00e4nk: <span style=\"color: #0000ff;\"><a style=\"color: #0000ff;\" href=\"https:\/\/sven-ove.nu\/?p=9281\">Vem \u00e4r r\u00e4dd f\u00f6r Robert J\u00e4ppinen?<br \/>\n<\/a><\/span><\/em><em><span style=\"color: #ff6600;\"><strong>###<\/strong><\/span> T\u00f6l betyder tjat eller tjata.<br \/>\n<\/em><em><span style=\"color: #ff6600;\"><strong>###<\/strong><\/span> En bekant som s\u00f6kte jobb som lokalredakt\u00f6r l\u00e4r ha lagt till\u00a0f\u00f6ljande i sin ans\u00f6kan: \u201dEj fotokunnig. Men bildbar\u201d. <\/em><\/p>\n<p><em>Han fick jobbet.<\/em><\/p>\n<p><span style=\"color: #0000ff;\"><a style=\"color: #0000ff;\" href=\"https:\/\/sven-ove.nu\/\">Hem<\/a><\/span>\u00a0|\u00a0<span style=\"color: #0000ff;\"><a style=\"color: #0000ff;\" href=\"https:\/\/sven-ove.nu\/?page_id=170\">Om mig<\/a><\/span>\u00a0|\u00a0<span style=\"color: #0000ff;\"><a style=\"color: #0000ff;\" href=\"https:\/\/sven-ove.nu\/?page_id=1385\">Skriva &amp; prata<\/a><\/span>\u00a0|\u00a0<span style=\"color: #0000ff;\"><a style=\"color: #0000ff;\" href=\"https:\/\/sven-ove.nu\/?page_id=100\">Politik<\/a><\/span>\u00a0|\u00a0<span style=\"color: #0000ff;\"><a style=\"color: #0000ff;\" href=\"https:\/\/sven-ove.nu\/?page_id=102\">L\u00f6pa<\/a><\/span>\u00a0|\u00a0<span style=\"color: #0000ff;\"><a style=\"color: #0000ff;\" href=\"https:\/\/sven-ove.nu\/?page_id=108\">Viktor Root<\/a><\/span>\u00a0| <a href=\"https:\/\/sven-ove.nu\/?page_id=15908\"><span style=\"color: #0000ff;\">Firman<\/span>\u00a0<\/a>|\u00a0<span style=\"color: #0000ff;\"><a style=\"color: #0000ff;\" href=\"https:\/\/sven-ove.nu\/?page_id=15638\">K\u00f4ppra<\/a><\/span> <em>(c) Sven-Ove Svensson (dela g\u00e4rna)<\/em><\/p>\n","protected":false},"excerpt":{"rendered":"<p>Det finns tv\u00e5 s\u00e4tt. Endera g\u00f6r du allt sj\u00e4lv &#8211; eller s\u00e5 tar du med dig en som kan.\u00a0Fast n\u00e5gon g\u00e5ng h\u00e4nde det ju att \u00e4ven mina bilder blev bra. F\u00f6rst var jag lokalredakt\u00f6r. D\u00e5 ska du b\u00e5de skriva och fotografera. Gissa vad de flesta prioriterar? Sedan jobbade jag p\u00e5 tidningar som Sm\u00e5lands Folkblad och &hellip; <a href=\"https:\/\/sven-ove.nu\/?p=18766\" class=\"more-link\">Forts\u00e4tt l\u00e4sa <span class=\"screen-reader-text\">Robert och huvudfotingarna<\/span><\/a><\/p>\n","protected":false},"author":1,"featured_media":0,"comment_status":"open","ping_status":"open","sticky":false,"template":"","format":"standard","meta":{"_crdt_document":"","_monsterinsights_skip_tracking":false,"_monsterinsights_sitenote_active":false,"_monsterinsights_sitenote_note":"","_monsterinsights_sitenote_category":0,"footnotes":""},"categories":[28,4],"tags":[3,8,18,21,13],"class_list":["post-18766","post","type-post","status-publish","format-standard","hentry","category-kreativt-folk","category-skrivande","tag-arbete","tag-historia","tag-lardomar","tag-ord","tag-utrustning"],"_links":{"self":[{"href":"https:\/\/sven-ove.nu\/index.php?rest_route=\/wp\/v2\/posts\/18766","targetHints":{"allow":["GET"]}}],"collection":[{"href":"https:\/\/sven-ove.nu\/index.php?rest_route=\/wp\/v2\/posts"}],"about":[{"href":"https:\/\/sven-ove.nu\/index.php?rest_route=\/wp\/v2\/types\/post"}],"author":[{"embeddable":true,"href":"https:\/\/sven-ove.nu\/index.php?rest_route=\/wp\/v2\/users\/1"}],"replies":[{"embeddable":true,"href":"https:\/\/sven-ove.nu\/index.php?rest_route=%2Fwp%2Fv2%2Fcomments&post=18766"}],"version-history":[{"count":5,"href":"https:\/\/sven-ove.nu\/index.php?rest_route=\/wp\/v2\/posts\/18766\/revisions"}],"predecessor-version":[{"id":18773,"href":"https:\/\/sven-ove.nu\/index.php?rest_route=\/wp\/v2\/posts\/18766\/revisions\/18773"}],"wp:attachment":[{"href":"https:\/\/sven-ove.nu\/index.php?rest_route=%2Fwp%2Fv2%2Fmedia&parent=18766"}],"wp:term":[{"taxonomy":"category","embeddable":true,"href":"https:\/\/sven-ove.nu\/index.php?rest_route=%2Fwp%2Fv2%2Fcategories&post=18766"},{"taxonomy":"post_tag","embeddable":true,"href":"https:\/\/sven-ove.nu\/index.php?rest_route=%2Fwp%2Fv2%2Ftags&post=18766"}],"curies":[{"name":"wp","href":"https:\/\/api.w.org\/{rel}","templated":true}]}}