{"id":18774,"date":"2017-11-27T03:51:16","date_gmt":"2017-11-27T02:51:16","guid":{"rendered":"http:\/\/sven-ove.nu\/?p=18774"},"modified":"2017-11-27T09:18:36","modified_gmt":"2017-11-27T08:18:36","slug":"nar-var-det-vi-fick-tanda-slingan","status":"publish","type":"post","link":"https:\/\/sven-ove.nu\/?p=18774","title":{"rendered":"N\u00e4r var det vi fick t\u00e4nda slingan?"},"content":{"rendered":"<p><a href=\"https:\/\/sven-ove.nu\/wp-content\/uploads\/2017\/11\/Slingan.jpg\"><img loading=\"lazy\" decoding=\"async\" class=\"size-large wp-image-18775 alignnone\" src=\"https:\/\/sven-ove.nu\/wp-content\/uploads\/2017\/11\/Slingan-1024x385.jpg\" alt=\"\" width=\"660\" height=\"248\" srcset=\"https:\/\/sven-ove.nu\/wp-content\/uploads\/2017\/11\/Slingan-1024x385.jpg 1024w, https:\/\/sven-ove.nu\/wp-content\/uploads\/2017\/11\/Slingan-300x113.jpg 300w, https:\/\/sven-ove.nu\/wp-content\/uploads\/2017\/11\/Slingan-768x289.jpg 768w, https:\/\/sven-ove.nu\/wp-content\/uploads\/2017\/11\/Slingan.jpg 1280w\" sizes=\"auto, (max-width: 660px) 100vw, 660px\" \/><\/a><\/p>\n<h3><strong>I. F\u00f6rundran<\/strong><\/h3>\n<p>Det h\u00e4nder att jag undrar. Hur st\u00e5r det till inne i skallen p\u00e5 de julf\u00f6rskr\u00e4ckta? Hur t\u00e4nker de? De d\u00e4r stackarna som tror att det p\u00e5g\u00e5r en stor sammansv\u00e4rjning som h\u00e5ller p\u00e5 och tar december ifr\u00e5n dem. Inte f\u00e5r de kl\u00e4 ut sig till pepparkakor, inte \u00e4ta grisfot, inte ha adventskalendern i fred f\u00f6r kippor och hijaber. Alladin-asken, denna heliga, kr\u00e5nglar batikh\u00e4xorna med och inte f\u00e5r partiledarn festa med Alfred Nobel. Kalle Anka, han som \u00e4r \u00e4nnu heligare, kr\u00e5nglar syltryggarna med och inte f\u00e5r Hanif Bali vara julv\u00e4rd. Lucia \u00e4r inte &#8221;hudf\u00e4rgad&#8221; l\u00e4ngre, v\u00e4rdshus och g\u00e4stgifvarg\u00e5rdar serverar kycklingskinka och snart f\u00e5r de inte fippla med knappen till utegranen utan att det blir v\u00e4sen p\u00e5 ins\u00e4ndarsidorna.<\/p>\n<p>De blir s\u00e5 kr\u00e4nkta. Hela Mellansverige \u00e4r emot dem. Samt Norrland, G\u00f6taland och vaheter\u00e4, Europa.<\/p>\n<p>Kr\u00e4nkta.<\/p>\n<h3><strong>II. L\u00e4tt rodnad<\/strong><\/h3>\n<p>Ungef\u00e4r h\u00e4r brukar mina egna kinder f\u00e4rgas kl\u00e4dsamt sk\u00e4ra. V\u00e4nta nu, hur \u00e4r ditt eget f\u00f6rh\u00e5llande till jultraditionerna, Svensson? \u00c4r inte \u00e4ven du en h\u00e5rdnackad jultraditionalist, fast fr\u00e5n ditt medm\u00e4nskliga h\u00e5ll? La inte du ut exakta regler p\u00e5 bloggen i fjol f\u00f6r hur jul f\u00e5r firas?<\/p>\n<p>Inl\u00e4gg fr\u00e5n 2016:<br \/>\n<span style=\"color: #0000ff;\"><strong><a style=\"color: #0000ff;\" href=\"https:\/\/sven-ove.nu\/?p=16596\">Regler f\u00f6r hur jul f\u00e5r firas<\/a><\/strong><\/span><\/p>\n<p>M\u00e5ngfald tror jag givetvis p\u00e5. Alla m\u00e4nniskor \u00e4r lika mycket v\u00e4rda. Vi har haft inlandsis i Sverige, h\u00e4r i landet \u00e4r vi alla invandrare. Det finns ingen 24:e-decembersammansv\u00e4rjning.<\/p>\n<p>Men &#8211; \u00e4r jag inte on\u00f6digt l\u00e5st i min egen privata traditionalism? M\u00e5ste det vara helt f\u00f6rbjudet med julmust f\u00f6re 23:e december?<\/p>\n<p>M\u00e5ste detta g\u00e4lla alla?<\/p>\n<h3><strong>III. Annonsen<\/strong><\/h3>\n<p><a href=\"https:\/\/sven-ove.nu\/wp-content\/uploads\/2017\/11\/Adventsgran.jpg\"><img loading=\"lazy\" decoding=\"async\" class=\"size-medium wp-image-18779 alignnone\" src=\"https:\/\/sven-ove.nu\/wp-content\/uploads\/2017\/11\/Adventsgran-300x291.jpg\" alt=\"\" width=\"300\" height=\"291\" srcset=\"https:\/\/sven-ove.nu\/wp-content\/uploads\/2017\/11\/Adventsgran-300x291.jpg 300w, https:\/\/sven-ove.nu\/wp-content\/uploads\/2017\/11\/Adventsgran-768x745.jpg 768w, https:\/\/sven-ove.nu\/wp-content\/uploads\/2017\/11\/Adventsgran-1024x994.jpg 1024w, https:\/\/sven-ove.nu\/wp-content\/uploads\/2017\/11\/Adventsgran.jpg 1280w\" sizes=\"auto, (max-width: 300px) 100vw, 300px\" \/><\/a><\/p>\n<p>Det \u00e4r en annons i lokala annonsbladet som s\u00e4tter ig\u00e5ng tankarna. Pl\u00f6tsligt ser jag det. De s\u00e4ljer inte julgranar l\u00e4ngre. De s\u00e4ljer advents- &amp; julgranar.<\/p>\n<p>&#8221;Advents-&#8221; !!!<\/p>\n<p>H\u00e4r har en annan g\u00e5tt och muttrat i \u00e5ratal \u00f6ver att folk b\u00e4r in julgranen n\u00e4r advent b\u00f6rjar och sedan tr\u00f6ttnar de p\u00e5 julpyntet den 26:e december. L\u00e4s reglerna ovan f\u00e5r du se hur rigid jag \u00e4r.<\/p>\n<p>Men nu, en stillsam l\u00f6rdagsfrukost i slutet av november, uppt\u00e4cker jag att n\u00e5got har h\u00e4nt inuti min egen skalle. Jag inte bara ser annonsen. Jag ser f\u00f6rl\u00e5tande p\u00e5 den, n\u00e4stan sm\u00e5k\u00e4rt.<\/p>\n<p>Den \u00e4r en bild av f\u00f6r\u00e4ndring. Sj\u00e4lvklart har jultraditionerna p\u00e5 Grossbolstorp \u00e4ndrat sig genom \u00e5ren, v\u00e5ra egna ocks\u00e5. Tomten har inte funnits i alla tider, inte Kalle Anka, klapparna, strumppresenterna p\u00e5 julaftonsmorgonen och\u00a0julmusten heller. Inte ens Konsum Forshagas gravade sill och den k\u00e4ra v\u00e4nnens sillsallad har funnits i eviga tider.<\/p>\n<p>Det \u00e4ndrar sig. Julen \u00e4ndrar sig. Jag inser det, n\u00e4r jag tittar p\u00e5 granannonsen fr\u00e5n norra handbollsklubben. Folk f-\u00e5-r fila p\u00e5 sina traditioner, bara vi h\u00e4r i huset f\u00e5r forts\u00e4tta att g\u00f6ra p\u00e5 v\u00e5rt s\u00e4tt.<\/p>\n<p>Jag \u00e4r f\u00f6rv\u00e5nad sj\u00e4lv men s\u00e5 tycker jag.<br \/>\nN\u00e4r var det vi fick t\u00e4nda slingan p\u00e5 verandan nu igen?<\/p>\n<p style=\"padding-left: 30px;\"><span style=\"color: #ff0000;\"><strong>###<\/strong><\/span><\/p>\n<p>Visst \u00e4r det underbart roligt n\u00e4r man t\u00e4nker p\u00e5 vad chokladasken heter, som varje fr\u00e4mlingsfientlig k\u00f6per och ger bort till sina lika fr\u00e4mlingsfientliga v\u00e4nner vid jul? <strong>Alladin<\/strong>. Hahahahaha!<\/p>\n<p style=\"padding-left: 30px;\"><span style=\"color: #ff0000;\"><strong>###<\/strong><\/span><\/p>\n<p>&#8230; men s\u00e4ljer ni semlor f\u00f6re fettisdagen, d\u00e5 os\u00e4krar jag min Facebook-tidslinje.<\/p>\n<p style=\"padding-left: 30px;\"><span style=\"color: #ff0000;\"><strong>###<\/strong><\/span><\/p>\n<p>Det finns gr\u00e4nser f\u00f6r min okr\u00e4nkbarhet.<\/p>\n<p><a href=\"https:\/\/sven-ove.nu\/wp-content\/uploads\/2017\/11\/Julgranskula.jpg\"><img loading=\"lazy\" decoding=\"async\" class=\"size-thumbnail wp-image-18780 alignnone\" src=\"https:\/\/sven-ove.nu\/wp-content\/uploads\/2017\/11\/Julgranskula-150x150.jpg\" alt=\"\" width=\"150\" height=\"150\" srcset=\"https:\/\/sven-ove.nu\/wp-content\/uploads\/2017\/11\/Julgranskula-150x150.jpg 150w, https:\/\/sven-ove.nu\/wp-content\/uploads\/2017\/11\/Julgranskula-300x300.jpg 300w, https:\/\/sven-ove.nu\/wp-content\/uploads\/2017\/11\/Julgranskula-768x768.jpg 768w, https:\/\/sven-ove.nu\/wp-content\/uploads\/2017\/11\/Julgranskula-1024x1024.jpg 1024w, https:\/\/sven-ove.nu\/wp-content\/uploads\/2017\/11\/Julgranskula.jpg 1280w\" sizes=\"auto, (max-width: 150px) 100vw, 150px\" \/><\/a><\/p>\n<p style=\"padding-left: 30px;\"><span style=\"color: #ff0000;\"><strong>###<\/strong><\/span><\/p>\n<p>Hos vissa finns det bara r\u00e4dsla, hahaha:<\/p>\n<p><a href=\"https:\/\/sven-ove.nu\/wp-content\/uploads\/2017\/11\/Sk\u00e4rmavbild-2017-11-26-kl.-17.00.01.png\"><img loading=\"lazy\" decoding=\"async\" class=\"size-medium wp-image-18783 alignnone\" src=\"https:\/\/sven-ove.nu\/wp-content\/uploads\/2017\/11\/Sk\u00e4rmavbild-2017-11-26-kl.-17.00.01-300x214.png\" alt=\"\" width=\"300\" height=\"214\" srcset=\"https:\/\/sven-ove.nu\/wp-content\/uploads\/2017\/11\/Sk\u00e4rmavbild-2017-11-26-kl.-17.00.01-300x214.png 300w, https:\/\/sven-ove.nu\/wp-content\/uploads\/2017\/11\/Sk\u00e4rmavbild-2017-11-26-kl.-17.00.01.png 579w\" sizes=\"auto, (max-width: 300px) 100vw, 300px\" \/><\/a><\/p>\n<p><span style=\"color: #0000ff;\"><a style=\"color: #0000ff;\" href=\"https:\/\/sven-ove.nu\/\">Hem<\/a><\/span>\u00a0|\u00a0<span style=\"color: #0000ff;\"><a style=\"color: #0000ff;\" href=\"https:\/\/sven-ove.nu\/?page_id=170\">Om mig<\/a><\/span>\u00a0|\u00a0<span style=\"color: #0000ff;\"><a style=\"color: #0000ff;\" href=\"https:\/\/sven-ove.nu\/?page_id=1385\">Skriva &amp; prata<\/a><\/span>\u00a0|\u00a0<span style=\"color: #0000ff;\"><a style=\"color: #0000ff;\" href=\"https:\/\/sven-ove.nu\/?page_id=100\">Politik<\/a><\/span>\u00a0|\u00a0<span style=\"color: #0000ff;\"><a style=\"color: #0000ff;\" href=\"https:\/\/sven-ove.nu\/?page_id=102\">L\u00f6pa<\/a><\/span>\u00a0|\u00a0<span style=\"color: #0000ff;\"><a style=\"color: #0000ff;\" href=\"https:\/\/sven-ove.nu\/?page_id=108\">Viktor Root<\/a>\u00a0<\/span>| <a href=\"https:\/\/sven-ove.nu\/?page_id=15908\"><span style=\"color: #0000ff;\">Firman<\/span>\u00a0<\/a>|\u00a0<span style=\"color: #0000ff;\"><a style=\"color: #0000ff;\" href=\"https:\/\/sven-ove.nu\/?page_id=15638\">K\u00f4ppra<\/a><\/span> <em>(c) Sven-Ove Svensson (dela g\u00e4rna)<\/em><\/p>\n","protected":false},"excerpt":{"rendered":"<p>I. F\u00f6rundran Det h\u00e4nder att jag undrar. Hur st\u00e5r det till inne i skallen p\u00e5 de julf\u00f6rskr\u00e4ckta? Hur t\u00e4nker de? De d\u00e4r stackarna som tror att det p\u00e5g\u00e5r en stor sammansv\u00e4rjning som h\u00e5ller p\u00e5 och tar december ifr\u00e5n dem. Inte f\u00e5r de kl\u00e4 ut sig till pepparkakor, inte \u00e4ta grisfot, inte ha adventskalendern i fred &hellip; <a href=\"https:\/\/sven-ove.nu\/?p=18774\" class=\"more-link\">Forts\u00e4tt l\u00e4sa <span class=\"screen-reader-text\">N\u00e4r var det vi fick t\u00e4nda slingan?<\/span><\/a><\/p>\n","protected":false},"author":1,"featured_media":0,"comment_status":"open","ping_status":"open","sticky":false,"template":"","format":"standard","meta":{"_crdt_document":"","_monsterinsights_skip_tracking":false,"_monsterinsights_sitenote_active":false,"_monsterinsights_sitenote_note":"","_monsterinsights_sitenote_category":0,"footnotes":""},"categories":[10],"tags":[8,24,18,14],"class_list":["post-18774","post","type-post","status-publish","format-standard","hentry","category-familjen","tag-historia","tag-karlek","tag-lardomar","tag-lasning"],"_links":{"self":[{"href":"https:\/\/sven-ove.nu\/index.php?rest_route=\/wp\/v2\/posts\/18774","targetHints":{"allow":["GET"]}}],"collection":[{"href":"https:\/\/sven-ove.nu\/index.php?rest_route=\/wp\/v2\/posts"}],"about":[{"href":"https:\/\/sven-ove.nu\/index.php?rest_route=\/wp\/v2\/types\/post"}],"author":[{"embeddable":true,"href":"https:\/\/sven-ove.nu\/index.php?rest_route=\/wp\/v2\/users\/1"}],"replies":[{"embeddable":true,"href":"https:\/\/sven-ove.nu\/index.php?rest_route=%2Fwp%2Fv2%2Fcomments&post=18774"}],"version-history":[{"count":9,"href":"https:\/\/sven-ove.nu\/index.php?rest_route=\/wp\/v2\/posts\/18774\/revisions"}],"predecessor-version":[{"id":18787,"href":"https:\/\/sven-ove.nu\/index.php?rest_route=\/wp\/v2\/posts\/18774\/revisions\/18787"}],"wp:attachment":[{"href":"https:\/\/sven-ove.nu\/index.php?rest_route=%2Fwp%2Fv2%2Fmedia&parent=18774"}],"wp:term":[{"taxonomy":"category","embeddable":true,"href":"https:\/\/sven-ove.nu\/index.php?rest_route=%2Fwp%2Fv2%2Fcategories&post=18774"},{"taxonomy":"post_tag","embeddable":true,"href":"https:\/\/sven-ove.nu\/index.php?rest_route=%2Fwp%2Fv2%2Ftags&post=18774"}],"curies":[{"name":"wp","href":"https:\/\/api.w.org\/{rel}","templated":true}]}}