{"id":18788,"date":"2017-11-28T04:14:49","date_gmt":"2017-11-28T03:14:49","guid":{"rendered":"http:\/\/sven-ove.nu\/?p=18788"},"modified":"2017-12-01T12:35:54","modified_gmt":"2017-12-01T11:35:54","slug":"fladdriga-reflektioner-i-stearinljusets-sken","status":"publish","type":"post","link":"https:\/\/sven-ove.nu\/?p=18788","title":{"rendered":"Fladdriga reflektioner i stearinljusets sken"},"content":{"rendered":"<p><a href=\"https:\/\/sven-ove.nu\/wp-content\/uploads\/2017\/11\/Stearinljus.jpg\"><img loading=\"lazy\" decoding=\"async\" class=\"size-large wp-image-18790 alignnone\" src=\"https:\/\/sven-ove.nu\/wp-content\/uploads\/2017\/11\/Stearinljus-1024x947.jpg\" alt=\"\" width=\"660\" height=\"610\" srcset=\"https:\/\/sven-ove.nu\/wp-content\/uploads\/2017\/11\/Stearinljus-1024x947.jpg 1024w, https:\/\/sven-ove.nu\/wp-content\/uploads\/2017\/11\/Stearinljus-300x278.jpg 300w, https:\/\/sven-ove.nu\/wp-content\/uploads\/2017\/11\/Stearinljus-768x710.jpg 768w, https:\/\/sven-ove.nu\/wp-content\/uploads\/2017\/11\/Stearinljus.jpg 1280w\" sizes=\"auto, (max-width: 660px) 100vw, 660px\" \/><\/a><\/p>\n<p>Du\u00a0\u00e4r en pamponar, h\u00e4lsar min 3-\u00e5rige v\u00e4n. Det betyder pension\u00e4r, f\u00f6r dig som inte kan spr\u00e5ket. Vi skrattar varje g\u00e5ng han s\u00e4ger det, s\u00e4rskilt han. Sedan s\u00e4ger han det en g\u00e5ng till. Och en g\u00e5ng till. Vi tycker mycket om ordet.<\/p>\n<p>Pamponar.<\/p>\n<p style=\"padding-left: 30px;\"><span style=\"color: #ffcc00;\"><strong>###<\/strong><\/span><\/p>\n<p>N\u00e4r gammalt folk g\u00e5r halloween till varandra:<br \/>\n&#8211; Trick or artrit?<\/p>\n<p style=\"padding-left: 30px;\"><span style=\"color: #ffcc00;\"><strong>###<\/strong><\/span><\/p>\n<p>Liv och v\u00e4nskap \u00e4r som en gammal hederlig enhetsfront. Vi kan inte tycka lika om allt. Men n\u00e4r en blir \u00f6verens med m\u00e5nga om de viktiga tingen \u00e4r det starkt.<\/p>\n<p style=\"padding-left: 30px;\"><span style=\"color: #ffcc00;\"><strong>###<\/strong><\/span><\/p>\n<p>Aprop\u00e5 en viss Malta-l\u00e4cka med p\u00e5fallande skattefria uttalanden:<br \/>\nEn g\u00e5ng i tiden fanns det bara <strong>en<\/strong> orm i Paradiset.<\/p>\n<p style=\"padding-left: 30px;\"><span style=\"color: #ffcc00;\"><strong>###<\/strong><\/span><\/p>\n<p>Sommar. Den teaterintresserade tio\u00e5ringen, p\u00e5 v\u00e4g till sitt \u00e4lskade V\u00e4stan\u00e5 Teater i Rottneros f\u00f6r fj\u00e4rde \u00e5ret i rad, efter att ha spelat sommarteater d\u00e4r hemma:<br \/>\n&#8211; \u00a0V\u00e4stan\u00e5 f\u00e5r ju ha kul p\u00e5 scenen mycket l\u00e4ngre \u00e4n vi.<\/p>\n<p style=\"padding-left: 30px;\"><a href=\"https:\/\/sven-ove.nu\/wp-content\/uploads\/2017\/11\/Karl-Artur-f\u00f6rkunnare.jpg\"><img loading=\"lazy\" decoding=\"async\" class=\"size-medium wp-image-18792 alignnone\" src=\"https:\/\/sven-ove.nu\/wp-content\/uploads\/2017\/11\/Karl-Artur-f\u00f6rkunnare-300x200.jpg\" alt=\"\" width=\"300\" height=\"200\" srcset=\"https:\/\/sven-ove.nu\/wp-content\/uploads\/2017\/11\/Karl-Artur-f\u00f6rkunnare-300x200.jpg 300w, https:\/\/sven-ove.nu\/wp-content\/uploads\/2017\/11\/Karl-Artur-f\u00f6rkunnare-768x512.jpg 768w, https:\/\/sven-ove.nu\/wp-content\/uploads\/2017\/11\/Karl-Artur-f\u00f6rkunnare-1024x682.jpg 1024w, https:\/\/sven-ove.nu\/wp-content\/uploads\/2017\/11\/Karl-Artur-f\u00f6rkunnare.jpg 1280w\" sizes=\"auto, (max-width: 300px) 100vw, 300px\" \/><\/a><\/p>\n<p style=\"padding-left: 30px;\"><em>Daniel Lindman Agorander i rollen som Karl-Artur Ekenstedt i V\u00e4stan\u00e5 Teaters f\u00f6rest\u00e4llning av Charlotte L\u00f6wensk\u00f6ld. <\/em><em>Foto: Per Hardestam.<\/em><\/p>\n<p><span style=\"color: #0000ff;\"><a style=\"color: #0000ff;\" href=\"https:\/\/sven-ove.nu\/\">Hem<\/a><\/span>\u00a0|\u00a0<span style=\"color: #0000ff;\"><a style=\"color: #0000ff;\" href=\"https:\/\/sven-ove.nu\/?page_id=170\">Om mig<\/a><\/span>\u00a0|\u00a0<span style=\"color: #0000ff;\"><a style=\"color: #0000ff;\" href=\"https:\/\/sven-ove.nu\/?page_id=1385\">Skriva &amp; prata<\/a><\/span>\u00a0|\u00a0<span style=\"color: #0000ff;\"><a style=\"color: #0000ff;\" href=\"https:\/\/sven-ove.nu\/?page_id=100\">Politik<\/a><\/span>\u00a0|\u00a0<span style=\"color: #0000ff;\"><a style=\"color: #0000ff;\" href=\"https:\/\/sven-ove.nu\/?page_id=102\">L\u00f6pa<\/a><\/span>\u00a0|\u00a0<span style=\"color: #0000ff;\"><a style=\"color: #0000ff;\" href=\"https:\/\/sven-ove.nu\/?page_id=108\">Viktor Root<\/a><\/span>\u00a0| <a href=\"https:\/\/sven-ove.nu\/?page_id=15908\"><span style=\"color: #0000ff;\">Firman<\/span>\u00a0<\/a>|\u00a0<span style=\"color: #0000ff;\"><a style=\"color: #0000ff;\" href=\"https:\/\/sven-ove.nu\/?page_id=15638\">K\u00f4ppra<\/a><\/span> <em>(c) Sven-Ove Svensson (dela g\u00e4rna)<\/em><\/p>\n","protected":false},"excerpt":{"rendered":"<p>Du\u00a0\u00e4r en pamponar, h\u00e4lsar min 3-\u00e5rige v\u00e4n. Det betyder pension\u00e4r, f\u00f6r dig som inte kan spr\u00e5ket. Vi skrattar varje g\u00e5ng han s\u00e4ger det, s\u00e4rskilt han. Sedan s\u00e4ger han det en g\u00e5ng till. Och en g\u00e5ng till. Vi tycker mycket om ordet. Pamponar. ### N\u00e4r gammalt folk g\u00e5r halloween till varandra: &#8211; Trick or artrit? ### &hellip; <a href=\"https:\/\/sven-ove.nu\/?p=18788\" class=\"more-link\">Forts\u00e4tt l\u00e4sa <span class=\"screen-reader-text\">Fladdriga reflektioner i stearinljusets sken<\/span><\/a><\/p>\n","protected":false},"author":1,"featured_media":0,"comment_status":"open","ping_status":"open","sticky":false,"template":"","format":"standard","meta":{"_crdt_document":"","_monsterinsights_skip_tracking":false,"_monsterinsights_sitenote_active":false,"_monsterinsights_sitenote_note":"","_monsterinsights_sitenote_category":0,"footnotes":""},"categories":[28],"tags":[24,18,21],"class_list":["post-18788","post","type-post","status-publish","format-standard","hentry","category-kreativt-folk","tag-karlek","tag-lardomar","tag-ord"],"_links":{"self":[{"href":"https:\/\/sven-ove.nu\/index.php?rest_route=\/wp\/v2\/posts\/18788","targetHints":{"allow":["GET"]}}],"collection":[{"href":"https:\/\/sven-ove.nu\/index.php?rest_route=\/wp\/v2\/posts"}],"about":[{"href":"https:\/\/sven-ove.nu\/index.php?rest_route=\/wp\/v2\/types\/post"}],"author":[{"embeddable":true,"href":"https:\/\/sven-ove.nu\/index.php?rest_route=\/wp\/v2\/users\/1"}],"replies":[{"embeddable":true,"href":"https:\/\/sven-ove.nu\/index.php?rest_route=%2Fwp%2Fv2%2Fcomments&post=18788"}],"version-history":[{"count":7,"href":"https:\/\/sven-ove.nu\/index.php?rest_route=\/wp\/v2\/posts\/18788\/revisions"}],"predecessor-version":[{"id":18799,"href":"https:\/\/sven-ove.nu\/index.php?rest_route=\/wp\/v2\/posts\/18788\/revisions\/18799"}],"wp:attachment":[{"href":"https:\/\/sven-ove.nu\/index.php?rest_route=%2Fwp%2Fv2%2Fmedia&parent=18788"}],"wp:term":[{"taxonomy":"category","embeddable":true,"href":"https:\/\/sven-ove.nu\/index.php?rest_route=%2Fwp%2Fv2%2Fcategories&post=18788"},{"taxonomy":"post_tag","embeddable":true,"href":"https:\/\/sven-ove.nu\/index.php?rest_route=%2Fwp%2Fv2%2Ftags&post=18788"}],"curies":[{"name":"wp","href":"https:\/\/api.w.org\/{rel}","templated":true}]}}