{"id":18800,"date":"2017-11-29T17:55:11","date_gmt":"2017-11-29T16:55:11","guid":{"rendered":"http:\/\/sven-ove.nu\/?p=18800"},"modified":"2017-11-29T19:20:49","modified_gmt":"2017-11-29T18:20:49","slug":"18800","status":"publish","type":"post","link":"https:\/\/sven-ove.nu\/?p=18800","title":{"rendered":"V\u00e5rt hotade smultronst\u00e4lle"},"content":{"rendered":"<blockquote><p>I g\u00e5r, tisdagen den 28 november, hade jag en ins\u00e4ndare i V\u00e4rmlands Folkblad och Nya Wermlands-Tidningen. Gamla Kraftstationen hotas av nedl\u00e4ggning. Ett smultronst\u00e4lle i v\u00e5r kommun med gofika, mat, artistupptr\u00e4danden och utst\u00e4llningar i en industrihistoriskt sp\u00e4nnande lokal.<\/p><\/blockquote>\n<p>H\u00e4r \u00e4r ins\u00e4ndaren:<\/p>\n<p><a href=\"https:\/\/sven-ove.nu\/wp-content\/uploads\/2017\/11\/VF-28-nov-2017.jpg\"><img loading=\"lazy\" decoding=\"async\" class=\"alignright size-full wp-image-18802\" src=\"https:\/\/sven-ove.nu\/wp-content\/uploads\/2017\/11\/VF-28-nov-2017.jpg\" alt=\"\" width=\"960\" height=\"1280\" srcset=\"https:\/\/sven-ove.nu\/wp-content\/uploads\/2017\/11\/VF-28-nov-2017.jpg 960w, https:\/\/sven-ove.nu\/wp-content\/uploads\/2017\/11\/VF-28-nov-2017-225x300.jpg 225w, https:\/\/sven-ove.nu\/wp-content\/uploads\/2017\/11\/VF-28-nov-2017-768x1024.jpg 768w\" sizes=\"auto, (max-width: 960px) 100vw, 960px\" \/><\/a><\/p>\n<p><em>L\u00e4nk till ins\u00e4ndaren i VF: <span style=\"color: #0000ff;\"><strong><a style=\"color: #0000ff;\" href=\"https:\/\/www.vf.se\/insandare\/var-radd-om-vad-vi-har\/\">Var r\u00e4dd om vad vi har<\/a><\/strong><\/span><\/em><\/p>\n<p><strong>Kan inte g\u00f6ra n\u00e5gonting just nu<\/strong><br \/>\nAtt jag \u00e4r r\u00e4dd att verksamheten \u00e4r hotad beror p\u00e5 att de ansvariga f\u00f6r Gamla Kraftstationen sj\u00e4lva anser att det \u00e4r s\u00e5. Avtalet med Fortum\u00a0g\u00e5r ut vid \u00e5rsskiftet och just nu kan de inte s\u00f6ka kulturbidrag och inte boka vare sig artister eller utst\u00e4llare.<\/p>\n<p>Fakta i korta drag: Kraftis beh\u00f6ver ett avtal l\u00e4ngre \u00e4n de f\u00f6reslagna tv\u00e5 \u00e5ren om man\u00a0ska kunna utveckla verksamheten. Man\u00a0beh\u00f6ver mer utrymme i\u00a0den r\u00f6da l\u00e4ngan p\u00e5 omr\u00e5det. Tanken \u00e4r att inhysa en glasbl\u00e5sarverkstad d\u00e4r. Kraftis omr\u00e5de kommer dessutom att begr\u00e4nsas rej\u00e4lt om Fortum s\u00e4tter upp det staket man f\u00f6rvarnat om.<\/p>\n<p>Vi\u00a0stannar d\u00e4r, innan jag b\u00f6rjar ge mig in i f\u00f6rhandlingsargumenteringen. Den f\u00e5r Kraftis via kommunen sk\u00f6ta.<\/p>\n<p><strong>D\u00e5 ringde kommunchefen<\/strong><br \/>\nJag l\u00e4nkar inte det h\u00e4r inl\u00e4gget p\u00e5 Facebook. Ins\u00e4ndaren blev bra spridd p\u00e5 Facebook under tisdagen och fram\u00e5t. Tack f\u00f6r allt st\u00f6d till v\u00e4nnerna i Deje.<\/p>\n<p>I kv\u00e4llningen blev jag\u00a0uppringd av kommunchefen i Forshaga, Torbj\u00f6rn Falk. Han svarade muntligt p\u00e5 min ins\u00e4ndare och gjorde det p\u00e5 ett s\u00e4tt som jag tycker om. Kommunen \u00e4r v\u00e4l medveten om vilken positiv kraft Gamla Kraftstationen \u00e4r, man vet vad f\u00f6reningen som driver den efterlyser f\u00f6r att kunna forts\u00e4tta att utveckla verksamheten och man vet att det br\u00e5dskar.<\/p>\n<p>Nu hoppas jag att kommunen kan f\u00e5 Fortum att f\u00f6rst\u00e5 vilken storm det skulle bli om Kraftis m\u00e5ste l\u00e4ggas ner. Inte minst: vilken positiv PR Gamla Kraftstationens verksamhet med mat, fika, upptr\u00e4danden och utst\u00e4llningar \u00e4r \u00e4ven f\u00f6r dem.<\/p>\n<p>Sympatiskt att ringa upp en ins\u00e4ndarskribent och svara. Jag f\u00f6rst\u00e5r mycket v\u00e4l om kommunen inte vill debattera i medierna tv\u00e5 dagar innan en f\u00f6rhandling och det sa jag. Vad jag inte sa var att det \u00e4r f\u00f6rsta g\u00e5ngen n\u00e5gonsin en h\u00f6g kommunrepresentant ringt och h\u00e5llit dialog efter en kr\u00f6nika eller ins\u00e4ndare jag skrivit.<\/p>\n<p>Tack \u00e4ven f\u00f6r det!<\/p>\n<p><span style=\"color: #0000ff;\"><a style=\"color: #0000ff;\" href=\"https:\/\/sven-ove.nu\/\">Hem<\/a><\/span>\u00a0|\u00a0<span style=\"color: #0000ff;\"><a style=\"color: #0000ff;\" href=\"https:\/\/sven-ove.nu\/?page_id=170\">Om mig<\/a>\u00a0<\/span>|\u00a0<span style=\"color: #0000ff;\"><a style=\"color: #0000ff;\" href=\"https:\/\/sven-ove.nu\/?page_id=1385\">Skriva &amp; prata<\/a><\/span>\u00a0|\u00a0<span style=\"color: #0000ff;\"><a style=\"color: #0000ff;\" href=\"https:\/\/sven-ove.nu\/?page_id=100\">Politik<\/a><\/span>\u00a0|\u00a0<span style=\"color: #0000ff;\"><a style=\"color: #0000ff;\" href=\"https:\/\/sven-ove.nu\/?page_id=102\">L\u00f6pa<\/a><\/span>\u00a0|\u00a0<span style=\"color: #0000ff;\"><a style=\"color: #0000ff;\" href=\"https:\/\/sven-ove.nu\/?page_id=108\">Viktor Root<\/a><\/span>\u00a0| <a href=\"https:\/\/sven-ove.nu\/?page_id=15908\"><span style=\"color: #0000ff;\">Firman<\/span>\u00a0<\/a>|\u00a0<span style=\"color: #0000ff;\"><a style=\"color: #0000ff;\" href=\"https:\/\/sven-ove.nu\/?page_id=15638\">K\u00f4ppra<\/a><\/span> <em>(c) Sven-Ove Svensson (dela g\u00e4rna)<\/em><\/p>\n","protected":false},"excerpt":{"rendered":"<p>I g\u00e5r, tisdagen den 28 november, hade jag en ins\u00e4ndare i V\u00e4rmlands Folkblad och Nya Wermlands-Tidningen. Gamla Kraftstationen hotas av nedl\u00e4ggning. Ett smultronst\u00e4lle i v\u00e5r kommun med gofika, mat, artistupptr\u00e4danden och utst\u00e4llningar i en industrihistoriskt sp\u00e4nnande lokal. H\u00e4r \u00e4r ins\u00e4ndaren: L\u00e4nk till ins\u00e4ndaren i VF: Var r\u00e4dd om vad vi har Kan inte g\u00f6ra n\u00e5gonting &hellip; <a href=\"https:\/\/sven-ove.nu\/?p=18800\" class=\"more-link\">Forts\u00e4tt l\u00e4sa <span class=\"screen-reader-text\">V\u00e5rt hotade smultronst\u00e4lle<\/span><\/a><\/p>\n","protected":false},"author":1,"featured_media":0,"comment_status":"open","ping_status":"open","sticky":false,"template":"","format":"standard","meta":{"_crdt_document":"","_monsterinsights_skip_tracking":false,"_monsterinsights_sitenote_active":false,"_monsterinsights_sitenote_note":"","_monsterinsights_sitenote_category":0,"footnotes":""},"categories":[28,9],"tags":[3,8,24,20],"class_list":["post-18800","post","type-post","status-publish","format-standard","hentry","category-kreativt-folk","category-politik","tag-arbete","tag-historia","tag-karlek","tag-rad"],"_links":{"self":[{"href":"https:\/\/sven-ove.nu\/index.php?rest_route=\/wp\/v2\/posts\/18800","targetHints":{"allow":["GET"]}}],"collection":[{"href":"https:\/\/sven-ove.nu\/index.php?rest_route=\/wp\/v2\/posts"}],"about":[{"href":"https:\/\/sven-ove.nu\/index.php?rest_route=\/wp\/v2\/types\/post"}],"author":[{"embeddable":true,"href":"https:\/\/sven-ove.nu\/index.php?rest_route=\/wp\/v2\/users\/1"}],"replies":[{"embeddable":true,"href":"https:\/\/sven-ove.nu\/index.php?rest_route=%2Fwp%2Fv2%2Fcomments&post=18800"}],"version-history":[{"count":6,"href":"https:\/\/sven-ove.nu\/index.php?rest_route=\/wp\/v2\/posts\/18800\/revisions"}],"predecessor-version":[{"id":18807,"href":"https:\/\/sven-ove.nu\/index.php?rest_route=\/wp\/v2\/posts\/18800\/revisions\/18807"}],"wp:attachment":[{"href":"https:\/\/sven-ove.nu\/index.php?rest_route=%2Fwp%2Fv2%2Fmedia&parent=18800"}],"wp:term":[{"taxonomy":"category","embeddable":true,"href":"https:\/\/sven-ove.nu\/index.php?rest_route=%2Fwp%2Fv2%2Fcategories&post=18800"},{"taxonomy":"post_tag","embeddable":true,"href":"https:\/\/sven-ove.nu\/index.php?rest_route=%2Fwp%2Fv2%2Ftags&post=18800"}],"curies":[{"name":"wp","href":"https:\/\/api.w.org\/{rel}","templated":true}]}}