{"id":18829,"date":"2017-12-02T03:52:34","date_gmt":"2017-12-02T02:52:34","guid":{"rendered":"http:\/\/sven-ove.nu\/?p=18829"},"modified":"2017-12-01T17:56:52","modified_gmt":"2017-12-01T16:56:52","slug":"friska-tag-i-vild-opposition","status":"publish","type":"post","link":"https:\/\/sven-ove.nu\/?p=18829","title":{"rendered":"Friska tag i vild opposition"},"content":{"rendered":"<p><a href=\"https:\/\/sven-ove.nu\/wp-content\/uploads\/2017\/12\/En-\u00e4lg.jpg\"><img loading=\"lazy\" decoding=\"async\" class=\"size-large wp-image-18830 alignnone\" src=\"https:\/\/sven-ove.nu\/wp-content\/uploads\/2017\/12\/En-\u00e4lg-1024x1024.jpg\" alt=\"\" width=\"660\" height=\"660\" srcset=\"https:\/\/sven-ove.nu\/wp-content\/uploads\/2017\/12\/En-\u00e4lg-1024x1024.jpg 1024w, https:\/\/sven-ove.nu\/wp-content\/uploads\/2017\/12\/En-\u00e4lg-150x150.jpg 150w, https:\/\/sven-ove.nu\/wp-content\/uploads\/2017\/12\/En-\u00e4lg-300x300.jpg 300w, https:\/\/sven-ove.nu\/wp-content\/uploads\/2017\/12\/En-\u00e4lg-768x768.jpg 768w, https:\/\/sven-ove.nu\/wp-content\/uploads\/2017\/12\/En-\u00e4lg.jpg 1280w\" sizes=\"auto, (max-width: 660px) 100vw, 660px\" \/><\/a><\/p>\n<blockquote><p>Det \u00e4r alltid friskt med politik. S\u00e4rskilt vintern innan ett val.<br \/>\nExtra friskt \u00e4r det med de politiska ungdomsf\u00f6rbunden. D\u00e4r har du friska fl\u00e4ktar. Verkligen friska fl\u00e4ktar.<\/p><\/blockquote>\n<p>S\u00e5 nu har det moderata ungdomsf\u00f6rbundet i V\u00e4rmland stolt utropat att man g\u00e4rna vill att Karlstads finaste gratis badvik ska h\u00e4gnas in s\u00e5 att Mumin kan ta dyrt intr\u00e4de d\u00e4r.<\/p>\n<p>D\u00e5 vet du &#8211; d\u00e5 h\u00e4nde det! D\u00e5 slog SSU i V\u00e4rmland n\u00e4ven i bordet och<\/p>\n<p>&#8230; h\u00f6ll med.<\/p>\n<p>Visst \u00e4r det friskt med ung upproriskhet.<\/p>\n<p><span style=\"color: #0000ff;\"><a style=\"color: #0000ff;\" href=\"https:\/\/sven-ove.nu\/\">Hem<\/a><\/span>\u00a0|\u00a0<span style=\"color: #0000ff;\"><a style=\"color: #0000ff;\" href=\"https:\/\/sven-ove.nu\/?page_id=170\">Om mig<\/a><\/span>\u00a0|\u00a0<span style=\"color: #0000ff;\"><a style=\"color: #0000ff;\" href=\"https:\/\/sven-ove.nu\/?page_id=1385\">Skriva &amp; prata<\/a><\/span>\u00a0|\u00a0<span style=\"color: #0000ff;\"><a style=\"color: #0000ff;\" href=\"https:\/\/sven-ove.nu\/?page_id=100\">Politik<\/a><\/span>\u00a0|\u00a0<span style=\"color: #0000ff;\"><a style=\"color: #0000ff;\" href=\"https:\/\/sven-ove.nu\/?page_id=102\">L\u00f6pa<\/a><\/span>\u00a0|\u00a0<span style=\"color: #0000ff;\"><a style=\"color: #0000ff;\" href=\"https:\/\/sven-ove.nu\/?page_id=108\">Viktor Root<\/a><\/span>\u00a0| <a href=\"https:\/\/sven-ove.nu\/?page_id=15908\"><span style=\"color: #0000ff;\">Firman<\/span>\u00a0<\/a>|\u00a0<span style=\"color: #0000ff;\"><a style=\"color: #0000ff;\" href=\"https:\/\/sven-ove.nu\/?page_id=15638\">K\u00f4ppra<\/a><\/span>\u00a0\u00a0 <em>(c) Sven-Ove Svensson (dela g\u00e4rna i sociala medier)<\/em><\/p>\n","protected":false},"excerpt":{"rendered":"<p>Det \u00e4r alltid friskt med politik. S\u00e4rskilt vintern innan ett val. Extra friskt \u00e4r det med de politiska ungdomsf\u00f6rbunden. D\u00e4r har du friska fl\u00e4ktar. Verkligen friska fl\u00e4ktar. S\u00e5 nu har det moderata ungdomsf\u00f6rbundet i V\u00e4rmland stolt utropat att man g\u00e4rna vill att Karlstads finaste gratis badvik ska h\u00e4gnas in s\u00e5 att Mumin kan ta dyrt &hellip; <a href=\"https:\/\/sven-ove.nu\/?p=18829\" class=\"more-link\">Forts\u00e4tt l\u00e4sa <span class=\"screen-reader-text\">Friska tag i vild opposition<\/span><\/a><\/p>\n","protected":false},"author":1,"featured_media":0,"comment_status":"open","ping_status":"open","sticky":false,"template":"","format":"standard","meta":{"_crdt_document":"","_monsterinsights_skip_tracking":false,"_monsterinsights_sitenote_active":false,"_monsterinsights_sitenote_note":"","_monsterinsights_sitenote_category":0,"footnotes":""},"categories":[9],"tags":[16],"class_list":["post-18829","post","type-post","status-publish","format-standard","hentry","category-politik","tag-dumheter"],"_links":{"self":[{"href":"https:\/\/sven-ove.nu\/index.php?rest_route=\/wp\/v2\/posts\/18829","targetHints":{"allow":["GET"]}}],"collection":[{"href":"https:\/\/sven-ove.nu\/index.php?rest_route=\/wp\/v2\/posts"}],"about":[{"href":"https:\/\/sven-ove.nu\/index.php?rest_route=\/wp\/v2\/types\/post"}],"author":[{"embeddable":true,"href":"https:\/\/sven-ove.nu\/index.php?rest_route=\/wp\/v2\/users\/1"}],"replies":[{"embeddable":true,"href":"https:\/\/sven-ove.nu\/index.php?rest_route=%2Fwp%2Fv2%2Fcomments&post=18829"}],"version-history":[{"count":3,"href":"https:\/\/sven-ove.nu\/index.php?rest_route=\/wp\/v2\/posts\/18829\/revisions"}],"predecessor-version":[{"id":18833,"href":"https:\/\/sven-ove.nu\/index.php?rest_route=\/wp\/v2\/posts\/18829\/revisions\/18833"}],"wp:attachment":[{"href":"https:\/\/sven-ove.nu\/index.php?rest_route=%2Fwp%2Fv2%2Fmedia&parent=18829"}],"wp:term":[{"taxonomy":"category","embeddable":true,"href":"https:\/\/sven-ove.nu\/index.php?rest_route=%2Fwp%2Fv2%2Fcategories&post=18829"},{"taxonomy":"post_tag","embeddable":true,"href":"https:\/\/sven-ove.nu\/index.php?rest_route=%2Fwp%2Fv2%2Ftags&post=18829"}],"curies":[{"name":"wp","href":"https:\/\/api.w.org\/{rel}","templated":true}]}}