{"id":18850,"date":"2017-12-07T03:16:27","date_gmt":"2017-12-07T02:16:27","guid":{"rendered":"http:\/\/sven-ove.nu\/?p=18850"},"modified":"2017-12-06T17:44:22","modified_gmt":"2017-12-06T16:44:22","slug":"tors-jag-verkligen-det","status":"publish","type":"post","link":"https:\/\/sven-ove.nu\/?p=18850","title":{"rendered":"T\u00f6rs jag verkligen det?"},"content":{"rendered":"<p><a href=\"https:\/\/sven-ove.nu\/wp-content\/uploads\/2017\/12\/Stammar.jpg\"><img loading=\"lazy\" decoding=\"async\" class=\"size-large wp-image-18851 alignnone\" src=\"https:\/\/sven-ove.nu\/wp-content\/uploads\/2017\/12\/Stammar-1024x1024.jpg\" alt=\"\" width=\"660\" height=\"660\" srcset=\"https:\/\/sven-ove.nu\/wp-content\/uploads\/2017\/12\/Stammar-1024x1024.jpg 1024w, https:\/\/sven-ove.nu\/wp-content\/uploads\/2017\/12\/Stammar-150x150.jpg 150w, https:\/\/sven-ove.nu\/wp-content\/uploads\/2017\/12\/Stammar-300x300.jpg 300w, https:\/\/sven-ove.nu\/wp-content\/uploads\/2017\/12\/Stammar-768x768.jpg 768w, https:\/\/sven-ove.nu\/wp-content\/uploads\/2017\/12\/Stammar.jpg 1280w\" sizes=\"auto, (max-width: 660px) 100vw, 660px\" \/><\/a><\/p>\n<blockquote><p>Jag forts\u00e4tter att se fram\u00e5t. Just nu t\u00e4nker jag mig hyllor som inte dignar i arbetsrummet. Tomma ytor, tomma mappar, tomma tidskriftssamlare, f\u00e4rdiga f\u00f6r nya projekt.<\/p>\n<p>S\u00e5 ska det bli. Fram\u00f6ver.<\/p><\/blockquote>\n<p>Jag rensar allts\u00e5. P\u00e5 nedersta hyllan hittar jag en bunt gamla brev i en l\u00e5da. Ett \u00e4r fr\u00e5n 1983 och ett fr\u00e5n samma avs\u00e4ndare \u00e4r fr\u00e5n 1987, d\u00e5 det har g\u00e5tt tio \u00e5r sedan folkh\u00f6gskole\u00e5ret. Vi var v\u00e4nner p\u00e5 J\u00e4ra folkh\u00f6gskola, den snabbt\u00e4nkta och jag. Tio \u00e5r senare \u00e4r \u00e4ven hon f\u00f6r\u00e4lder flera g\u00e5nger om och dr\u00f6mmer om att b\u00f6rja studera igen. Hon vill bli distriktsl\u00e4kare i Norrland, skriver hon 1987.<\/p>\n<p>Jag minns en kamrat det var kul att skoja med, snabb och smart. Men b\u00f6rja plugga igen i den situationen, orkar man det?<\/p>\n<p>Modigt, jobbigt.<\/p>\n<p><strong>Var finns hon nu?<br \/>\n<\/strong>Antag nu att jag \u00e4r en nyfiken j\u00e4kel. Antag att jag dessutom \u00e4r b\u00e5de gammal murvel och webbredakt\u00f6r.<\/p>\n<p>V\u00e4nta, det \u00e4r jag ju.<\/p>\n<p>Sj\u00e4lvklart b\u00f6rjar jag leta efter henne. L\u00e4ste hon vidare? Gick det bra? Hur ser hon p\u00e5 liv och politik 30 \u00e5r efter f\u00f6rra brevet?<\/p>\n<p><strong>Inte p\u00e5 Hitta<br \/>\n<\/strong>Jag har hennes efternamn som gift, f\u00f6r det skrev hon i brevet. Finns hon p\u00e5 Hitta? Nej. Finns hon p\u00e5 Facebook? Nej. Finns han som jag tror \u00e4r hennes man? Ja. N\u00e5gra yngre f\u00f6rm\u00e5gor i l\u00e4mplig \u00e5lder? Ja men inte hon. Google hittar visserligen hennes namn p\u00e5 n\u00e5got st\u00e4lle, fast bara gamla tr\u00e4ffar.<\/p>\n<p>Till slut sl\u00e5s jag av att ett mer ovanligt efternamn dyker upp hela tiden. Ett helt nytt dubbelefternamn.<\/p>\n<p>D\u00e5 klickar jag p\u00e5 detta namn och b\u00f6rjar leta runt i all v\u00e4lmening p\u00e5 den kvinnans Facebook. K\u00e4ra n\u00e5n, d\u00e4r \u00e4r hon ju! Barnens namn st\u00e4mmer med de hon skrev i brevet, yrket&#8230; asch, d\u00e4 kvetter. Jag vet hur det gick med hennes l\u00e4ngtan.<\/p>\n<p>Det \u00e4r hon, ingen tvekan. Hurra!<\/p>\n<p><strong>T\u00f6rs jag h\u00f6ra av mig?<br \/>\n<\/strong>K\u00e4ra dagbok, hur g\u00f6r jag nu? T\u00f6rs jag verkligen h\u00f6ra av mig? T\u00f6rs jag fr\u00e5ga om hon vill bli min v\u00e4n p\u00e5 Facebook? Vi som gillade att tj\u00f4ta s\u00e5 f\u00f6r 40 \u00e5r sedan?<\/p>\n<p>Hur ska jag g\u00f6ra?\u00a040 \u00e5r \u00e4r en l\u00e5ng tid.<br \/>\nT\u00e4nk om det \u00e4nd\u00e5 inte \u00e4r hon?<\/p>\n<p><em><strong><span style=\"color: #ff6600;\">###<\/span> <\/strong>Det blir inte precis l\u00e4ttare n\u00e4r jag publicerat det h\u00e4r inl\u00e4gget.<br \/>\n<\/em><em><span style=\"color: #ff6600;\"><strong>###<\/strong> <\/span>Att en aldrig l\u00e4r sig.<br \/>\n<span style=\"color: #ff6600;\"><strong>###<\/strong><\/span> Nu hittar jag ett brev till.<\/em><\/p>\n<p><span style=\"color: #0000ff;\"><a style=\"color: #0000ff;\" href=\"https:\/\/sven-ove.nu\/\">Hem<\/a><\/span>\u00a0|\u00a0<span style=\"color: #0000ff;\"><a style=\"color: #0000ff;\" href=\"https:\/\/sven-ove.nu\/?page_id=170\">Om mig<\/a><\/span>\u00a0|\u00a0<span style=\"color: #0000ff;\"><a style=\"color: #0000ff;\" href=\"https:\/\/sven-ove.nu\/?page_id=1385\">Skriva &amp; prata<\/a><\/span>\u00a0|\u00a0<span style=\"color: #0000ff;\"><a style=\"color: #0000ff;\" href=\"https:\/\/sven-ove.nu\/?page_id=100\">Politik<\/a><\/span>\u00a0|\u00a0<span style=\"color: #0000ff;\"><a style=\"color: #0000ff;\" href=\"https:\/\/sven-ove.nu\/?page_id=102\">L\u00f6pa<\/a><\/span>\u00a0|\u00a0<span style=\"color: #0000ff;\"><a style=\"color: #0000ff;\" href=\"https:\/\/sven-ove.nu\/?page_id=108\">Viktor Root<\/a><\/span>\u00a0| <a href=\"https:\/\/sven-ove.nu\/?page_id=15908\"><span style=\"color: #0000ff;\">Firman<\/span>\u00a0<\/a>|\u00a0<span style=\"color: #0000ff;\"><a style=\"color: #0000ff;\" href=\"https:\/\/sven-ove.nu\/?page_id=15638\">K\u00f4ppra<\/a><\/span>\u00a0\u00a0 <em>(c) Sven-Ove Svensson (men dela g\u00e4rna i sociala medier)<\/em><\/p>\n","protected":false},"excerpt":{"rendered":"<p>Jag forts\u00e4tter att se fram\u00e5t. Just nu t\u00e4nker jag mig hyllor som inte dignar i arbetsrummet. Tomma ytor, tomma mappar, tomma tidskriftssamlare, f\u00e4rdiga f\u00f6r nya projekt. S\u00e5 ska det bli. Fram\u00f6ver. Jag rensar allts\u00e5. P\u00e5 nedersta hyllan hittar jag en bunt gamla brev i en l\u00e5da. Ett \u00e4r fr\u00e5n 1983 och ett fr\u00e5n samma avs\u00e4ndare &hellip; <a href=\"https:\/\/sven-ove.nu\/?p=18850\" class=\"more-link\">Forts\u00e4tt l\u00e4sa <span class=\"screen-reader-text\">T\u00f6rs jag verkligen det?<\/span><\/a><\/p>\n","protected":false},"author":1,"featured_media":0,"comment_status":"open","ping_status":"open","sticky":false,"template":"","format":"standard","meta":{"_crdt_document":"","_monsterinsights_skip_tracking":false,"_monsterinsights_sitenote_active":false,"_monsterinsights_sitenote_note":"","_monsterinsights_sitenote_category":0,"footnotes":""},"categories":[28,4],"tags":[8],"class_list":["post-18850","post","type-post","status-publish","format-standard","hentry","category-kreativt-folk","category-skrivande","tag-historia"],"_links":{"self":[{"href":"https:\/\/sven-ove.nu\/index.php?rest_route=\/wp\/v2\/posts\/18850","targetHints":{"allow":["GET"]}}],"collection":[{"href":"https:\/\/sven-ove.nu\/index.php?rest_route=\/wp\/v2\/posts"}],"about":[{"href":"https:\/\/sven-ove.nu\/index.php?rest_route=\/wp\/v2\/types\/post"}],"author":[{"embeddable":true,"href":"https:\/\/sven-ove.nu\/index.php?rest_route=\/wp\/v2\/users\/1"}],"replies":[{"embeddable":true,"href":"https:\/\/sven-ove.nu\/index.php?rest_route=%2Fwp%2Fv2%2Fcomments&post=18850"}],"version-history":[{"count":7,"href":"https:\/\/sven-ove.nu\/index.php?rest_route=\/wp\/v2\/posts\/18850\/revisions"}],"predecessor-version":[{"id":18859,"href":"https:\/\/sven-ove.nu\/index.php?rest_route=\/wp\/v2\/posts\/18850\/revisions\/18859"}],"wp:attachment":[{"href":"https:\/\/sven-ove.nu\/index.php?rest_route=%2Fwp%2Fv2%2Fmedia&parent=18850"}],"wp:term":[{"taxonomy":"category","embeddable":true,"href":"https:\/\/sven-ove.nu\/index.php?rest_route=%2Fwp%2Fv2%2Fcategories&post=18850"},{"taxonomy":"post_tag","embeddable":true,"href":"https:\/\/sven-ove.nu\/index.php?rest_route=%2Fwp%2Fv2%2Ftags&post=18850"}],"curies":[{"name":"wp","href":"https:\/\/api.w.org\/{rel}","templated":true}]}}