{"id":18860,"date":"2017-12-11T04:06:33","date_gmt":"2017-12-11T03:06:33","guid":{"rendered":"http:\/\/sven-ove.nu\/?p=18860"},"modified":"2018-02-04T12:23:50","modified_gmt":"2018-02-04T11:23:50","slug":"vastan-om-skog-och-ostan-om-sjomil","status":"publish","type":"post","link":"https:\/\/sven-ove.nu\/?p=18860","title":{"rendered":"V\u00e4stan om skog och \u00f6stan om sj\u00f6mil"},"content":{"rendered":"<p><a href=\"https:\/\/sven-ove.nu\/wp-content\/uploads\/2017\/12\/Fykan-i-bl\u00e5sv\u00e4der.jpg\"><img loading=\"lazy\" decoding=\"async\" class=\"size-large wp-image-18862 alignnone\" src=\"https:\/\/sven-ove.nu\/wp-content\/uploads\/2017\/12\/Fykan-i-bl\u00e5sv\u00e4der-1024x682.jpg\" alt=\"\" width=\"660\" height=\"440\" srcset=\"https:\/\/sven-ove.nu\/wp-content\/uploads\/2017\/12\/Fykan-i-bl\u00e5sv\u00e4der-1024x682.jpg 1024w, https:\/\/sven-ove.nu\/wp-content\/uploads\/2017\/12\/Fykan-i-bl\u00e5sv\u00e4der-300x200.jpg 300w, https:\/\/sven-ove.nu\/wp-content\/uploads\/2017\/12\/Fykan-i-bl\u00e5sv\u00e4der-768x512.jpg 768w, https:\/\/sven-ove.nu\/wp-content\/uploads\/2017\/12\/Fykan-i-bl\u00e5sv\u00e4der.jpg 1280w\" sizes=\"auto, (max-width: 660px) 100vw, 660px\" \/><\/a><\/p>\n<blockquote><p>Hur ofta bl\u00e5ser det s\u00e5 mycket att min m\u00f6ssa flyger av skallen och h\u00e5ller p\u00e5 att bli borta f\u00f6r gott? Hur ofta kommer det luddiga bomullstussar farande hundra meter genom luften? Hur ofta har den luften s\u00e5 br\u00e5ttom att jag inte h\u00f6r att ringa hem och ber\u00e4tta att jag fortfarande \u00e4r torrskodd?<\/p>\n<p>Aldrig.<br \/>\nAnnars.<\/p><\/blockquote>\n<p>Min v\u00e4n M har tagit mig med p\u00e5 expedition till en av Sveriges f\u00e4rskare \u00f6ar. F\u00e4rsk, eftersom kanalen som gjorde halv\u00f6n till \u00f6 gr\u00e4vdes och spr\u00e4ngdes s\u00e5 sent som p\u00e5 1930-talet. Stenindustrin i Bohusl\u00e4n hade kraschat och arbetsl\u00f6sa stenhuggare beh\u00f6vde jobb. Dessutom fanns det liv att r\u00e4dda.<\/p>\n<p>I dag kan det f\u00e4rdas tusen b\u00e5tar i <span style=\"color: #0000ff;\"><a style=\"color: #0000ff;\" href=\"http:\/\/www.bohuslaningen.se\/nyheter\/sotekanalen-forts%C3%A4tter-att-syssels%C3%A4tta-1.2052065\">Sotenkanalen<\/a><\/span> en vanlig sommardag. Sode kanal s\u00e4ger de p\u00e5 trakten. Glada \u00e5t att de vilda vattnen vid Sotesk\u00e4r inte beh\u00f6ver sk\u00f6rda nya liv.<\/p>\n<p>Snart ska jag b\u00f6rja ana den vildheten.<\/p>\n<p><strong>Allt g\u00e5r i cirklar<br \/>\n<\/strong>Men &#8211; vi \u00e4r av grundlig sort M och jag. D\u00e4rf\u00f6r b\u00f6rjar vi v\u00e5rt bohusl\u00e4nska bes\u00f6k p\u00e5 museet i Uddevalla. D\u00e4r l\u00e4r vi oss vilken stad i landet som kallas <span style=\"color: #0000ff;\"><a style=\"color: #0000ff;\" href=\"http:\/\/www.bohuslansmuseum.se\/utstallningar\/uddevalla-genom-tiderna\/\">K\u00f4rpeh\u00f4la<\/a><\/span> och bytt nationalitet sju g\u00e5nger. Studerar vinhandlare <span style=\"color: #0000ff;\"><a style=\"color: #0000ff;\" href=\"http:\/\/www.bohuslansmuseum.se\/utstallningar\/johnsonhallen\/\">Johnsons<\/a><\/span> dyra konstsamling med b\u00e5de Marcus Larson och Bruno Liljefors, tittar p\u00e5 bilder fr\u00e5n utgr\u00e4vningarna efter resandefolket vid Bullaren och beundrar den historiska Bohustabl\u00e5n fr\u00e5n sten\u00e5lder till i dag. H\u00e4r har aldrig historien st\u00e5tt stilla.<\/p>\n<p><a href=\"https:\/\/sven-ove.nu\/wp-content\/uploads\/2017\/12\/Vattenfall.jpg\"><img loading=\"lazy\" decoding=\"async\" class=\"size-medium wp-image-18870 alignnone\" src=\"https:\/\/sven-ove.nu\/wp-content\/uploads\/2017\/12\/Vattenfall-300x250.jpg\" alt=\"\" width=\"300\" height=\"250\" srcset=\"https:\/\/sven-ove.nu\/wp-content\/uploads\/2017\/12\/Vattenfall-300x250.jpg 300w, https:\/\/sven-ove.nu\/wp-content\/uploads\/2017\/12\/Vattenfall-768x639.jpg 768w, https:\/\/sven-ove.nu\/wp-content\/uploads\/2017\/12\/Vattenfall-1024x852.jpg 1024w, https:\/\/sven-ove.nu\/wp-content\/uploads\/2017\/12\/Vattenfall.jpg 1280w\" sizes=\"auto, (max-width: 300px) 100vw, 300px\" \/><\/a><\/p>\n<p><a href=\"https:\/\/sven-ove.nu\/wp-content\/uploads\/2017\/12\/1905.jpg\"><img loading=\"lazy\" decoding=\"async\" class=\"size-medium wp-image-18871 alignnone\" src=\"https:\/\/sven-ove.nu\/wp-content\/uploads\/2017\/12\/1905-300x300.jpg\" alt=\"\" width=\"300\" height=\"300\" srcset=\"https:\/\/sven-ove.nu\/wp-content\/uploads\/2017\/12\/1905-300x300.jpg 300w, https:\/\/sven-ove.nu\/wp-content\/uploads\/2017\/12\/1905-150x150.jpg 150w, https:\/\/sven-ove.nu\/wp-content\/uploads\/2017\/12\/1905-768x768.jpg 768w, https:\/\/sven-ove.nu\/wp-content\/uploads\/2017\/12\/1905-1024x1024.jpg 1024w, https:\/\/sven-ove.nu\/wp-content\/uploads\/2017\/12\/1905.jpg 1280w\" sizes=\"auto, (max-width: 300px) 100vw, 300px\" \/><\/a><\/p>\n<p>N\u00e4r vi \u00e4ter lunch i museirestaurangen har den gamle mannen mitt emot oss vid bordet arbetat vid samma gruva som min sv\u00e4rfar och t\u00e4vlat i orientering precis som vi. Det \u00e4r en s\u00e5dan dag. I kv\u00e4ll i v\u00e5r hyrda stuga p\u00e5 <span style=\"color: #0000ff;\"><a style=\"color: #0000ff;\" href=\"http:\/\/www.ramsviksovergard.se\">Ramsviks \u00d6verg\u00e5rd<\/a><\/span> ska vi summera dagen tillsammans med de tv\u00e5 g\u00f6teborgare vi delar fotoutflykten med. N\u00e4r jag ber\u00e4ttar f\u00f6r M:s barndomsv\u00e4n fr\u00e5n \u00c5m\u00e5l att jag v\u00e4xte upp i Molkomstrakten ska han svara att:<\/p>\n<p>&#8211; Molkom? Jag k\u00e4nner en kvinna d\u00e4rifr\u00e5n. Hon heter\u2026<\/p>\n<p>Han k\u00e4nner min syster. Det \u00e4r en s\u00e5dan dag. Allt g\u00e5r i cirklar.<\/p>\n<p><strong>V\u00e4ljer bort kn\u00e4ppta m\u00f6ssan<br \/>\n<\/strong>L\u00e4tt f\u00f6rsenade l\u00e4mnar vi den bl\u00e5siga kajkant d\u00e4r Bohusl\u00e4ns museum h\u00e5ller till, str\u00e4var bort till parkeringen och kliver in i bilen som snart stampar norrut i sydv\u00e4stvinden. E6, Munkedal, in mot Lysekil, ut p\u00e5 Soten\u00e4set, kryssar mot Kungshamn och Sm\u00f6gen, passerar sv\u00e4ngbron \u00f6ver Sotenkanalen, st\u00e4var norrut mot Ramsvik. Vi ska tr\u00e4ffa kamraterna vid hyrstugan. N\u00e5, de \u00e4r tidiga och har stuckit ut f\u00f6re oss. Klockan \u00e4r redan tv\u00e5, vi har inte m\u00e5nga timmars fotoljus p\u00e5 oss nu.<\/p>\n<p>In i hyrstugan, fort p\u00e5 med fler lager kl\u00e4der, vindt\u00e4ta med, v\u00e4ljer mellan den kn\u00e4ppta milit\u00e4rm\u00f6ssan och yllem\u00f6ssan, tar den senare. Ut i bilen, rakt \u00f6ver v\u00e4gen och ut p\u00e5 en sm\u00e5v\u00e4g bort till parkeringen halvv\u00e4gs ut mot Fykan och Sote bonde.<\/p>\n<p><strong>Ser att han pratar<br \/>\n<\/strong>Det bl\u00e5ser mer \u00e4n jag k\u00e4nt p\u00e5 m\u00e5nga \u00e5r och n\u00e4r vi n\u00e4rmar oss husen intill Sveriges v\u00e4stra kant vid Fykan \u00e4r det inget som hindrar vinden fr\u00e5n Nordsj\u00f6n. Min v\u00e4n M pratar ibland ser jag, men jag h\u00f6r inte ett ord. Vad \u00e4r det f\u00f6r vitt som flyger i luften d\u00e5 och d\u00e5? Det liknar f\u00f6nstervadden vi hade i innanf\u00f6nstren n\u00e4r jag var barn.<\/p>\n<p>De andra tre \u00e4r skickliga fotografer, sj\u00e4lv kn\u00e4pper jag mest med mobilen. Hemma v\u00e4ntar ett teleobjektiv som den k\u00e4ra v\u00e4nnen och jag ska ge varandra i julklapp, men dit \u00e4r det flera veckor. \u00c4n har inte M och jag kommit ikapp g\u00f6teborgarna men i sydv\u00e4st ser vi bergh\u00e4llarna v\u00e4xa h\u00f6ga. Finslipade men h\u00f6ga. D\u00e4r uppe n\u00e5gonstans \u00e4r de.<\/p>\n<p>Jag sl\u00e4pper honom f\u00f6re mig, stannar f\u00f6r att fotografera en brant med ett av husen i bakgrunden. Luften smakar salt, havet skrattar vilt, ett par korpar tr\u00e4nar flygakrobatik ovanf\u00f6r ett sk\u00e4r.<\/p>\n<p>Det h\u00e4r du bloggarn, detta f\u00e5r du inte uppleva varje dag. Nu \u00e4r du allt bra l\u00e5ngt fr\u00e5n dina sviktande skogsstigar p\u00e5 Grossbolstorp.<\/p>\n<p><a href=\"https:\/\/sven-ove.nu\/wp-content\/uploads\/2017\/12\/V\u00e5gst\u00e4nk.jpg\"><img loading=\"lazy\" decoding=\"async\" class=\"size-medium wp-image-18868 alignnone\" src=\"https:\/\/sven-ove.nu\/wp-content\/uploads\/2017\/12\/V\u00e5gst\u00e4nk-200x300.jpg\" alt=\"\" width=\"200\" height=\"300\" srcset=\"https:\/\/sven-ove.nu\/wp-content\/uploads\/2017\/12\/V\u00e5gst\u00e4nk-200x300.jpg 200w, https:\/\/sven-ove.nu\/wp-content\/uploads\/2017\/12\/V\u00e5gst\u00e4nk-768x1152.jpg 768w, https:\/\/sven-ove.nu\/wp-content\/uploads\/2017\/12\/V\u00e5gst\u00e4nk-682x1024.jpg 682w, https:\/\/sven-ove.nu\/wp-content\/uploads\/2017\/12\/V\u00e5gst\u00e4nk.jpg 853w\" sizes=\"auto, (max-width: 200px) 100vw, 200px\" \/><\/a><\/p>\n<p><strong>H\u00f6r en r\u00f6st<br \/>\n<\/strong>F\u00f6rst \u00e4r det slipade h\u00e4llar och ett och annat snedbl\u00e5st sn\u00e5r. Sedan klappersten med salt, d\u00e4refter \u00e4nnu mer klappersten. Till sist kommer jag till en tr\u00e4trappa utan r\u00e4cke. Kl\u00e4ttrar uppf\u00f6r den, tittar f\u00f6r f\u00f6rsta g\u00e5ngen p\u00e5 allvar ut mot v\u00e4ster. Nu h\u00f6r jag till slut en r\u00f6st. Det \u00e4r poeten G\u00f6ran Palm som viskar sin dikt Havet. Han deklamerar den i mitt h\u00f6gra \u00f6ra, f\u00f6r det \u00f6rat ligger\u00a0mest i l\u00e4:<\/p>\n<p style=\"padding-left: 30px;\"><em>Jag st\u00e5r framf\u00f6r havet.<\/em><em><br \/>\nD\u00e4r \u00e4r det. D\u00e4r \u00e4r havet.<br \/>\nJag tittar p\u00e5 det.<br \/>\nHavet. Jaha.<br \/>\nDet \u00e4r som p\u00e5 Louvren.<\/em><\/p>\n<p>Nu var du lite elak, viskar jag tillbaka till min l\u00e5tsaskompis Palm. Sj\u00e4lv \u00e4r jag mer imponerad. Fast p\u00e5 en punkt har du r\u00e4tt. D\u00e5 jag s\u00e5g Mona Lisa f\u00f6rsta g\u00e5ngen blev \u00e4ven jag besviken.<\/p>\n<p><strong>Min m\u00f6ssa flyger<br \/>\n<\/strong>N\u00e4r jag forts\u00e4tter uppf\u00f6r den slipade r\u00f6da bohusgraniten kommer fler och fler bomullstussar farande. Det \u00e4r l\u00f6dder fr\u00e5n sj\u00f6n, inser jag nu. Precis n\u00e4r jag kommer upp s\u00e5 h\u00f6gt att vinden f\u00e5r tag \u00e4nda bortifr\u00e5n brittiska \u00f6arna flyger m\u00f6ssan av mig. Bara en idiot v\u00e4ljer bort den kn\u00e4ppta gr\u00f6na \u00f6ronlappsm\u00f6ssan en s\u00e5dan h\u00e4r dag och s\u00e4tter p\u00e5 sig en bullig och f\u00f6r stor stickad sak.<\/p>\n<p>Tjohoo! Detta var sk\u00f4j, men bl\u00e5s inte bort \u00e4r du sn\u00e4ll. D\u00e5 fryser jag skallen av mig.<\/p>\n<p>D\u00e4r g\u00e5r jag sedan med kameran i ena handen medan andra n\u00e4ven h\u00e5ller fast m\u00f6ssan p\u00e5 huvudet. J\u00e4drar vad det bl\u00e5ser n\u00e4r det bl\u00e5ser, v\u00e4stan om skog och \u00f6stan om sj\u00f6mil.<\/p>\n<p>Detta g\u00f6r vi \u00f4m.<br \/>\nHall\u00e5! Var \u00e4r ni?<\/p>\n<p><a href=\"https:\/\/sven-ove.nu\/wp-content\/uploads\/2017\/12\/Fykan-med-h\u00e4llar.jpg\"><img loading=\"lazy\" decoding=\"async\" class=\"size-medium wp-image-18865 alignnone\" src=\"https:\/\/sven-ove.nu\/wp-content\/uploads\/2017\/12\/Fykan-med-h\u00e4llar-282x300.jpg\" alt=\"\" width=\"282\" height=\"300\" srcset=\"https:\/\/sven-ove.nu\/wp-content\/uploads\/2017\/12\/Fykan-med-h\u00e4llar-282x300.jpg 282w, https:\/\/sven-ove.nu\/wp-content\/uploads\/2017\/12\/Fykan-med-h\u00e4llar-768x817.jpg 768w, https:\/\/sven-ove.nu\/wp-content\/uploads\/2017\/12\/Fykan-med-h\u00e4llar-962x1024.jpg 962w, https:\/\/sven-ove.nu\/wp-content\/uploads\/2017\/12\/Fykan-med-h\u00e4llar.jpg 1203w\" sizes=\"auto, (max-width: 282px) 100vw, 282px\" \/><\/a><\/p>\n<p><span style=\"color: #0000ff;\"><a style=\"color: #0000ff;\" href=\"https:\/\/sven-ove.nu\/\">Hem<\/a><\/span>\u00a0|\u00a0<span style=\"color: #0000ff;\"><a style=\"color: #0000ff;\" href=\"https:\/\/sven-ove.nu\/?page_id=170\">Om mig<\/a><\/span>\u00a0|\u00a0<span style=\"color: #0000ff;\"><a style=\"color: #0000ff;\" href=\"https:\/\/sven-ove.nu\/?page_id=1385\">Skriva &amp; prata<\/a><\/span>\u00a0|\u00a0<span style=\"color: #0000ff;\"><a style=\"color: #0000ff;\" href=\"https:\/\/sven-ove.nu\/?page_id=100\">Politik<\/a><\/span>\u00a0|\u00a0<span style=\"color: #0000ff;\"><a style=\"color: #0000ff;\" href=\"https:\/\/sven-ove.nu\/?page_id=102\">L\u00f6pa<\/a><\/span>\u00a0|\u00a0<span style=\"color: #0000ff;\"><a style=\"color: #0000ff;\" href=\"https:\/\/sven-ove.nu\/?page_id=108\">Viktor Root<\/a><\/span>\u00a0| <a href=\"https:\/\/sven-ove.nu\/?page_id=15908\"><span style=\"color: #0000ff;\">Firman<\/span>\u00a0<\/a>|\u00a0<span style=\"color: #0000ff;\"><a style=\"color: #0000ff;\" href=\"https:\/\/sven-ove.nu\/?page_id=15638\">K\u00f4ppra<\/a><\/span> <em>(c) Sven-Ove Svensson (dela g\u00e4rna)<\/em><\/p>\n","protected":false},"excerpt":{"rendered":"<p>Hur ofta bl\u00e5ser det s\u00e5 mycket att min m\u00f6ssa flyger av skallen och h\u00e5ller p\u00e5 att bli borta f\u00f6r gott? Hur ofta kommer det luddiga bomullstussar farande hundra meter genom luften? Hur ofta har den luften s\u00e5 br\u00e5ttom att jag inte h\u00f6r att ringa hem och ber\u00e4tta att jag fortfarande \u00e4r torrskodd? Aldrig. Annars. Min &hellip; <a href=\"https:\/\/sven-ove.nu\/?p=18860\" class=\"more-link\">Forts\u00e4tt l\u00e4sa <span class=\"screen-reader-text\">V\u00e4stan om skog och \u00f6stan om sj\u00f6mil<\/span><\/a><\/p>\n","protected":false},"author":1,"featured_media":0,"comment_status":"open","ping_status":"open","sticky":false,"template":"","format":"standard","meta":{"_crdt_document":"","_monsterinsights_skip_tracking":false,"_monsterinsights_sitenote_active":false,"_monsterinsights_sitenote_note":"","_monsterinsights_sitenote_category":0,"footnotes":""},"categories":[10,34,28,6],"tags":[3,8,25,18],"class_list":["post-18860","post","type-post","status-publish","format-standard","hentry","category-familjen","category-foto","category-kreativt-folk","category-natur","tag-arbete","tag-historia","tag-kartan","tag-lardomar"],"_links":{"self":[{"href":"https:\/\/sven-ove.nu\/index.php?rest_route=\/wp\/v2\/posts\/18860","targetHints":{"allow":["GET"]}}],"collection":[{"href":"https:\/\/sven-ove.nu\/index.php?rest_route=\/wp\/v2\/posts"}],"about":[{"href":"https:\/\/sven-ove.nu\/index.php?rest_route=\/wp\/v2\/types\/post"}],"author":[{"embeddable":true,"href":"https:\/\/sven-ove.nu\/index.php?rest_route=\/wp\/v2\/users\/1"}],"replies":[{"embeddable":true,"href":"https:\/\/sven-ove.nu\/index.php?rest_route=%2Fwp%2Fv2%2Fcomments&post=18860"}],"version-history":[{"count":9,"href":"https:\/\/sven-ove.nu\/index.php?rest_route=\/wp\/v2\/posts\/18860\/revisions"}],"predecessor-version":[{"id":18875,"href":"https:\/\/sven-ove.nu\/index.php?rest_route=\/wp\/v2\/posts\/18860\/revisions\/18875"}],"wp:attachment":[{"href":"https:\/\/sven-ove.nu\/index.php?rest_route=%2Fwp%2Fv2%2Fmedia&parent=18860"}],"wp:term":[{"taxonomy":"category","embeddable":true,"href":"https:\/\/sven-ove.nu\/index.php?rest_route=%2Fwp%2Fv2%2Fcategories&post=18860"},{"taxonomy":"post_tag","embeddable":true,"href":"https:\/\/sven-ove.nu\/index.php?rest_route=%2Fwp%2Fv2%2Ftags&post=18860"}],"curies":[{"name":"wp","href":"https:\/\/api.w.org\/{rel}","templated":true}]}}