{"id":18913,"date":"2017-12-18T04:21:56","date_gmt":"2017-12-18T03:21:56","guid":{"rendered":"http:\/\/sven-ove.nu\/?p=18913"},"modified":"2017-12-17T09:25:44","modified_gmt":"2017-12-17T08:25:44","slug":"hog-tid-att-summera-2018","status":"publish","type":"post","link":"https:\/\/sven-ove.nu\/?p=18913","title":{"rendered":"H\u00f6g tid att summera 2018"},"content":{"rendered":"<p><a href=\"https:\/\/sven-ove.nu\/wp-content\/uploads\/2017\/12\/Fj\u00e4rren.jpg\"><img loading=\"lazy\" decoding=\"async\" class=\"size-large wp-image-18917 alignnone\" src=\"https:\/\/sven-ove.nu\/wp-content\/uploads\/2017\/12\/Fj\u00e4rren-1024x608.jpg\" alt=\"\" width=\"660\" height=\"392\" srcset=\"https:\/\/sven-ove.nu\/wp-content\/uploads\/2017\/12\/Fj\u00e4rren-1024x608.jpg 1024w, https:\/\/sven-ove.nu\/wp-content\/uploads\/2017\/12\/Fj\u00e4rren-300x178.jpg 300w, https:\/\/sven-ove.nu\/wp-content\/uploads\/2017\/12\/Fj\u00e4rren-768x456.jpg 768w, https:\/\/sven-ove.nu\/wp-content\/uploads\/2017\/12\/Fj\u00e4rren.jpg 1280w\" sizes=\"auto, (max-width: 660px) 100vw, 660px\" \/><\/a><\/p>\n<blockquote><p>Ibland \u00e4r det artigt att g\u00e5 f\u00f6re och sp\u00e5ra \u00e5t sina medm\u00e4nniskor. L\u00e5t mig allts\u00e5 redan nu summera \u00e5r 2018 s\u00e5 ni andra slipper det slitg\u00f6rat om tolv m\u00e5nader:<\/p><\/blockquote>\n<p><strong>Donald gick<br \/>\n<\/strong>\u00c5r 2018 fick Donald Trump g\u00e5, f\u00f6r batteriet tog slut i Vladimir Putins fj\u00e4rrkontroll. N\u00e4r Trump skull g\u00f6ra bort sig p\u00e5 egen hand blev det fel.<\/p>\n<p>&#8211; Jag har ju sagt att n\u00e4r du ska ta ett obekv\u00e4mt beslut, sa Putin, d\u00e5 ska du skicka ut ett tweet strax innan. Twittra om n\u00e5\u2019t helt annat. N\u00e5got som retar gallfeber p\u00e5 folk, s\u00e5 d\u00e4r som bara du kan.<\/p>\n<p>Nu gl\u00f6mde Trump det och d\u00e5 tittade inte amerikanarna \u00e5t fel h\u00e5ll l\u00e4ngre. Hej d\u00e5 Trumpentuss.<\/p>\n<p><strong>SSU gick mot klyftorna<br \/>\n<\/strong>\u00c5r 2018 b\u00f6rjade det m\u00f6dosamma arbetet att minska klyftorna i Sverige igen. Under min levnad har de aldrig varit s\u00e5 stora som nu.<\/p>\n<p>Allt b\u00f6rjade med att SSU i Karlstad hittade n\u00e5gra gamla nyckelringar fr\u00e5n 1960-talet och best\u00e4mde sig f\u00f6r att sluta leka k\u00e4rlekslekar med ungmoderaterna p\u00e5 orten och b\u00f6rja jobba politiskt i st\u00e4llet.<\/p>\n<p>P\u00e5 nyckelringarna stod det \u00d6kad j\u00e4mlikhet. Nu bytte de till parollen: En r\u00e4ttvisa mer, en Sverigedemokrat mindre.<\/p>\n<p><strong>Jag slutade g\u00e5 och k\u00e4nna efter<br \/>\n<\/strong>\u00c5r 2018 slutade jag feschla och k\u00e4nna efter i rygg, vad och h\u00e4l och bara sprang. Som den d\u00e4r ben\u00e5dade stunden 28 oktober 2017 n\u00e4r allt var m\u00f6jligt i varje backe.<\/p>\n<p><strong>Jimmie fick st\u00e5 bredvid<br \/>\n<\/strong>\u00c5r 2018 vann de r\u00f6da och gr\u00f6na valet, Fi kom in och KD \u00e5kte ut. Regeringsf\u00f6rhandlingarna blev kn\u00f6vvliga i alla fall men han som heter Jimmie fick st\u00e5 bredvid och sukta.<\/p>\n<p>&#8211; Du f\u00e5r inte vara med, sa Ulf Hjalmar Kristersson.<br \/>\n&#8211; Men \u00e4nd\u00e5, sa Per Jimmie \u00c5kesson.<\/p>\n<p><strong>Parti fattade och backade<br \/>\n<\/strong>\u00c5r 2018, strax innan valr\u00f6relsen skulle g\u00e5 in i slutspurten, best\u00e4mde sig ett av de st\u00f6rre partierna i min grannkommun Karlstad f\u00f6r att backa i Skutbergsfr\u00e5gan. Det fria friluftsparadiset vid V\u00e4nern ska inte f\u00e5 h\u00e4gnas in av privata intressen som vill s\u00e4lja dyra entr\u00e9biljetter till fattiga barnfamiljer. Mumin kan f\u00e5 bo p\u00e5 Gerholmen i st\u00e4llet. De minst lomh\u00f6rda i ledningen b\u00f6rjade \u00e4ntligen fatta att folk faktiskt har r\u00f6str\u00e4tt och att den som backar f\u00f6rst vinner.<\/p>\n<p>Vilket parti som \u00e4ndrade sig? M eller S? De styrande eller den inst\u00e4mmande oppositionen?<\/p>\n<p>Det s\u00e4ger jag inte.<br \/>\nDen som backar f\u00f6rst vinner.<\/p>\n<p><span style=\"color: #0000ff;\"><a style=\"color: #0000ff;\" href=\"https:\/\/sven-ove.nu\/\">Hem<\/a><\/span>\u00a0|\u00a0<span style=\"color: #0000ff;\"><a style=\"color: #0000ff;\" href=\"https:\/\/sven-ove.nu\/?page_id=170\">Om mig<\/a>\u00a0<\/span>|\u00a0<span style=\"color: #0000ff;\"><a style=\"color: #0000ff;\" href=\"https:\/\/sven-ove.nu\/?page_id=1385\">Skriva &amp; prata<\/a><\/span>\u00a0|\u00a0<span style=\"color: #0000ff;\"><a style=\"color: #0000ff;\" href=\"https:\/\/sven-ove.nu\/?page_id=100\">Politik<\/a><\/span>\u00a0|\u00a0<span style=\"color: #0000ff;\"><a style=\"color: #0000ff;\" href=\"https:\/\/sven-ove.nu\/?page_id=102\">L\u00f6pa<\/a><\/span>\u00a0|\u00a0<span style=\"color: #0000ff;\"><a style=\"color: #0000ff;\" href=\"https:\/\/sven-ove.nu\/?page_id=108\">Viktor Root<\/a><\/span>\u00a0| <a href=\"https:\/\/sven-ove.nu\/?page_id=15908\"><span style=\"color: #0000ff;\">Firman<\/span>\u00a0<\/a>|\u00a0<span style=\"color: #0000ff;\"><a style=\"color: #0000ff;\" href=\"https:\/\/sven-ove.nu\/?page_id=15638\">K\u00f4ppra<\/a><\/span>\u00a0\u00a0 <em>(c) Sven-Ove Svensson (dela g\u00e4rna i sociala medier)<\/em><\/p>\n","protected":false},"excerpt":{"rendered":"<p>Ibland \u00e4r det artigt att g\u00e5 f\u00f6re och sp\u00e5ra \u00e5t sina medm\u00e4nniskor. L\u00e5t mig allts\u00e5 redan nu summera \u00e5r 2018 s\u00e5 ni andra slipper det slitg\u00f6rat om tolv m\u00e5nader: Donald gick \u00c5r 2018 fick Donald Trump g\u00e5, f\u00f6r batteriet tog slut i Vladimir Putins fj\u00e4rrkontroll. N\u00e4r Trump skull g\u00f6ra bort sig p\u00e5 egen hand blev &hellip; <a href=\"https:\/\/sven-ove.nu\/?p=18913\" class=\"more-link\">Forts\u00e4tt l\u00e4sa <span class=\"screen-reader-text\">H\u00f6g tid att summera 2018<\/span><\/a><\/p>\n","protected":false},"author":1,"featured_media":0,"comment_status":"open","ping_status":"open","sticky":false,"template":"","format":"standard","meta":{"_crdt_document":"","_monsterinsights_skip_tracking":false,"_monsterinsights_sitenote_active":false,"_monsterinsights_sitenote_note":"","_monsterinsights_sitenote_category":0,"footnotes":""},"categories":[9],"tags":[8,18,17],"class_list":["post-18913","post","type-post","status-publish","format-standard","hentry","category-politik","tag-historia","tag-lardomar","tag-solidaritet"],"_links":{"self":[{"href":"https:\/\/sven-ove.nu\/index.php?rest_route=\/wp\/v2\/posts\/18913","targetHints":{"allow":["GET"]}}],"collection":[{"href":"https:\/\/sven-ove.nu\/index.php?rest_route=\/wp\/v2\/posts"}],"about":[{"href":"https:\/\/sven-ove.nu\/index.php?rest_route=\/wp\/v2\/types\/post"}],"author":[{"embeddable":true,"href":"https:\/\/sven-ove.nu\/index.php?rest_route=\/wp\/v2\/users\/1"}],"replies":[{"embeddable":true,"href":"https:\/\/sven-ove.nu\/index.php?rest_route=%2Fwp%2Fv2%2Fcomments&post=18913"}],"version-history":[{"count":4,"href":"https:\/\/sven-ove.nu\/index.php?rest_route=\/wp\/v2\/posts\/18913\/revisions"}],"predecessor-version":[{"id":18918,"href":"https:\/\/sven-ove.nu\/index.php?rest_route=\/wp\/v2\/posts\/18913\/revisions\/18918"}],"wp:attachment":[{"href":"https:\/\/sven-ove.nu\/index.php?rest_route=%2Fwp%2Fv2%2Fmedia&parent=18913"}],"wp:term":[{"taxonomy":"category","embeddable":true,"href":"https:\/\/sven-ove.nu\/index.php?rest_route=%2Fwp%2Fv2%2Fcategories&post=18913"},{"taxonomy":"post_tag","embeddable":true,"href":"https:\/\/sven-ove.nu\/index.php?rest_route=%2Fwp%2Fv2%2Ftags&post=18913"}],"curies":[{"name":"wp","href":"https:\/\/api.w.org\/{rel}","templated":true}]}}