{"id":18919,"date":"2017-12-19T04:24:32","date_gmt":"2017-12-19T03:24:32","guid":{"rendered":"http:\/\/sven-ove.nu\/?p=18919"},"modified":"2017-12-18T07:49:49","modified_gmt":"2017-12-18T06:49:49","slug":"du-maste-ha-en-plan","status":"publish","type":"post","link":"https:\/\/sven-ove.nu\/?p=18919","title":{"rendered":"Du m\u00e5ste ha en plan"},"content":{"rendered":"<p>En morgon glittrar solen p\u00e5 Grossbolstorps sn\u00f6iga h\u00f6jder. Medan vi slevar i oss l\u00e4ttfilen och muslin f\u00f6rs\u00f6ker jag f\u00f6rklara livet som pension\u00e4r f\u00f6r den k\u00e4ra v\u00e4nnen. N\u00e4sta \u00e5r \u00e4r hon d\u00e4r.<\/p>\n<p>&#8211; Du m\u00e5ste g\u00f6ra dig en plan f\u00f6rst\u00e5r du, s\u00e4ger jag.<br \/>\n&#8211; Jag ska i alla fall inte skaffa mig n\u00e5n hund, svarar hon.<\/p>\n<p>Sedan kastar hon en l\u00e5ng blick p\u00e5 mig, med sitt lurigaste leende i mungipan. Det \u00e4r 50 \u00e5r 5 m\u00e5nader och 26 dagar sedan vi tr\u00e4ffades. D\u00e5 beh\u00f6ver en inte alltid prata; blickar och mungipor kan tala nog s\u00e5 tydligt. Jag ser exakt vad hon t\u00e4nker:<\/p>\n<p><em>\u201d<\/em><em>Innekatt det har jag redan<\/em><em>\u201d<\/em><em>.<\/em><\/p>\n<p>Vad svarar man p\u00e5 s\u00e5nt? Jag g\u00e5r och l\u00e4gger mig p\u00e5 soffan, under en filt. En <strong>m\u00e5ste<\/strong>\u00a0faktiskt ha en plan.<\/p>\n<p>Kurrrrrurrurrrurrrrrrr.<\/p>\n<p><a href=\"https:\/\/sven-ove.nu\/wp-content\/uploads\/2017\/12\/Kurrurrurr.jpg\"><img loading=\"lazy\" decoding=\"async\" class=\"size-large wp-image-18922 alignnone\" src=\"https:\/\/sven-ove.nu\/wp-content\/uploads\/2017\/12\/Kurrurrurr-1024x1024.jpg\" alt=\"\" width=\"660\" height=\"660\" srcset=\"https:\/\/sven-ove.nu\/wp-content\/uploads\/2017\/12\/Kurrurrurr-1024x1024.jpg 1024w, https:\/\/sven-ove.nu\/wp-content\/uploads\/2017\/12\/Kurrurrurr-150x150.jpg 150w, https:\/\/sven-ove.nu\/wp-content\/uploads\/2017\/12\/Kurrurrurr-300x300.jpg 300w, https:\/\/sven-ove.nu\/wp-content\/uploads\/2017\/12\/Kurrurrurr-768x768.jpg 768w, https:\/\/sven-ove.nu\/wp-content\/uploads\/2017\/12\/Kurrurrurr.jpg 1280w\" sizes=\"auto, (max-width: 660px) 100vw, 660px\" \/><\/a><\/p>\n<p style=\"padding-left: 30px;\"><em><span style=\"color: #ff6600;\">###<\/span> Jag skulle v\u00e4l ha summerat 2017 ocks\u00e5.<br \/>\n<\/em><em><span style=\"color: #ff6600;\">###<\/span> O-ringen i Arvika blev en succ\u00e9. Grotescos senaste blev en succ\u00e9. #Metoo blev en ofattbar succ\u00e9.<br \/>\n<\/em><em><span style=\"color: #ff6600;\">###<\/span> Dessutom h\u00e4nde det en rad dumheter.<\/em><\/p>\n<p><span style=\"color: #0000ff;\"><a style=\"color: #0000ff;\" href=\"https:\/\/sven-ove.nu\/\">Hem<\/a><\/span>\u00a0|\u00a0<span style=\"color: #0000ff;\"><a style=\"color: #0000ff;\" href=\"https:\/\/sven-ove.nu\/?page_id=170\">Om mig<\/a><\/span>\u00a0|\u00a0<span style=\"color: #0000ff;\"><a style=\"color: #0000ff;\" href=\"https:\/\/sven-ove.nu\/?page_id=1385\">Skriva &amp; prata<\/a><\/span>\u00a0|\u00a0<span style=\"color: #0000ff;\"><a style=\"color: #0000ff;\" href=\"https:\/\/sven-ove.nu\/?page_id=100\">Politik<\/a><\/span>\u00a0|\u00a0<span style=\"color: #0000ff;\"><a style=\"color: #0000ff;\" href=\"https:\/\/sven-ove.nu\/?page_id=102\">L\u00f6pa<\/a><\/span>\u00a0|\u00a0<span style=\"color: #0000ff;\"><a style=\"color: #0000ff;\" href=\"https:\/\/sven-ove.nu\/?page_id=108\">Viktor Root<\/a><\/span>\u00a0| <a href=\"https:\/\/sven-ove.nu\/?page_id=15908\"><span style=\"color: #0000ff;\">Firman<\/span>\u00a0<\/a>|\u00a0<span style=\"color: #0000ff;\"><a style=\"color: #0000ff;\" href=\"https:\/\/sven-ove.nu\/?page_id=15638\">K\u00f4ppra<\/a><\/span>\u00a0\u00a0 <em>(c) Sven-Ove Svensson (dela g\u00e4rna i sociala medier)<\/em><\/p>\n","protected":false},"excerpt":{"rendered":"<p>En morgon glittrar solen p\u00e5 Grossbolstorps sn\u00f6iga h\u00f6jder. Medan vi slevar i oss l\u00e4ttfilen och muslin f\u00f6rs\u00f6ker jag f\u00f6rklara livet som pension\u00e4r f\u00f6r den k\u00e4ra v\u00e4nnen. N\u00e4sta \u00e5r \u00e4r hon d\u00e4r. &#8211; Du m\u00e5ste g\u00f6ra dig en plan f\u00f6rst\u00e5r du, s\u00e4ger jag. &#8211; Jag ska i alla fall inte skaffa mig n\u00e5n hund, svarar hon. &hellip; <a href=\"https:\/\/sven-ove.nu\/?p=18919\" class=\"more-link\">Forts\u00e4tt l\u00e4sa <span class=\"screen-reader-text\">Du m\u00e5ste ha en plan<\/span><\/a><\/p>\n","protected":false},"author":1,"featured_media":0,"comment_status":"open","ping_status":"open","sticky":false,"template":"","format":"standard","meta":{"_crdt_document":"","_monsterinsights_skip_tracking":false,"_monsterinsights_sitenote_active":false,"_monsterinsights_sitenote_note":"","_monsterinsights_sitenote_category":0,"footnotes":""},"categories":[10],"tags":[24],"class_list":["post-18919","post","type-post","status-publish","format-standard","hentry","category-familjen","tag-karlek"],"_links":{"self":[{"href":"https:\/\/sven-ove.nu\/index.php?rest_route=\/wp\/v2\/posts\/18919","targetHints":{"allow":["GET"]}}],"collection":[{"href":"https:\/\/sven-ove.nu\/index.php?rest_route=\/wp\/v2\/posts"}],"about":[{"href":"https:\/\/sven-ove.nu\/index.php?rest_route=\/wp\/v2\/types\/post"}],"author":[{"embeddable":true,"href":"https:\/\/sven-ove.nu\/index.php?rest_route=\/wp\/v2\/users\/1"}],"replies":[{"embeddable":true,"href":"https:\/\/sven-ove.nu\/index.php?rest_route=%2Fwp%2Fv2%2Fcomments&post=18919"}],"version-history":[{"count":6,"href":"https:\/\/sven-ove.nu\/index.php?rest_route=\/wp\/v2\/posts\/18919\/revisions"}],"predecessor-version":[{"id":18926,"href":"https:\/\/sven-ove.nu\/index.php?rest_route=\/wp\/v2\/posts\/18919\/revisions\/18926"}],"wp:attachment":[{"href":"https:\/\/sven-ove.nu\/index.php?rest_route=%2Fwp%2Fv2%2Fmedia&parent=18919"}],"wp:term":[{"taxonomy":"category","embeddable":true,"href":"https:\/\/sven-ove.nu\/index.php?rest_route=%2Fwp%2Fv2%2Fcategories&post=18919"},{"taxonomy":"post_tag","embeddable":true,"href":"https:\/\/sven-ove.nu\/index.php?rest_route=%2Fwp%2Fv2%2Ftags&post=18919"}],"curies":[{"name":"wp","href":"https:\/\/api.w.org\/{rel}","templated":true}]}}