{"id":18959,"date":"2017-12-30T04:01:31","date_gmt":"2017-12-30T03:01:31","guid":{"rendered":"http:\/\/sven-ove.nu\/?p=18959"},"modified":"2017-12-25T12:12:00","modified_gmt":"2017-12-25T11:12:00","slug":"att-trilla-dit-och-bli-lattkopt","status":"publish","type":"post","link":"https:\/\/sven-ove.nu\/?p=18959","title":{"rendered":"Att trilla dit och bli l\u00e4ttk\u00f6pt"},"content":{"rendered":"<p><a href=\"https:\/\/sven-ove.nu\/wp-content\/uploads\/2017\/12\/Arborist.jpg\"><img loading=\"lazy\" decoding=\"async\" class=\"size-large wp-image-18963 alignnone\" src=\"https:\/\/sven-ove.nu\/wp-content\/uploads\/2017\/12\/Arborist-977x1024.jpg\" alt=\"\" width=\"660\" height=\"692\" srcset=\"https:\/\/sven-ove.nu\/wp-content\/uploads\/2017\/12\/Arborist-977x1024.jpg 977w, https:\/\/sven-ove.nu\/wp-content\/uploads\/2017\/12\/Arborist-286x300.jpg 286w, https:\/\/sven-ove.nu\/wp-content\/uploads\/2017\/12\/Arborist-768x805.jpg 768w, https:\/\/sven-ove.nu\/wp-content\/uploads\/2017\/12\/Arborist.jpg 1198w\" sizes=\"auto, (max-width: 660px) 100vw, 660px\" \/><\/a><\/p>\n<blockquote><p>Aldrig f\u00f6rut har jag t\u00e4nkt p\u00e5 att det \u00e4r som att vinterbada. Jag \u00e4r f\u00f6r frusen f\u00f6r att t\u00e4nka s\u00e5.<\/p>\n<p>Det \u00e4r som att gr\u00e4va en f\u00e5ngstgrop och trilla i den sj\u00e4lv.<\/p><\/blockquote>\n<p>Det var p\u00e5 darriga ben jag gick ut p\u00e5 scenen f\u00f6r att l\u00e4sa egna texter f\u00f6rsta g\u00e5ngen. Numera \u00e4lskar jag det, fast rampfebern skakar ben och st\u00e4mband f\u00f6rsta sekunderna.<\/p>\n<p>En bekant fr\u00e5n nordligare skogar fick mig nyss att inse att det \u00e4r som att vinterbada. Endorfinerna sprudlar i kroppen efter\u00e5t i b\u00e5da fallen.<\/p>\n<p><strong>Skratten f\u00f6rs\u00f6rjde mig<br \/>\n<\/strong>Ett tag var de endorfinerna en viktig del av mitt levebr\u00f6d. Minst halva arbetsveckan gick \u00e5t till att \u00e5ka runt och tala allvar med glimten i \u00f6gat och vara rolig med tanke bakom. Jag hade n\u00e5got jag ville s\u00e4ga. ABF och andra studief\u00f6rbund hade pengar och kunde subventionera framtr\u00e4danden f\u00f6r f\u00f6reningar och andra arrang\u00f6rer.<\/p>\n<p>En slitsam men rolig tid. Publiken p\u00e5 Kristinefors Folkets hus, Pappers avd 36 Skoghall och Fager\u00e5sens bygdeg\u00e5rd, det \u00e4r mitt folk.<\/p>\n<p>&#8211; Nu var du f\u00f6r sn\u00e4ll, kunde det h\u00e4nda att en arrang\u00f6r sa i f\u00f6rtroende efter\u00e5t. D\u00e5 tog jag stundom i h\u00e5rdare n\u00e4sta g\u00e5ng. V\u00e4rlden \u00e4r som den \u00e4r, s\u00e5 det var inte sv\u00e5rt.<\/p>\n<p>Sticker du ut hakan tar du en risk. Ibland fungerade satiren och sn\u00e4llheterna storartat och folk bar mig bildligt talat i gullstol efter slutappl\u00e5den och kallade mig estrad\u00f6r. Ibland var jag mindre n\u00f6jd. S\u00e5 \u00e4r det i alla jobb.<\/p>\n<p><strong>Fallgropen n\u00e4ra<br \/>\n<\/strong>Det \u00e4r den d\u00e4r k\u00e4nslan n\u00e4r du ser att det sitter en karl i publiken och storskrattar n\u00e4r du vill det och gr\u00e5ter n\u00e4r du talar allvar. Den \u00e4r sv\u00e5rslagen.<\/p>\n<p>Passa dig. Just d\u00e5 \u00e4r fallgropen n\u00e4ra, n\u00e4r du just uppt\u00e4ckt att om en publik blir st\u00f6rre \u00e4n 25 personer upptr\u00e4der den som en enda person. Har du d\u00e5 fallenhet \u00e4r det ofta l\u00e4tt att f\u00e5 denna person att skratta.<\/p>\n<p>Det finns ingen b\u00e4ttre bel\u00f6ning p\u00e5 arbetstid \u00e4n att folk skrattar \u00e5t dina sk\u00e4mt. Skrattar n\u00e4r du vill att de ska g\u00f6ra det.<\/p>\n<p>Just d\u00e5 riskerar du att trilla dit. Du vill ju k\u00e4nna skrattendorfinerna fler g\u00e5nger. Du vill h\u00f6ra skrattet, det ljudet \u00e4r ett gift. Innan du vet ordet av har du tagit till Det L\u00e4ttk\u00f6pta Skrattet, f\u00f6r det kr\u00e4ver mindre arbete \u00e4n det seri\u00f6sa. L\u00e4ttviktsskrattet \u00e4r en billig soppa som m\u00e4ttar d\u00e5ligt. Det beh\u00f6ver alltid fyllas p\u00e5 med seri\u00f6s humor och \u00e4kta allvar. Gl\u00f6m aldrig allvaret, du m\u00e5ste inte vinna po\u00e4nger hela tiden.<\/p>\n<p><strong>En \u00e4rlig bek\u00e4nnelse<br \/>\n<\/strong>H\u00e4r kommer nu en bek\u00e4nnelse efter drygt 600 upptr\u00e4danden med egna dikter, kortprosatexter, kr\u00f6nikor, k\u00e5serier och politiskt skoj:<\/p>\n<p>Varit d\u00e4r.<br \/>\nGjort det.<\/p>\n<p>Ibland, uppe p\u00e5 scenen, kryper det n\u00e4mligen fram en stor tjock l\u00e4ttviktsskrattarj\u00e4vel bakom mitt h\u00f6gra \u00f6ra och ropar g\u00f4rh\u00f6gt:<\/p>\n<p>&#8211; ROLIGARE!<\/p>\n<p>D\u00e5 g\u00f6r jag det igen. Trillar dit. Gl\u00f6mmer allvaret f\u00f6r tramset.<\/p>\n<p>J\u00e4dra fallenhet.<\/p>\n<p><em><span style=\"color: #ff6600;\"><strong>###<\/strong><\/span> Detta var en fundering medan jag f\u00f6rbereder n\u00e4sta gig.<br \/>\n<\/em><em><span style=\"color: #ff6600;\"><strong>###<\/strong><\/span> Estrad\u00f6ren har f\u00e5tt ett uppdrag han inte kan tacka nej till.<br \/>\n<\/em><em><span style=\"color: #ff6600;\"><strong>###<\/strong><\/span> 45 minuter underh\u00e5llning, allt jag lovar \u00e4r alltid att vara personlig.<\/em><\/p>\n<p><em>Den L\u00e4ttk\u00f6pte J\u00e4veln har redan vaknat.<\/em><\/p>\n<p><a href=\"https:\/\/sven-ove.nu\/wp-content\/uploads\/2017\/12\/Estrad\u00f6ren-sj\u00e4lv.jpg\"><img loading=\"lazy\" decoding=\"async\" class=\"size-thumbnail wp-image-18964 alignnone\" src=\"https:\/\/sven-ove.nu\/wp-content\/uploads\/2017\/12\/Estrad\u00f6ren-sj\u00e4lv-150x150.jpg\" alt=\"\" width=\"150\" height=\"150\" srcset=\"https:\/\/sven-ove.nu\/wp-content\/uploads\/2017\/12\/Estrad\u00f6ren-sj\u00e4lv-150x150.jpg 150w, https:\/\/sven-ove.nu\/wp-content\/uploads\/2017\/12\/Estrad\u00f6ren-sj\u00e4lv-300x300.jpg 300w, https:\/\/sven-ove.nu\/wp-content\/uploads\/2017\/12\/Estrad\u00f6ren-sj\u00e4lv-768x768.jpg 768w, https:\/\/sven-ove.nu\/wp-content\/uploads\/2017\/12\/Estrad\u00f6ren-sj\u00e4lv-1024x1024.jpg 1024w, https:\/\/sven-ove.nu\/wp-content\/uploads\/2017\/12\/Estrad\u00f6ren-sj\u00e4lv.jpg 1280w\" sizes=\"auto, (max-width: 150px) 100vw, 150px\" \/><\/a><\/p>\n<p><span style=\"color: #0000ff;\"><a style=\"color: #0000ff;\" href=\"https:\/\/sven-ove.nu\/\">Hem<\/a><\/span>\u00a0|\u00a0<span style=\"color: #0000ff;\"><a style=\"color: #0000ff;\" href=\"https:\/\/sven-ove.nu\/?page_id=170\">Om mig<\/a><\/span>\u00a0|\u00a0<span style=\"color: #0000ff;\"><a style=\"color: #0000ff;\" href=\"https:\/\/sven-ove.nu\/?page_id=1385\">Skriva &amp; prata<\/a><\/span>\u00a0|\u00a0<span style=\"color: #0000ff;\"><a style=\"color: #0000ff;\" href=\"https:\/\/sven-ove.nu\/?page_id=100\">Politik<\/a><\/span>\u00a0|\u00a0<span style=\"color: #0000ff;\"><a style=\"color: #0000ff;\" href=\"https:\/\/sven-ove.nu\/?page_id=102\">L\u00f6pa<\/a><\/span>\u00a0|\u00a0<span style=\"color: #0000ff;\"><a style=\"color: #0000ff;\" href=\"https:\/\/sven-ove.nu\/?page_id=108\">Viktor Root<\/a><\/span>\u00a0| <a href=\"https:\/\/sven-ove.nu\/?page_id=15908\"><span style=\"color: #0000ff;\">Firman<\/span>\u00a0<\/a>|\u00a0<span style=\"color: #0000ff;\"><a style=\"color: #0000ff;\" href=\"https:\/\/sven-ove.nu\/?page_id=15638\">K\u00f4ppra<\/a><\/span>\u00a0\u00a0 <em>(c) Sven-Ove Svensson (dela g\u00e4rna)<\/em><\/p>\n","protected":false},"excerpt":{"rendered":"<p>Aldrig f\u00f6rut har jag t\u00e4nkt p\u00e5 att det \u00e4r som att vinterbada. Jag \u00e4r f\u00f6r frusen f\u00f6r att t\u00e4nka s\u00e5. Det \u00e4r som att gr\u00e4va en f\u00e5ngstgrop och trilla i den sj\u00e4lv. Det var p\u00e5 darriga ben jag gick ut p\u00e5 scenen f\u00f6r att l\u00e4sa egna texter f\u00f6rsta g\u00e5ngen. Numera \u00e4lskar jag det, fast rampfebern &hellip; <a href=\"https:\/\/sven-ove.nu\/?p=18959\" class=\"more-link\">Forts\u00e4tt l\u00e4sa <span class=\"screen-reader-text\">Att trilla dit och bli l\u00e4ttk\u00f6pt<\/span><\/a><\/p>\n","protected":false},"author":1,"featured_media":0,"comment_status":"open","ping_status":"open","sticky":false,"template":"","format":"standard","meta":{"_crdt_document":"","_monsterinsights_skip_tracking":false,"_monsterinsights_sitenote_active":false,"_monsterinsights_sitenote_note":"","_monsterinsights_sitenote_category":0,"footnotes":""},"categories":[28,4],"tags":[3,16,24,18],"class_list":["post-18959","post","type-post","status-publish","format-standard","hentry","category-kreativt-folk","category-skrivande","tag-arbete","tag-dumheter","tag-karlek","tag-lardomar"],"_links":{"self":[{"href":"https:\/\/sven-ove.nu\/index.php?rest_route=\/wp\/v2\/posts\/18959","targetHints":{"allow":["GET"]}}],"collection":[{"href":"https:\/\/sven-ove.nu\/index.php?rest_route=\/wp\/v2\/posts"}],"about":[{"href":"https:\/\/sven-ove.nu\/index.php?rest_route=\/wp\/v2\/types\/post"}],"author":[{"embeddable":true,"href":"https:\/\/sven-ove.nu\/index.php?rest_route=\/wp\/v2\/users\/1"}],"replies":[{"embeddable":true,"href":"https:\/\/sven-ove.nu\/index.php?rest_route=%2Fwp%2Fv2%2Fcomments&post=18959"}],"version-history":[{"count":6,"href":"https:\/\/sven-ove.nu\/index.php?rest_route=\/wp\/v2\/posts\/18959\/revisions"}],"predecessor-version":[{"id":18967,"href":"https:\/\/sven-ove.nu\/index.php?rest_route=\/wp\/v2\/posts\/18959\/revisions\/18967"}],"wp:attachment":[{"href":"https:\/\/sven-ove.nu\/index.php?rest_route=%2Fwp%2Fv2%2Fmedia&parent=18959"}],"wp:term":[{"taxonomy":"category","embeddable":true,"href":"https:\/\/sven-ove.nu\/index.php?rest_route=%2Fwp%2Fv2%2Fcategories&post=18959"},{"taxonomy":"post_tag","embeddable":true,"href":"https:\/\/sven-ove.nu\/index.php?rest_route=%2Fwp%2Fv2%2Ftags&post=18959"}],"curies":[{"name":"wp","href":"https:\/\/api.w.org\/{rel}","templated":true}]}}