{"id":1898,"date":"2012-04-22T13:09:43","date_gmt":"2012-04-22T12:09:43","guid":{"rendered":"http:\/\/sven-ove.nu\/?p=1898"},"modified":"2012-04-24T12:09:14","modified_gmt":"2012-04-24T11:09:14","slug":"inte-den-vassaste-tartspaden-i-ladan","status":"publish","type":"post","link":"https:\/\/sven-ove.nu\/?p=1898","title":{"rendered":"Inte den vassaste t\u00e5rtspaden i l\u00e5dan"},"content":{"rendered":"<p>Jag har f\u00f6rs\u00f6kt l\u00e5ta bli att kommentera kulturministerns t\u00e5rtkalas. Det, d\u00e4r hon skar i k\u00f6net p\u00e5 en h\u00f6gljutt skrikande svart kvinna, visserligen i form av en t\u00e5rta. Men jag kan inte.<\/p>\n<p>Symboliken \u00e4r s\u00e5 tydlig, att ingen svensk, av kvinna f\u00f6dd, kan ha undg\u00e5tt att begripa vad t\u00e5rtkalaset verkligen betyder. Vad \u00e4n sedan upphovsmannen och \u00f6vriga medverkande hade t\u00e4nkt sig.<\/p>\n<p style=\"padding-left: 30px;\"><strong>Vit rik \u00f6verhetsperson med vapen i hand f\u00f6rtrycker svart kvinna som redan ligger &#8211; och sl\u00e5r d\u00f6v\u00f6rat till inf\u00f6r den fattiga kvinnans rop p\u00e5 hj\u00e4lp.<\/strong><\/p>\n<p><a href=\"http:\/\/www.youtube.com\/watch?v=j0tYZ5cil9s\">Scenen<\/a> \u00e4r samtidigt en t\u00e4vling. Vem beter sig mest korkat? Kulturminister Lena Adelsohn Liljeroth, konstn\u00e4ren Makode Linde (som stod f\u00f6r t\u00e5rtan och skriket), de skrattande journalisterna och kulturpersonerna runt omkring eller de delar av det \u00f6vriga kultursverige som efter\u00e5t appl\u00e5derat konstverket?<\/p>\n<p>I mina \u00f6gon vinner kulturministern den t\u00e4vlingen. S\u00e5 s\u00e4tter hon ocks\u00e5 <a href=\"http:\/\/www.youtube.com\/watch?v=etAYFadObVY\">Sverige<\/a> <a href=\"http:\/\/www.google.se\/search?source=ig&amp;hl=sv&amp;rlz=&amp;q=cultur+minister+sweden+racist+scandal&amp;oq=cultur+minister+sweden+racist+scandal&amp;aq=f&amp;aqi=&amp;aql=&amp;gs_nf=1&amp;gs_l=igoogle.3...766.9115.0.9722.41.41.0.19.1.0.206.1812.13j5j1.19.0.#hl=sv&amp;sa=X&amp;ei=ifOTT4bBEoj24QTTsMDQDw&amp;ved=0CCQQvwUoAQ&amp;q=culture+minister+sweden+racist+scandal&amp;spell=1&amp;bav=on.2,or.r_gc.r_pw.r_qf.,cf.osb&amp;fp=fa09d251a94fa539\">p\u00e5<\/a> <a href=\"http:\/\/www.youtube.com\/watch?v=oQW0c6jY5Nc\">kartan<\/a> f\u00f6r en k\u00f6nsstympning. Det har ingen lyckats med f\u00f6rut.<\/p>\n<p>Lena Adelsohn Liljeroth. Inte den vassaste t\u00e5rtspaden i l\u00e5dan.<\/p>\n","protected":false},"excerpt":{"rendered":"<p>Jag har f\u00f6rs\u00f6kt l\u00e5ta bli att kommentera kulturministerns t\u00e5rtkalas. Det, d\u00e4r hon skar i k\u00f6net p\u00e5 en h\u00f6gljutt skrikande svart kvinna, visserligen i form av en t\u00e5rta. Men jag kan inte. Symboliken \u00e4r s\u00e5 tydlig, att ingen svensk, av kvinna f\u00f6dd, kan ha undg\u00e5tt att begripa vad t\u00e5rtkalaset verkligen betyder. Vad \u00e4n sedan upphovsmannen och &hellip; <a href=\"https:\/\/sven-ove.nu\/?p=1898\" class=\"more-link\">Forts\u00e4tt l\u00e4sa <span class=\"screen-reader-text\">Inte den vassaste t\u00e5rtspaden i l\u00e5dan<\/span><\/a><\/p>\n","protected":false},"author":1,"featured_media":0,"comment_status":"open","ping_status":"open","sticky":false,"template":"","format":"standard","meta":{"_crdt_document":"","_monsterinsights_skip_tracking":false,"_monsterinsights_sitenote_active":false,"_monsterinsights_sitenote_note":"","_monsterinsights_sitenote_category":0,"footnotes":""},"categories":[9],"tags":[16],"class_list":["post-1898","post","type-post","status-publish","format-standard","hentry","category-politik","tag-dumheter"],"_links":{"self":[{"href":"https:\/\/sven-ove.nu\/index.php?rest_route=\/wp\/v2\/posts\/1898","targetHints":{"allow":["GET"]}}],"collection":[{"href":"https:\/\/sven-ove.nu\/index.php?rest_route=\/wp\/v2\/posts"}],"about":[{"href":"https:\/\/sven-ove.nu\/index.php?rest_route=\/wp\/v2\/types\/post"}],"author":[{"embeddable":true,"href":"https:\/\/sven-ove.nu\/index.php?rest_route=\/wp\/v2\/users\/1"}],"replies":[{"embeddable":true,"href":"https:\/\/sven-ove.nu\/index.php?rest_route=%2Fwp%2Fv2%2Fcomments&post=1898"}],"version-history":[{"count":4,"href":"https:\/\/sven-ove.nu\/index.php?rest_route=\/wp\/v2\/posts\/1898\/revisions"}],"predecessor-version":[{"id":1934,"href":"https:\/\/sven-ove.nu\/index.php?rest_route=\/wp\/v2\/posts\/1898\/revisions\/1934"}],"wp:attachment":[{"href":"https:\/\/sven-ove.nu\/index.php?rest_route=%2Fwp%2Fv2%2Fmedia&parent=1898"}],"wp:term":[{"taxonomy":"category","embeddable":true,"href":"https:\/\/sven-ove.nu\/index.php?rest_route=%2Fwp%2Fv2%2Fcategories&post=1898"},{"taxonomy":"post_tag","embeddable":true,"href":"https:\/\/sven-ove.nu\/index.php?rest_route=%2Fwp%2Fv2%2Ftags&post=1898"}],"curies":[{"name":"wp","href":"https:\/\/api.w.org\/{rel}","templated":true}]}}