{"id":18984,"date":"2018-01-01T04:37:03","date_gmt":"2018-01-01T03:37:03","guid":{"rendered":"http:\/\/sven-ove.nu\/?p=18984"},"modified":"2018-01-01T12:33:48","modified_gmt":"2018-01-01T11:33:48","slug":"tomma-vita-sidor","status":"publish","type":"post","link":"https:\/\/sven-ove.nu\/?p=18984","title":{"rendered":"Tomma vita sidor"},"content":{"rendered":"<p><a href=\"https:\/\/sven-ove.nu\/wp-content\/uploads\/2017\/12\/Kalender.jpg\"><img loading=\"lazy\" decoding=\"async\" class=\"size-medium wp-image-18986 alignnone\" src=\"https:\/\/sven-ove.nu\/wp-content\/uploads\/2017\/12\/Kalender-300x300.jpg\" alt=\"\" width=\"300\" height=\"300\" srcset=\"https:\/\/sven-ove.nu\/wp-content\/uploads\/2017\/12\/Kalender-300x300.jpg 300w, https:\/\/sven-ove.nu\/wp-content\/uploads\/2017\/12\/Kalender-150x150.jpg 150w, https:\/\/sven-ove.nu\/wp-content\/uploads\/2017\/12\/Kalender-768x768.jpg 768w, https:\/\/sven-ove.nu\/wp-content\/uploads\/2017\/12\/Kalender-1024x1024.jpg 1024w, https:\/\/sven-ove.nu\/wp-content\/uploads\/2017\/12\/Kalender.jpg 1280w\" sizes=\"auto, (max-width: 300px) 100vw, 300px\" \/><\/a><\/p>\n<h4>1.<\/h4>\n<p>Den d\u00e4r k\u00e4nslan n\u00e4r en k\u00f6per ny kalender och ser tomma vita sidor breda ut sig.<\/p>\n<p>Den d\u00e4r k\u00e4nslan n\u00e4r en b\u00f6rjar skriva in de f\u00f6rsta m\u00f6tena med m\u00e4nniskor.<\/p>\n<p>Den d\u00e4r k\u00e4nslan n\u00e4r projekten b\u00f6rjar pirra. <em>&#8221;I \u00e5r ska jag diskutera med gubbgruppen och vattna blommor varje m\u00e5ndag, k\u00f6ra till \u00e5tervinningen varje tisdag, g\u00e5 i skogen med Gryningspatrullen varje onsdag, handla och dammsuga varje torsdag och tindra med \u00f6gonen varje fredag.&#8221;<\/em><\/p>\n<p>Den d\u00e4r k\u00e4nslan n\u00e4r en s\u00e4tter upp nya fr\u00e4scha m\u00e5l f\u00f6r LTV. L\u00e4sningen, Tr\u00e4ningen och Vikten.<\/p>\n<p>Den d\u00e4r k\u00e4nslan n\u00e4r en f\u00f6rnyar medlemsskap och prenumerationer &#8211; men inte alla.<\/p>\n<p>Den d\u00e4r k\u00e4nslan n\u00e4r en rensar i mappar, hyllor och kontaktlistor.<\/p>\n<p>Den d\u00e4r k\u00e4nslan n\u00e4r en lovar sig sj\u00e4lv saker. <em>&#8221;Vara utomhus minst en timme om dagen VARJE dag.&#8221;<\/em><\/p>\n<p>Den k\u00e4nslan.<\/p>\n<h4>2.<\/h4>\n<p>De d\u00e4r f\u00f6rsta g\u00e5ngerna efter att\u00a0en slappnat av p\u00e5 det nya \u00e5ret och skriver det gamla \u00e5rtalet, f\u00f6r det \u00e4r handen mer van vid.<\/p>\n<h4>3.<\/h4>\n<p>\u00c4lskade tomma vita sidor.<br \/>\n\u00c4n har ni alla era illusioner kvar.<br \/>\nPrecis som jag.<\/p>\n<p>Den h\u00e4r g\u00e5ngen kan d\u00e4\u2019 l\u00f6ckes.<\/p>\n<p style=\"padding-left: 30px; text-align: right;\"><em>D\u00e4\u2019 = det.<br \/>\n<\/em><em>L\u00f6ckes = lyckas.<br \/>\n<\/em><em>Den h\u00e4r g\u00e5ngen = 2018.<br \/>\nEller n\u00e5got annat\u00a0kommande \u00e5r enligt m\u00e4nniskokalendrarna.<\/em><\/p>\n<p><span style=\"color: #0000ff;\"><a style=\"color: #0000ff;\" href=\"https:\/\/sven-ove.nu\/\">Hem<\/a><\/span>\u00a0|\u00a0<span style=\"color: #0000ff;\"><a style=\"color: #0000ff;\" href=\"https:\/\/sven-ove.nu\/?page_id=170\">Om mig<\/a><\/span>\u00a0|\u00a0<span style=\"color: #0000ff;\"><a style=\"color: #0000ff;\" href=\"https:\/\/sven-ove.nu\/?page_id=1385\">Skriva &amp; prata<\/a><\/span>\u00a0|\u00a0<span style=\"color: #0000ff;\"><a style=\"color: #0000ff;\" href=\"https:\/\/sven-ove.nu\/?page_id=100\">Politik<\/a><\/span>\u00a0|\u00a0<span style=\"color: #0000ff;\"><a style=\"color: #0000ff;\" href=\"https:\/\/sven-ove.nu\/?page_id=102\">L\u00f6pa<\/a><\/span>\u00a0|\u00a0<span style=\"color: #0000ff;\"><a style=\"color: #0000ff;\" href=\"https:\/\/sven-ove.nu\/?page_id=108\">Viktor Root<\/a><\/span>\u00a0|\u00a0\u00a0<em>(c) Sven-Ove Svensson (dela g\u00e4rna)<\/em><\/p>\n","protected":false},"excerpt":{"rendered":"<p>1. Den d\u00e4r k\u00e4nslan n\u00e4r en k\u00f6per ny kalender och ser tomma vita sidor breda ut sig. Den d\u00e4r k\u00e4nslan n\u00e4r en b\u00f6rjar skriva in de f\u00f6rsta m\u00f6tena med m\u00e4nniskor. Den d\u00e4r k\u00e4nslan n\u00e4r projekten b\u00f6rjar pirra. &#8221;I \u00e5r ska jag diskutera med gubbgruppen och vattna blommor varje m\u00e5ndag, k\u00f6ra till \u00e5tervinningen varje tisdag, g\u00e5 &hellip; <a href=\"https:\/\/sven-ove.nu\/?p=18984\" class=\"more-link\">Forts\u00e4tt l\u00e4sa <span class=\"screen-reader-text\">Tomma vita sidor<\/span><\/a><\/p>\n","protected":false},"author":1,"featured_media":0,"comment_status":"open","ping_status":"open","sticky":false,"template":"","format":"standard","meta":{"_crdt_document":"","_monsterinsights_skip_tracking":false,"_monsterinsights_sitenote_active":false,"_monsterinsights_sitenote_note":"","_monsterinsights_sitenote_category":0,"footnotes":""},"categories":[10,6,4],"tags":[8,13],"class_list":["post-18984","post","type-post","status-publish","format-standard","hentry","category-familjen","category-natur","category-skrivande","tag-historia","tag-utrustning"],"_links":{"self":[{"href":"https:\/\/sven-ove.nu\/index.php?rest_route=\/wp\/v2\/posts\/18984","targetHints":{"allow":["GET"]}}],"collection":[{"href":"https:\/\/sven-ove.nu\/index.php?rest_route=\/wp\/v2\/posts"}],"about":[{"href":"https:\/\/sven-ove.nu\/index.php?rest_route=\/wp\/v2\/types\/post"}],"author":[{"embeddable":true,"href":"https:\/\/sven-ove.nu\/index.php?rest_route=\/wp\/v2\/users\/1"}],"replies":[{"embeddable":true,"href":"https:\/\/sven-ove.nu\/index.php?rest_route=%2Fwp%2Fv2%2Fcomments&post=18984"}],"version-history":[{"count":8,"href":"https:\/\/sven-ove.nu\/index.php?rest_route=\/wp\/v2\/posts\/18984\/revisions"}],"predecessor-version":[{"id":19032,"href":"https:\/\/sven-ove.nu\/index.php?rest_route=\/wp\/v2\/posts\/18984\/revisions\/19032"}],"wp:attachment":[{"href":"https:\/\/sven-ove.nu\/index.php?rest_route=%2Fwp%2Fv2%2Fmedia&parent=18984"}],"wp:term":[{"taxonomy":"category","embeddable":true,"href":"https:\/\/sven-ove.nu\/index.php?rest_route=%2Fwp%2Fv2%2Fcategories&post=18984"},{"taxonomy":"post_tag","embeddable":true,"href":"https:\/\/sven-ove.nu\/index.php?rest_route=%2Fwp%2Fv2%2Ftags&post=18984"}],"curies":[{"name":"wp","href":"https:\/\/api.w.org\/{rel}","templated":true}]}}