{"id":18993,"date":"2017-12-31T04:19:12","date_gmt":"2017-12-31T03:19:12","guid":{"rendered":"http:\/\/sven-ove.nu\/?p=18993"},"modified":"2017-12-31T07:40:18","modified_gmt":"2017-12-31T06:40:18","slug":"folket-mot-etablissemanget","status":"publish","type":"post","link":"https:\/\/sven-ove.nu\/?p=18993","title":{"rendered":"Folket mot etablissemanget"},"content":{"rendered":"<p><a href=\"https:\/\/sven-ove.nu\/wp-content\/uploads\/2017\/09\/Hotet.jpeg\"><img loading=\"lazy\" decoding=\"async\" class=\"size-large wp-image-18394 alignnone\" src=\"https:\/\/sven-ove.nu\/wp-content\/uploads\/2017\/09\/Hotet-1024x768.jpeg\" alt=\"\" width=\"660\" height=\"495\" srcset=\"https:\/\/sven-ove.nu\/wp-content\/uploads\/2017\/09\/Hotet.jpeg 1024w, https:\/\/sven-ove.nu\/wp-content\/uploads\/2017\/09\/Hotet-300x225.jpeg 300w, https:\/\/sven-ove.nu\/wp-content\/uploads\/2017\/09\/Hotet-768x576.jpeg 768w\" sizes=\"auto, (max-width: 660px) 100vw, 660px\" \/><\/a><\/p>\n<p>De tv\u00e5 h\u00f6gsta regionpolitikerna och n\u00e4stan varenda kommunstyrelseordf\u00f6rande i V\u00e4rmland har gemensamt <span style=\"color: #0000ff;\"><a style=\"color: #0000ff;\" href=\"https:\/\/www.vf.se\/debatt\/vi-vill-utveckla-varmland\/\">uttalat<\/a><\/span> sitt st\u00f6d till att bygga ett h\u00f6gt staket runt stora delar av friluftsparadiset Skutberget. D\u00e4r, vid den finaste och barn- och handikappv\u00e4nligaste badstranden, vill de l\u00e5ta privata intressen bygga ett Muminland med 270 kronor i intr\u00e4de per person f\u00f6r V\u00e4rmlands barnfamiljer.<\/p>\n<p>Jaha. D\u00e5 var det klart. Folket mot etablissemanget.<br \/>\nHar det n\u00e5gonsin varit lika\u00a0tydligt vid V\u00e4nerlandskapet i modern tid?<\/p>\n<p><em><span style=\"color: #ff6600;\"><strong>###<\/strong><\/span> Kommunstyrelseordf\u00f6randena i Eda och S\u00e4ffle verkar inte ha skrivit p\u00e5.<\/em><br \/>\n<em> <span style=\"color: #ff6600;\"><strong>###<\/strong><\/span> F\u00f6ljande partier i Karlstads kommun \u00e4r d\u00e4remot <strong>emot<\/strong> att st\u00e4ngsla in de b\u00e4sta kvarvarande fria delarna av Skutberget: V\u00e4nsterpartiet, Feministiskt initiativ (och Sverigedemokraterna).<\/em><br \/>\n<em><span style=\"color: #ff6600;\">###<\/span> F\u00f6reningen <span style=\"color: #0000ff;\"><a style=\"color: #0000ff;\" href=\"https:\/\/skutbergetswenner.se\">Skutbergets Wenner<\/a><\/span> \u00e4r redan bland de st\u00f6rsta i Karlstad o<\/em><em>ch forts\u00e4tter att \u00f6ka.<\/em><\/p>\n<p><em>Folket mot etablissemanget.<\/em><\/p>\n<p><em>PS. <strong>Gott Nytt \u00c5r p\u00e5 er, alla!<\/strong> \u00c4ven ni i etablissemanget. Misst\u00e4nker att n\u00e5gra av era kommunstyrelsev\u00e4nner\u00a0kommer att \u00e4ndra sig om etablissemangsstaketet n\u00e4r vi n\u00e4rmar oss valet. DS.<\/em><\/p>\n<p style=\"text-align: right;\"><em>Den f\u00f6rs\u00e4mringsben\u00e4gna p\u00e5 bilden<br \/>\n\u00e4r mest k\u00e4nd f\u00f6r att det blir is i hennes fotsp\u00e5r.<\/em><\/p>\n<p><span style=\"color: #0000ff;\"><a style=\"color: #0000ff;\" href=\"https:\/\/sven-ove.nu\/\">Hem<\/a><\/span>\u00a0|\u00a0<span style=\"color: #0000ff;\"><a style=\"color: #0000ff;\" href=\"https:\/\/sven-ove.nu\/?page_id=170\">Om mig<\/a><\/span>\u00a0|\u00a0<span style=\"color: #0000ff;\"><a style=\"color: #0000ff;\" href=\"https:\/\/sven-ove.nu\/?page_id=1385\">Skriva &amp; prata<\/a><\/span>\u00a0|\u00a0<span style=\"color: #0000ff;\"><a style=\"color: #0000ff;\" href=\"https:\/\/sven-ove.nu\/?page_id=100\">Politik<\/a><\/span>\u00a0|\u00a0<span style=\"color: #0000ff;\"><a style=\"color: #0000ff;\" href=\"https:\/\/sven-ove.nu\/?page_id=102\">L\u00f6pa<\/a><\/span>\u00a0|\u00a0<span style=\"color: #0000ff;\"><a style=\"color: #0000ff;\" href=\"https:\/\/sven-ove.nu\/?page_id=108\">Viktor Root<\/a><\/span>\u00a0| <a href=\"https:\/\/sven-ove.nu\/?page_id=15908\"><span style=\"color: #0000ff;\">Firman<\/span>\u00a0<\/a>|\u00a0<span style=\"color: #0000ff;\"><a style=\"color: #0000ff;\" href=\"https:\/\/sven-ove.nu\/?page_id=15638\">K\u00f4ppra<\/a><\/span>\u00a0\u00a0 <em>(c) Sven-Ove Svensson (dela g\u00e4rna)<\/em><\/p>\n","protected":false},"excerpt":{"rendered":"<p>De tv\u00e5 h\u00f6gsta regionpolitikerna och n\u00e4stan varenda kommunstyrelseordf\u00f6rande i V\u00e4rmland har gemensamt uttalat sitt st\u00f6d till att bygga ett h\u00f6gt staket runt stora delar av friluftsparadiset Skutberget. D\u00e4r, vid den finaste och barn- och handikappv\u00e4nligaste badstranden, vill de l\u00e5ta privata intressen bygga ett Muminland med 270 kronor i intr\u00e4de per person f\u00f6r V\u00e4rmlands barnfamiljer. Jaha. &hellip; <a href=\"https:\/\/sven-ove.nu\/?p=18993\" class=\"more-link\">Forts\u00e4tt l\u00e4sa <span class=\"screen-reader-text\">Folket mot etablissemanget<\/span><\/a><\/p>\n","protected":false},"author":1,"featured_media":0,"comment_status":"open","ping_status":"open","sticky":false,"template":"","format":"standard","meta":{"_crdt_document":"","_monsterinsights_skip_tracking":false,"_monsterinsights_sitenote_active":false,"_monsterinsights_sitenote_note":"","_monsterinsights_sitenote_category":0,"footnotes":""},"categories":[9],"tags":[16,18],"class_list":["post-18993","post","type-post","status-publish","format-standard","hentry","category-politik","tag-dumheter","tag-lardomar"],"_links":{"self":[{"href":"https:\/\/sven-ove.nu\/index.php?rest_route=\/wp\/v2\/posts\/18993","targetHints":{"allow":["GET"]}}],"collection":[{"href":"https:\/\/sven-ove.nu\/index.php?rest_route=\/wp\/v2\/posts"}],"about":[{"href":"https:\/\/sven-ove.nu\/index.php?rest_route=\/wp\/v2\/types\/post"}],"author":[{"embeddable":true,"href":"https:\/\/sven-ove.nu\/index.php?rest_route=\/wp\/v2\/users\/1"}],"replies":[{"embeddable":true,"href":"https:\/\/sven-ove.nu\/index.php?rest_route=%2Fwp%2Fv2%2Fcomments&post=18993"}],"version-history":[{"count":20,"href":"https:\/\/sven-ove.nu\/index.php?rest_route=\/wp\/v2\/posts\/18993\/revisions"}],"predecessor-version":[{"id":19015,"href":"https:\/\/sven-ove.nu\/index.php?rest_route=\/wp\/v2\/posts\/18993\/revisions\/19015"}],"wp:attachment":[{"href":"https:\/\/sven-ove.nu\/index.php?rest_route=%2Fwp%2Fv2%2Fmedia&parent=18993"}],"wp:term":[{"taxonomy":"category","embeddable":true,"href":"https:\/\/sven-ove.nu\/index.php?rest_route=%2Fwp%2Fv2%2Fcategories&post=18993"},{"taxonomy":"post_tag","embeddable":true,"href":"https:\/\/sven-ove.nu\/index.php?rest_route=%2Fwp%2Fv2%2Ftags&post=18993"}],"curies":[{"name":"wp","href":"https:\/\/api.w.org\/{rel}","templated":true}]}}