{"id":1903,"date":"2012-04-23T04:59:19","date_gmt":"2012-04-23T03:59:19","guid":{"rendered":"http:\/\/sven-ove.nu\/?p=1903"},"modified":"2012-04-23T11:14:59","modified_gmt":"2012-04-23T10:14:59","slug":"hur-stor-blir-cirkelns-area","status":"publish","type":"post","link":"https:\/\/sven-ove.nu\/?p=1903","title":{"rendered":"Hur stor blir cirkelns area?"},"content":{"rendered":"<p>Bes\u00f6ker v\u00e5r friluftsg\u00e5rd och trivs. L\u00e4ngs elljussp\u00e5ret har ideella medm\u00e4nniskor satt upp tipspromenadfr\u00e5gor, s\u00e5 vi ska f\u00e5 en chans att r\u00f6ra p\u00e5 hj\u00e4rncellerna. <em>Hur stor blir cirkelns area?<\/em> N\u00e4r vi kommer i m\u00e5l g\u00e5r starten f\u00f6r korta terr\u00e4ng-DM. Tv\u00e5 g\u00e5nger ska l\u00f6parna passera v\u00e5r k\u00e4ra m\u00f6rdarbacke, har andra ideella medm\u00e4nniskor best\u00e4mt. F\u00f6rsta tv\u00e5kilometersvarvet g\u00e5r p\u00e5 drygt sex minuter f\u00f6r g\u00f6tal\u00f6paren Andr\u00e9 Rangelind som leder. Sj\u00e4lva g\u00e5r vi inomhus i SISU-g\u00e5rden och best\u00e4ller kaffe och nygr\u00e4ddade v\u00e5fflor som ytterligare andra ideella medm\u00e4nniskor st\u00e5r och g\u00f6r i ordning f\u00f6r v\u00e5r skull.<\/p>\n<p><a href=\"https:\/\/sven-ove.nu\/wp-content\/uploads\/2012\/04\/Vad-\u00e4r-cirkelns-area1.jpg\"><img loading=\"lazy\" decoding=\"async\" class=\"alignright size-medium wp-image-1910\" title=\"Vad \u00e4r cirkelns area\" src=\"https:\/\/sven-ove.nu\/wp-content\/uploads\/2012\/04\/Vad-\u00e4r-cirkelns-area1-300x179.jpg\" alt=\"\" width=\"300\" height=\"179\" srcset=\"https:\/\/sven-ove.nu\/wp-content\/uploads\/2012\/04\/Vad-\u00e4r-cirkelns-area1-300x179.jpg 300w, https:\/\/sven-ove.nu\/wp-content\/uploads\/2012\/04\/Vad-\u00e4r-cirkelns-area1-1024x613.jpg 1024w\" sizes=\"auto, (max-width: 300px) 100vw, 300px\" \/><\/a>Det \u00e4r s\u00e5 mysigt n\u00e4r friluftsg\u00e5rden lever och kinderna \u00e4r rosiga, var jag \u00e4n \u00a0tittar. Vare sig f\u00e4rgen beror p\u00e5 rask promenad mellan tolv finurliga fr\u00e5gor, kappt\u00e4vling uppf\u00f6r m\u00f6rdarbacke eller varmt v\u00e5ffelj\u00e4rn.<\/p>\n<p>I Sverige jobbar varannan svensk ideellt och l\u00e4gger ner 16 timmar i m\u00e5naden p\u00e5 det. Det <a href=\"http:\/\/www.regeringen.se\/content\/1\/c6\/14\/31\/03\/0bd0a06d.pdf\">ideella arbetet<\/a> motsvarar 400 000 heltidsjobb och producerar tj\u00e4nster f\u00f6r 150 miljarder kronor varje \u00e5r. En praktisk vardagssolidaritet som \u00f6kar men s\u00e4llan f\u00e5r det ber\u00f6m den f\u00f6rtj\u00e4nar. Tack, ni som sliter f\u00f6r att v\u00e4rlden ska bli en b\u00e4ttre plats att leva p\u00e5!<\/p>\n<p>Vi klarade cirkelns area. Det var inte min f\u00f6rtj\u00e4nst.<\/p>\n","protected":false},"excerpt":{"rendered":"<p>Bes\u00f6ker v\u00e5r friluftsg\u00e5rd och trivs. L\u00e4ngs elljussp\u00e5ret har ideella medm\u00e4nniskor satt upp tipspromenadfr\u00e5gor, s\u00e5 vi ska f\u00e5 en chans att r\u00f6ra p\u00e5 hj\u00e4rncellerna. Hur stor blir cirkelns area? N\u00e4r vi kommer i m\u00e5l g\u00e5r starten f\u00f6r korta terr\u00e4ng-DM. Tv\u00e5 g\u00e5nger ska l\u00f6parna passera v\u00e5r k\u00e4ra m\u00f6rdarbacke, har andra ideella medm\u00e4nniskor best\u00e4mt. F\u00f6rsta tv\u00e5kilometersvarvet g\u00e5r p\u00e5 &hellip; <a href=\"https:\/\/sven-ove.nu\/?p=1903\" class=\"more-link\">Forts\u00e4tt l\u00e4sa <span class=\"screen-reader-text\">Hur stor blir cirkelns area?<\/span><\/a><\/p>\n","protected":false},"author":1,"featured_media":0,"comment_status":"open","ping_status":"open","sticky":false,"template":"","format":"standard","meta":{"_crdt_document":"","_monsterinsights_skip_tracking":false,"_monsterinsights_sitenote_active":false,"_monsterinsights_sitenote_note":"","_monsterinsights_sitenote_category":0,"footnotes":""},"categories":[5],"tags":[24,17],"class_list":["post-1903","post","type-post","status-publish","format-standard","hentry","category-lopning","tag-karlek","tag-solidaritet"],"_links":{"self":[{"href":"https:\/\/sven-ove.nu\/index.php?rest_route=\/wp\/v2\/posts\/1903","targetHints":{"allow":["GET"]}}],"collection":[{"href":"https:\/\/sven-ove.nu\/index.php?rest_route=\/wp\/v2\/posts"}],"about":[{"href":"https:\/\/sven-ove.nu\/index.php?rest_route=\/wp\/v2\/types\/post"}],"author":[{"embeddable":true,"href":"https:\/\/sven-ove.nu\/index.php?rest_route=\/wp\/v2\/users\/1"}],"replies":[{"embeddable":true,"href":"https:\/\/sven-ove.nu\/index.php?rest_route=%2Fwp%2Fv2%2Fcomments&post=1903"}],"version-history":[{"count":11,"href":"https:\/\/sven-ove.nu\/index.php?rest_route=\/wp\/v2\/posts\/1903\/revisions"}],"predecessor-version":[{"id":1917,"href":"https:\/\/sven-ove.nu\/index.php?rest_route=\/wp\/v2\/posts\/1903\/revisions\/1917"}],"wp:attachment":[{"href":"https:\/\/sven-ove.nu\/index.php?rest_route=%2Fwp%2Fv2%2Fmedia&parent=1903"}],"wp:term":[{"taxonomy":"category","embeddable":true,"href":"https:\/\/sven-ove.nu\/index.php?rest_route=%2Fwp%2Fv2%2Fcategories&post=1903"},{"taxonomy":"post_tag","embeddable":true,"href":"https:\/\/sven-ove.nu\/index.php?rest_route=%2Fwp%2Fv2%2Ftags&post=1903"}],"curies":[{"name":"wp","href":"https:\/\/api.w.org\/{rel}","templated":true}]}}