{"id":19040,"date":"2018-01-03T04:32:21","date_gmt":"2018-01-03T03:32:21","guid":{"rendered":"http:\/\/sven-ove.nu\/?p=19040"},"modified":"2018-01-04T08:39:29","modified_gmt":"2018-01-04T07:39:29","slug":"vem-bor-i-mitten","status":"publish","type":"post","link":"https:\/\/sven-ove.nu\/?p=19040","title":{"rendered":"Vem bor i mitten?"},"content":{"rendered":"<p><a href=\"https:\/\/sven-ove.nu\/wp-content\/uploads\/2018\/01\/Stadsryggs\u00e4cken.jpg\"><img loading=\"lazy\" decoding=\"async\" class=\"size-large wp-image-19042 alignnone\" src=\"https:\/\/sven-ove.nu\/wp-content\/uploads\/2018\/01\/Stadsryggs\u00e4cken-1024x1024.jpg\" alt=\"\" width=\"660\" height=\"660\" srcset=\"https:\/\/sven-ove.nu\/wp-content\/uploads\/2018\/01\/Stadsryggs\u00e4cken-1024x1024.jpg 1024w, https:\/\/sven-ove.nu\/wp-content\/uploads\/2018\/01\/Stadsryggs\u00e4cken-150x150.jpg 150w, https:\/\/sven-ove.nu\/wp-content\/uploads\/2018\/01\/Stadsryggs\u00e4cken-300x300.jpg 300w, https:\/\/sven-ove.nu\/wp-content\/uploads\/2018\/01\/Stadsryggs\u00e4cken-768x768.jpg 768w, https:\/\/sven-ove.nu\/wp-content\/uploads\/2018\/01\/Stadsryggs\u00e4cken.jpg 1280w\" sizes=\"auto, (max-width: 660px) 100vw, 660px\" \/><\/a><\/p>\n<blockquote><p>Du vet hur det \u00e4r. Det \u00e4r inte ditt v\u00e4der som best\u00e4mmer vad det ska st\u00e5 i rubrikerna. D\u00e5 f\u00e5r du lov att bo vid viktigare korsv\u00e4g.<\/p>\n<p>Viktor Root har hittat en sommardikt i h\u00f6gra termosfacket p\u00e5 sin stadsryggs\u00e4ck<strong>:<\/strong><\/p><\/blockquote>\n<h3><strong>Sanningen<\/strong> <strong>om<\/strong> <strong>tv<\/strong>&#8211;<strong>nyheterna<\/strong><\/h3>\n<p>N\u00e4r det duggregnar p\u00e5 Stureplan<br \/>\nblir det \u00f6versv\u00e4mning<br \/>\ni Aktuellt<\/p>\n<p>N\u00e4r det kommer 47 millimeter i R\u00f6rb\u00e4cksn\u00e4s<br \/>\n\u00e5 stora v\u00e4gen spolas bort i Sunnemo<br \/>\nf\u00e5r vi se solbadare vid R\u00e5lambshovsparken<\/p>\n<p>Det \u00e4r f\u00f6r att vi ska veta<br \/>\nv\u00e5r plats<br \/>\nVi som bor v\u00e4ldigt l\u00e5ngt bort<\/p>\n<p><em><strong>Viktor<\/strong> <strong>Root<\/strong><\/em><\/p>\n<p>&nbsp;<\/p>\n<p style=\"padding-left: 30px;\"><em>Stureplan &#8211; \u00f6ppen sten- och asfaltyta invid n\u00e4ringsst\u00e4llen, 430 kilometer sydost om Sveg.<br \/>\n<\/em><em>R\u00f6rb\u00e4cksn\u00e4s &#8211; by i v\u00e4stra Dalarna.<br \/>\n<\/em><em>Sunnemo &#8211; t\u00e4tort i mellersta V\u00e4rmland.<br \/>\n<\/em><em>R\u00e5lambshovsparken &#8211;\u00a0 gr\u00e4smatta vid bro, 240 kilometer \u00f6ster om Karlskoga.<\/em><\/p>\n<p><span style=\"color: #0000ff;\"><a style=\"color: #0000ff;\" href=\"https:\/\/sven-ove.nu\/\">Hem<\/a><\/span>\u00a0|\u00a0<span style=\"color: #0000ff;\"><a style=\"color: #0000ff;\" href=\"https:\/\/sven-ove.nu\/?page_id=170\">Om mig<\/a><\/span>\u00a0|\u00a0<span style=\"color: #0000ff;\"><a style=\"color: #0000ff;\" href=\"https:\/\/sven-ove.nu\/?page_id=1385\">Skriva &amp; prata<\/a><\/span>\u00a0|\u00a0<span style=\"color: #0000ff;\"><a style=\"color: #0000ff;\" href=\"https:\/\/sven-ove.nu\/?page_id=100\">Politik<\/a><\/span>\u00a0|\u00a0<span style=\"color: #0000ff;\"><a style=\"color: #0000ff;\" href=\"https:\/\/sven-ove.nu\/?page_id=102\">L\u00f6pa<\/a><\/span>\u00a0|\u00a0<span style=\"color: #0000ff;\"><a style=\"color: #0000ff;\" href=\"https:\/\/sven-ove.nu\/?page_id=108\">Viktor Root<\/a>\u00a0<\/span> <em>(c) Sven-Ove Svensson (dela g\u00e4rna)<\/em><\/p>\n","protected":false},"excerpt":{"rendered":"<p>Du vet hur det \u00e4r. Det \u00e4r inte ditt v\u00e4der som best\u00e4mmer vad det ska st\u00e5 i rubrikerna. D\u00e5 f\u00e5r du lov att bo vid viktigare korsv\u00e4g. Viktor Root har hittat en sommardikt i h\u00f6gra termosfacket p\u00e5 sin stadsryggs\u00e4ck: Sanningen om tv&#8211;nyheterna N\u00e4r det duggregnar p\u00e5 Stureplan blir det \u00f6versv\u00e4mning i Aktuellt N\u00e4r det kommer &hellip; <a href=\"https:\/\/sven-ove.nu\/?p=19040\" class=\"more-link\">Forts\u00e4tt l\u00e4sa <span class=\"screen-reader-text\">Vem bor i mitten?<\/span><\/a><\/p>\n","protected":false},"author":1,"featured_media":0,"comment_status":"open","ping_status":"open","sticky":false,"template":"","format":"standard","meta":{"_crdt_document":"","_monsterinsights_skip_tracking":false,"_monsterinsights_sitenote_active":false,"_monsterinsights_sitenote_note":"","_monsterinsights_sitenote_category":0,"footnotes":""},"categories":[9,4,11],"tags":[25,15],"class_list":["post-19040","post","type-post","status-publish","format-standard","hentry","category-politik","category-skrivande","category-viktor-root","tag-kartan","tag-mediedjungeln"],"_links":{"self":[{"href":"https:\/\/sven-ove.nu\/index.php?rest_route=\/wp\/v2\/posts\/19040","targetHints":{"allow":["GET"]}}],"collection":[{"href":"https:\/\/sven-ove.nu\/index.php?rest_route=\/wp\/v2\/posts"}],"about":[{"href":"https:\/\/sven-ove.nu\/index.php?rest_route=\/wp\/v2\/types\/post"}],"author":[{"embeddable":true,"href":"https:\/\/sven-ove.nu\/index.php?rest_route=\/wp\/v2\/users\/1"}],"replies":[{"embeddable":true,"href":"https:\/\/sven-ove.nu\/index.php?rest_route=%2Fwp%2Fv2%2Fcomments&post=19040"}],"version-history":[{"count":5,"href":"https:\/\/sven-ove.nu\/index.php?rest_route=\/wp\/v2\/posts\/19040\/revisions"}],"predecessor-version":[{"id":19046,"href":"https:\/\/sven-ove.nu\/index.php?rest_route=\/wp\/v2\/posts\/19040\/revisions\/19046"}],"wp:attachment":[{"href":"https:\/\/sven-ove.nu\/index.php?rest_route=%2Fwp%2Fv2%2Fmedia&parent=19040"}],"wp:term":[{"taxonomy":"category","embeddable":true,"href":"https:\/\/sven-ove.nu\/index.php?rest_route=%2Fwp%2Fv2%2Fcategories&post=19040"},{"taxonomy":"post_tag","embeddable":true,"href":"https:\/\/sven-ove.nu\/index.php?rest_route=%2Fwp%2Fv2%2Ftags&post=19040"}],"curies":[{"name":"wp","href":"https:\/\/api.w.org\/{rel}","templated":true}]}}