{"id":19052,"date":"2018-01-04T04:03:58","date_gmt":"2018-01-04T03:03:58","guid":{"rendered":"http:\/\/sven-ove.nu\/?p=19052"},"modified":"2018-01-04T11:01:32","modified_gmt":"2018-01-04T10:01:32","slug":"sju-stycken-dog","status":"publish","type":"post","link":"https:\/\/sven-ove.nu\/?p=19052","title":{"rendered":"Sju stycken dog"},"content":{"rendered":"<p>1957 hade jag m\u00e4sslingen, sex \u00e5r gammal. Utslagen k\u00e4ndes f\u00f6rf\u00e4rliga d\u00e4r jag satt bakom\u00a0nerdragna rullgardiner. Jag v\u00e5gade inte titta p\u00e5 mina armar som var helt t\u00e4ckta av r\u00f6d skrovlighet.<\/p>\n<p>Det \u00e5ret dog sju svenskar av sjukdomen. Hur m\u00e5nga som \u00f6verlevde men fick allvarliga men vet jag inte.<\/p>\n<p>Var solidarisk.<\/p>\n<p style=\"padding-left: 30px;\"><em><strong>Ledare<\/strong>: <span style=\"color: #0000ff;\"><a style=\"color: #0000ff;\" href=\"https:\/\/www.vf.se\/ledare\/egoism-hotar-barnen\/\">Egoism hotar barnen<br \/>\n<\/a><\/span><\/em><em><strong>L\u00e4kare<\/strong><\/em>:\u00a0<span style=\"color: #0000ff;\"><em><a style=\"color: #0000ff;\" href=\"http:\/\/www.gp.se\/nyheter\/debatt\/d\u00e4rf\u00f6r-f\u00e5r-myterna-om-vaccin-f\u00e4ste-hos-f\u00f6r\u00e4ldrar-1.5006167\">D\u00e4rf\u00f6r f\u00e5r myterna om vaccin f\u00e4ste hos f\u00f6r\u00e4ldrar<\/a><\/em><\/span><\/p>\n<p style=\"padding-left: 30px;\"><a href=\"https:\/\/sven-ove.nu\/wp-content\/uploads\/2018\/01\/Hallongrottor.jpg\"><img loading=\"lazy\" decoding=\"async\" class=\"size-thumbnail wp-image-19056 alignnone\" src=\"https:\/\/sven-ove.nu\/wp-content\/uploads\/2018\/01\/Hallongrottor-150x150.jpg\" alt=\"\" width=\"150\" height=\"150\" srcset=\"https:\/\/sven-ove.nu\/wp-content\/uploads\/2018\/01\/Hallongrottor-150x150.jpg 150w, https:\/\/sven-ove.nu\/wp-content\/uploads\/2018\/01\/Hallongrottor-300x300.jpg 300w, https:\/\/sven-ove.nu\/wp-content\/uploads\/2018\/01\/Hallongrottor-768x768.jpg 768w, https:\/\/sven-ove.nu\/wp-content\/uploads\/2018\/01\/Hallongrottor.jpg 1024w\" sizes=\"auto, (max-width: 150px) 100vw, 150px\" \/><\/a><\/p>\n<p><span style=\"color: #0000ff;\"><a style=\"color: #0000ff;\" href=\"https:\/\/sven-ove.nu\/\">Hem<\/a><\/span>\u00a0|\u00a0<span style=\"color: #0000ff;\"><a style=\"color: #0000ff;\" href=\"https:\/\/sven-ove.nu\/?page_id=170\">Om mig<\/a><\/span>\u00a0|\u00a0<span style=\"color: #0000ff;\"><a style=\"color: #0000ff;\" href=\"https:\/\/sven-ove.nu\/?page_id=1385\">Skriva &amp; prata<\/a><\/span>\u00a0|\u00a0<span style=\"color: #0000ff;\"><a style=\"color: #0000ff;\" href=\"https:\/\/sven-ove.nu\/?page_id=100\">Politik<\/a><\/span>\u00a0|\u00a0<span style=\"color: #0000ff;\"><a style=\"color: #0000ff;\" href=\"https:\/\/sven-ove.nu\/?page_id=102\">L\u00f6pa<\/a><\/span>\u00a0|\u00a0<span style=\"color: #0000ff;\"><a style=\"color: #0000ff;\" href=\"https:\/\/sven-ove.nu\/?page_id=108\">Viktor Root<\/a><\/span><br \/>\n<em>(c) Sven-Ove Svensson (dela g\u00e4rna)<\/em><\/p>\n","protected":false},"excerpt":{"rendered":"<p>1957 hade jag m\u00e4sslingen, sex \u00e5r gammal. Utslagen k\u00e4ndes f\u00f6rf\u00e4rliga d\u00e4r jag satt bakom\u00a0nerdragna rullgardiner. Jag v\u00e5gade inte titta p\u00e5 mina armar som var helt t\u00e4ckta av r\u00f6d skrovlighet. Det \u00e5ret dog sju svenskar av sjukdomen. Hur m\u00e5nga som \u00f6verlevde men fick allvarliga men vet jag inte. Var solidarisk. Ledare: Egoism hotar barnen L\u00e4kare:\u00a0D\u00e4rf\u00f6r f\u00e5r &hellip; <a href=\"https:\/\/sven-ove.nu\/?p=19052\" class=\"more-link\">Forts\u00e4tt l\u00e4sa <span class=\"screen-reader-text\">Sju stycken dog<\/span><\/a><\/p>\n","protected":false},"author":1,"featured_media":0,"comment_status":"open","ping_status":"open","sticky":false,"template":"","format":"standard","meta":{"_crdt_document":"","_monsterinsights_skip_tracking":false,"_monsterinsights_sitenote_active":false,"_monsterinsights_sitenote_note":"","_monsterinsights_sitenote_category":0,"footnotes":""},"categories":[10],"tags":[17],"class_list":["post-19052","post","type-post","status-publish","format-standard","hentry","category-familjen","tag-solidaritet"],"_links":{"self":[{"href":"https:\/\/sven-ove.nu\/index.php?rest_route=\/wp\/v2\/posts\/19052","targetHints":{"allow":["GET"]}}],"collection":[{"href":"https:\/\/sven-ove.nu\/index.php?rest_route=\/wp\/v2\/posts"}],"about":[{"href":"https:\/\/sven-ove.nu\/index.php?rest_route=\/wp\/v2\/types\/post"}],"author":[{"embeddable":true,"href":"https:\/\/sven-ove.nu\/index.php?rest_route=\/wp\/v2\/users\/1"}],"replies":[{"embeddable":true,"href":"https:\/\/sven-ove.nu\/index.php?rest_route=%2Fwp%2Fv2%2Fcomments&post=19052"}],"version-history":[{"count":11,"href":"https:\/\/sven-ove.nu\/index.php?rest_route=\/wp\/v2\/posts\/19052\/revisions"}],"predecessor-version":[{"id":19064,"href":"https:\/\/sven-ove.nu\/index.php?rest_route=\/wp\/v2\/posts\/19052\/revisions\/19064"}],"wp:attachment":[{"href":"https:\/\/sven-ove.nu\/index.php?rest_route=%2Fwp%2Fv2%2Fmedia&parent=19052"}],"wp:term":[{"taxonomy":"category","embeddable":true,"href":"https:\/\/sven-ove.nu\/index.php?rest_route=%2Fwp%2Fv2%2Fcategories&post=19052"},{"taxonomy":"post_tag","embeddable":true,"href":"https:\/\/sven-ove.nu\/index.php?rest_route=%2Fwp%2Fv2%2Ftags&post=19052"}],"curies":[{"name":"wp","href":"https:\/\/api.w.org\/{rel}","templated":true}]}}