{"id":19065,"date":"2018-01-06T03:55:56","date_gmt":"2018-01-06T02:55:56","guid":{"rendered":"http:\/\/sven-ove.nu\/?p=19065"},"modified":"2018-01-04T18:58:54","modified_gmt":"2018-01-04T17:58:54","slug":"da-tands-dar-liksom-ett-ljus-i-vara-ogon","status":"publish","type":"post","link":"https:\/\/sven-ove.nu\/?p=19065","title":{"rendered":"D\u00e5 t\u00e4nds d\u00e4r liksom ett ljus i v\u00e5ra \u00f6gon"},"content":{"rendered":"<p><a href=\"https:\/\/sven-ove.nu\/wp-content\/uploads\/2018\/01\/L\u00f6sn\u00e4sa-och-penna.jpg\"><img loading=\"lazy\" decoding=\"async\" class=\"size-medium wp-image-19069 alignnone\" src=\"https:\/\/sven-ove.nu\/wp-content\/uploads\/2018\/01\/L\u00f6sn\u00e4sa-och-penna-300x300.jpg\" alt=\"\" width=\"300\" height=\"300\" srcset=\"https:\/\/sven-ove.nu\/wp-content\/uploads\/2018\/01\/L\u00f6sn\u00e4sa-och-penna-300x300.jpg 300w, https:\/\/sven-ove.nu\/wp-content\/uploads\/2018\/01\/L\u00f6sn\u00e4sa-och-penna-150x150.jpg 150w, https:\/\/sven-ove.nu\/wp-content\/uploads\/2018\/01\/L\u00f6sn\u00e4sa-och-penna-768x768.jpg 768w, https:\/\/sven-ove.nu\/wp-content\/uploads\/2018\/01\/L\u00f6sn\u00e4sa-och-penna.jpg 1024w\" sizes=\"auto, (max-width: 300px) 100vw, 300px\" \/><\/a><\/p>\n<p>Byter bl\u00f6ja p\u00e5 ung medborgare s\u00e5 bajset st\u00e4nker. D\u00e5 ser ungen p\u00e5 sk\u00f6tbordet lurig ut och b\u00f6rjar pl\u00f6tsligt sjunga: <em>\u201d\u2026 \u00e5 d\u00e5 ska han skjutas, \u00e5 d\u00e5 ska han skjutas, \u00e5 d\u00e5 ska han skjutas p\u00e5 en skottk\u00e4rra fram!\u201d.<\/em> I n\u00e4sta \u00f6gonblick skrattar han ett p\u00e4rlande skratt, tills vi b\u00e5da bryter ihop och f\u00e5r avbryta \u00f6vningen.<\/p>\n<p>N\u00e5, bl\u00f6jan m\u00e5ste ju bytas, vi \u00e5terupptar arbetet, fnittriga. D\u00e5 kommer den luriga blicken tillbaka och ny h\u00f6gljudd s\u00e5ng ekar genom huset, utan att en enda en i grannskapet fyller \u00e5r: <em>\u201dH\u00e4ppi b\u00f6fd\u00e4j to jo, h\u00e4ppi b\u00f6fd\u00e4j to jo\u201d.<\/em><\/p>\n<p>Nytt p\u00e4rlande skratt och en bytare och byting som skrattar ikapp igen. Astrid Lindgren visste vad hon skrev. N\u00e4r tv\u00e5 sm\u00e5 gossar av samma skrot och korn tr\u00e4ffas, s\u00e5 t\u00e4nds d\u00e4r liksom ett ljus i deras \u00f6gon.<\/p>\n<p><em><span style=\"color: #ff6600;\"><strong>###<\/strong><\/span> Inte vet jag om en kan l\u00e4ra sig att ha humor. Det f\u00f6ds du nog med.<br \/>\n<\/em><em><span style=\"color: #ff6600;\"><strong>###<\/strong><\/span> Men du kan definitivt tr\u00e4na p\u00e5 att anv\u00e4nda den humor du f\u00e5tt.<br \/>\n<\/em><em><span style=\"color: #ff6600;\"><strong>###<\/strong><\/span> Det g\u00f6r mina sm\u00e5 v\u00e4nner och jag dagligen och stundligen n\u00e4r vi tr\u00e4ffas.<\/em><\/p>\n<p><em>Det \u00e4r s\u00e5 att vi ska kunna prata allvar.<\/em><\/p>\n<p><span style=\"color: #0000ff;\"><a style=\"color: #0000ff;\" href=\"https:\/\/sven-ove.nu\/\">Hem<\/a><\/span>\u00a0|\u00a0<span style=\"color: #0000ff;\"><a style=\"color: #0000ff;\" href=\"https:\/\/sven-ove.nu\/?page_id=170\">Om mig<\/a><\/span>\u00a0|\u00a0<span style=\"color: #0000ff;\"><a style=\"color: #0000ff;\" href=\"https:\/\/sven-ove.nu\/?page_id=1385\">Skriva &amp; prata<\/a><\/span>\u00a0|\u00a0<span style=\"color: #0000ff;\"><a style=\"color: #0000ff;\" href=\"https:\/\/sven-ove.nu\/?page_id=100\">Politik<\/a><\/span>\u00a0|\u00a0<span style=\"color: #0000ff;\"><a style=\"color: #0000ff;\" href=\"https:\/\/sven-ove.nu\/?page_id=102\">L\u00f6pa<\/a><\/span>\u00a0|\u00a0<span style=\"color: #0000ff;\"><a style=\"color: #0000ff;\" href=\"https:\/\/sven-ove.nu\/?page_id=108\">Viktor Root<\/a><\/span><br \/>\n<em>(c) Sven-Ove Svensson (dela g\u00e4rna)<\/em><\/p>\n","protected":false},"excerpt":{"rendered":"<p>Byter bl\u00f6ja p\u00e5 ung medborgare s\u00e5 bajset st\u00e4nker. D\u00e5 ser ungen p\u00e5 sk\u00f6tbordet lurig ut och b\u00f6rjar pl\u00f6tsligt sjunga: \u201d\u2026 \u00e5 d\u00e5 ska han skjutas, \u00e5 d\u00e5 ska han skjutas, \u00e5 d\u00e5 ska han skjutas p\u00e5 en skottk\u00e4rra fram!\u201d. I n\u00e4sta \u00f6gonblick skrattar han ett p\u00e4rlande skratt, tills vi b\u00e5da bryter ihop och f\u00e5r avbryta &hellip; <a href=\"https:\/\/sven-ove.nu\/?p=19065\" class=\"more-link\">Forts\u00e4tt l\u00e4sa <span class=\"screen-reader-text\">D\u00e5 t\u00e4nds d\u00e4r liksom ett ljus i v\u00e5ra \u00f6gon<\/span><\/a><\/p>\n","protected":false},"author":1,"featured_media":0,"comment_status":"open","ping_status":"open","sticky":false,"template":"","format":"standard","meta":{"_crdt_document":"","_monsterinsights_skip_tracking":false,"_monsterinsights_sitenote_active":false,"_monsterinsights_sitenote_note":"","_monsterinsights_sitenote_category":0,"footnotes":""},"categories":[10,28],"tags":[24,18],"class_list":["post-19065","post","type-post","status-publish","format-standard","hentry","category-familjen","category-kreativt-folk","tag-karlek","tag-lardomar"],"_links":{"self":[{"href":"https:\/\/sven-ove.nu\/index.php?rest_route=\/wp\/v2\/posts\/19065","targetHints":{"allow":["GET"]}}],"collection":[{"href":"https:\/\/sven-ove.nu\/index.php?rest_route=\/wp\/v2\/posts"}],"about":[{"href":"https:\/\/sven-ove.nu\/index.php?rest_route=\/wp\/v2\/types\/post"}],"author":[{"embeddable":true,"href":"https:\/\/sven-ove.nu\/index.php?rest_route=\/wp\/v2\/users\/1"}],"replies":[{"embeddable":true,"href":"https:\/\/sven-ove.nu\/index.php?rest_route=%2Fwp%2Fv2%2Fcomments&post=19065"}],"version-history":[{"count":3,"href":"https:\/\/sven-ove.nu\/index.php?rest_route=\/wp\/v2\/posts\/19065\/revisions"}],"predecessor-version":[{"id":19070,"href":"https:\/\/sven-ove.nu\/index.php?rest_route=\/wp\/v2\/posts\/19065\/revisions\/19070"}],"wp:attachment":[{"href":"https:\/\/sven-ove.nu\/index.php?rest_route=%2Fwp%2Fv2%2Fmedia&parent=19065"}],"wp:term":[{"taxonomy":"category","embeddable":true,"href":"https:\/\/sven-ove.nu\/index.php?rest_route=%2Fwp%2Fv2%2Fcategories&post=19065"},{"taxonomy":"post_tag","embeddable":true,"href":"https:\/\/sven-ove.nu\/index.php?rest_route=%2Fwp%2Fv2%2Ftags&post=19065"}],"curies":[{"name":"wp","href":"https:\/\/api.w.org\/{rel}","templated":true}]}}