{"id":19077,"date":"2018-01-11T04:01:08","date_gmt":"2018-01-11T03:01:08","guid":{"rendered":"http:\/\/sven-ove.nu\/?p=19077"},"modified":"2018-02-11T11:53:40","modified_gmt":"2018-02-11T10:53:40","slug":"19077","status":"publish","type":"post","link":"https:\/\/sven-ove.nu\/?p=19077","title":{"rendered":"Tr\u00e4nar p\u00e5 att st\u00e4lla in osk\u00e4rpa"},"content":{"rendered":"<p><a href=\"https:\/\/sven-ove.nu\/wp-content\/uploads\/2018\/01\/Osk\u00e4rpa.jpg\"><img loading=\"lazy\" decoding=\"async\" class=\"size-large wp-image-19079 alignnone\" src=\"https:\/\/sven-ove.nu\/wp-content\/uploads\/2018\/01\/Osk\u00e4rpa-1024x682.jpg\" alt=\"\" width=\"660\" height=\"440\" srcset=\"https:\/\/sven-ove.nu\/wp-content\/uploads\/2018\/01\/Osk\u00e4rpa-1024x682.jpg 1024w, https:\/\/sven-ove.nu\/wp-content\/uploads\/2018\/01\/Osk\u00e4rpa-300x200.jpg 300w, https:\/\/sven-ove.nu\/wp-content\/uploads\/2018\/01\/Osk\u00e4rpa-768x512.jpg 768w, https:\/\/sven-ove.nu\/wp-content\/uploads\/2018\/01\/Osk\u00e4rpa.jpg 1280w\" sizes=\"auto, (max-width: 660px) 100vw, 660px\" \/><\/a><\/p>\n<blockquote><p>Tr\u00e4nar p\u00e5 att st\u00e4lla in osk\u00e4rpa med nya objektivet. Det g\u00e5r bra.<\/p><\/blockquote>\n<p>Inte en linje skarp.<\/p>\n<p>I morgon ska jag b\u00f6rja tr\u00e4na p\u00e5 sk\u00e4rpan.<\/p>\n<p><strong>Vad v\u00e4rnar de?<br \/>\n<\/strong>Tystnaden finns bara i ett exemplar. Den \u00e4kta tystnaden t\u00e4nker jag p\u00e5. \u00c4r det likadant med sk\u00e4rpan? Jag b\u00f6rjar tro det.<\/p>\n<p>Osk\u00e4rpa d\u00e4remot finns i flertal. Jag har tv\u00e5 partier som jag vill ska st\u00e5 mig n\u00e4ra. Det hj\u00e4lper inte. Vissa dagar g\u00f6r b\u00e5da tv\u00e5 vad de kan f\u00f6r att v\u00e4rna det otydliga. Regionalt, lokalt eller p\u00e5 riksplanet &#8211; det varierar &#8211; men resultatet blir: ingen skarp linje.<\/p>\n<p>B\u00e5da har f\u00e5tt en sl\u00e4ng av DSVS, Det Svenska Val\u00e5rets Sj\u00e4lvskadebeteende.\u00a0Ett parti med skolade medlemmar b\u00f6r ha ett effektivt autofokus. S\u00e5nt ska sitta i ryggm\u00e4rgen.<\/p>\n<p>Sj\u00e4lv g\u00f6r jag det \u00e5tminstone bara p\u00e5 lek.<\/p>\n<p><em><span style=\"color: #ff6600;\"><strong>###<\/strong><\/span> Strejkf\u00f6rbud (S).<br \/>\n<\/em><em><span style=\"color: #ff6600;\"><strong>###<\/strong><\/span> 150 l\u00e4genheter som \u00e4ter upp sista str\u00f6vomr\u00e5det vid \u00e4lven (S, Forshaga). Staket runt b\u00e4sta V\u00e4nerstranden (IOIK, Inst\u00e4mmande oppositionen i Karlstad).<br \/>\n<\/em><em><span style=\"color: #ff6600;\"><strong>###<\/strong><\/span> Medlemsbr\u00e5k inf\u00f6r \u00f6ppen rid\u00e5 (V).<\/em><\/p>\n<p><span style=\"color: #0000ff;\"><a style=\"color: #0000ff;\" href=\"https:\/\/sven-ove.nu\/\">Hem<\/a><\/span>\u00a0|\u00a0<span style=\"color: #0000ff;\"><a style=\"color: #0000ff;\" href=\"https:\/\/sven-ove.nu\/?page_id=170\">Om mig<\/a><\/span>\u00a0|\u00a0<span style=\"color: #0000ff;\"><a style=\"color: #0000ff;\" href=\"https:\/\/sven-ove.nu\/?page_id=1385\">Skriva &amp; prata<\/a><\/span>\u00a0|\u00a0<span style=\"color: #0000ff;\"><a style=\"color: #0000ff;\" href=\"https:\/\/sven-ove.nu\/?page_id=100\">Politik<\/a><\/span>\u00a0|\u00a0<span style=\"color: #0000ff;\"><a style=\"color: #0000ff;\" href=\"https:\/\/sven-ove.nu\/?page_id=102\">L\u00f6pa<\/a><\/span>\u00a0|\u00a0<span style=\"color: #0000ff;\"><a style=\"color: #0000ff;\" href=\"https:\/\/sven-ove.nu\/?page_id=108\">Viktor Root<\/a><\/span><br \/>\n<em>(c) Sven-Ove Svensson (dela g\u00e4rna)<\/em><\/p>\n","protected":false},"excerpt":{"rendered":"<p>Tr\u00e4nar p\u00e5 att st\u00e4lla in osk\u00e4rpa med nya objektivet. Det g\u00e5r bra. Inte en linje skarp. I morgon ska jag b\u00f6rja tr\u00e4na p\u00e5 sk\u00e4rpan. Vad v\u00e4rnar de? Tystnaden finns bara i ett exemplar. Den \u00e4kta tystnaden t\u00e4nker jag p\u00e5. \u00c4r det likadant med sk\u00e4rpan? Jag b\u00f6rjar tro det. Osk\u00e4rpa d\u00e4remot finns i flertal. Jag har &hellip; <a href=\"https:\/\/sven-ove.nu\/?p=19077\" class=\"more-link\">Forts\u00e4tt l\u00e4sa <span class=\"screen-reader-text\">Tr\u00e4nar p\u00e5 att st\u00e4lla in osk\u00e4rpa<\/span><\/a><\/p>\n","protected":false},"author":1,"featured_media":0,"comment_status":"open","ping_status":"open","sticky":false,"template":"","format":"standard","meta":{"_crdt_document":"","_monsterinsights_skip_tracking":false,"_monsterinsights_sitenote_active":false,"_monsterinsights_sitenote_note":"","_monsterinsights_sitenote_category":0,"footnotes":""},"categories":[34,6,9],"tags":[13],"class_list":["post-19077","post","type-post","status-publish","format-standard","hentry","category-foto","category-natur","category-politik","tag-utrustning"],"_links":{"self":[{"href":"https:\/\/sven-ove.nu\/index.php?rest_route=\/wp\/v2\/posts\/19077","targetHints":{"allow":["GET"]}}],"collection":[{"href":"https:\/\/sven-ove.nu\/index.php?rest_route=\/wp\/v2\/posts"}],"about":[{"href":"https:\/\/sven-ove.nu\/index.php?rest_route=\/wp\/v2\/types\/post"}],"author":[{"embeddable":true,"href":"https:\/\/sven-ove.nu\/index.php?rest_route=\/wp\/v2\/users\/1"}],"replies":[{"embeddable":true,"href":"https:\/\/sven-ove.nu\/index.php?rest_route=%2Fwp%2Fv2%2Fcomments&post=19077"}],"version-history":[{"count":6,"href":"https:\/\/sven-ove.nu\/index.php?rest_route=\/wp\/v2\/posts\/19077\/revisions"}],"predecessor-version":[{"id":19084,"href":"https:\/\/sven-ove.nu\/index.php?rest_route=\/wp\/v2\/posts\/19077\/revisions\/19084"}],"wp:attachment":[{"href":"https:\/\/sven-ove.nu\/index.php?rest_route=%2Fwp%2Fv2%2Fmedia&parent=19077"}],"wp:term":[{"taxonomy":"category","embeddable":true,"href":"https:\/\/sven-ove.nu\/index.php?rest_route=%2Fwp%2Fv2%2Fcategories&post=19077"},{"taxonomy":"post_tag","embeddable":true,"href":"https:\/\/sven-ove.nu\/index.php?rest_route=%2Fwp%2Fv2%2Ftags&post=19077"}],"curies":[{"name":"wp","href":"https:\/\/api.w.org\/{rel}","templated":true}]}}