{"id":19131,"date":"2018-01-24T04:06:39","date_gmt":"2018-01-24T03:06:39","guid":{"rendered":"http:\/\/sven-ove.nu\/?p=19131"},"modified":"2018-01-23T23:49:38","modified_gmt":"2018-01-23T22:49:38","slug":"19131","status":"publish","type":"post","link":"https:\/\/sven-ove.nu\/?p=19131","title":{"rendered":"Varf\u00f6r g\u00f6r jag inte detta j\u00e4mt?"},"content":{"rendered":"<p><a href=\"https:\/\/sven-ove.nu\/wp-content\/uploads\/2018\/01\/P\u00e5-sp\u00e5ret.jpg\"><img loading=\"lazy\" decoding=\"async\" class=\"size-large wp-image-19135 alignnone\" src=\"https:\/\/sven-ove.nu\/wp-content\/uploads\/2018\/01\/P\u00e5-sp\u00e5ret-1024x1024.jpg\" alt=\"\" width=\"660\" height=\"660\" srcset=\"https:\/\/sven-ove.nu\/wp-content\/uploads\/2018\/01\/P\u00e5-sp\u00e5ret-1024x1024.jpg 1024w, https:\/\/sven-ove.nu\/wp-content\/uploads\/2018\/01\/P\u00e5-sp\u00e5ret-150x150.jpg 150w, https:\/\/sven-ove.nu\/wp-content\/uploads\/2018\/01\/P\u00e5-sp\u00e5ret-300x300.jpg 300w, https:\/\/sven-ove.nu\/wp-content\/uploads\/2018\/01\/P\u00e5-sp\u00e5ret-768x768.jpg 768w\" sizes=\"auto, (max-width: 660px) 100vw, 660px\" \/><\/a><\/p>\n<blockquote><p>Tolv\u00e5ringen i mig skulle ha sk\u00e4mts. Men nu \u00e4r det gjort. Nypremi\u00e4r. Varf\u00f6r g\u00f6r jag inte detta j\u00e4mt?<\/p><\/blockquote>\n<p>F\u00f6ret och sp\u00e5ret \u00e4r rena dr\u00f6mmen n\u00e4r vi glider nerf\u00f6r f\u00f6rsta backen efter bron \u00f6ver riksv\u00e4gen. Det \u00e4r tisdag, tre grader kallt och varenda gran b\u00e4r vit kjol. D\u00e5 ser jag honom, bromsar in och ropar p\u00e5 kamraten. En \u00e4lgtjur ligger och vilar ute p\u00e5 g\u00e4rdet bredvid oss. N\u00e4r jag ropat ett par g\u00e5nger till v\u00e4nnen som \u00e5ker\u00a0f\u00f6re reser sig tjuren och skakar av sig sn\u00f6n. D\u00e5 ser jag att det \u00e4r en \u00e4lgko ocks\u00e5\u00a0bredvid diket. I beh\u00e4rskad \u00e4lgtakt travar de v\u00e4sterut mot skogen. Stannar d\u00e5 och d\u00e5 och studerar oss. Vi ser farliga ut. De vet inte att vi \u00e4r fredligast i tv\u00e5 kyrksocknar.<\/p>\n<p>Det \u00e4r en s\u00e5dan dag. Dr\u00f6mf\u00f6re, s\u00e4kert det b\u00e4sta jag upplevt under mitt andra millennium.<\/p>\n<p>D\u00e4rf\u00f6r sk\u00e4ms tolv\u00e5ringen i mig. Han som tr\u00e4nade och t\u00e4vlade s\u00e5 mycket och stod med n\u00e4san mot rutan mest varenda kv\u00e4ll fr\u00e5n november och fram\u00e5t. <em>&#8221;Ska vi f\u00e5 n\u00e5n sn\u00f6?&#8221;.<\/em><\/p>\n<p><strong>En g\u00e5va<br \/>\n<\/strong>F\u00e5. Sn\u00f6 \u00e4r en g\u00e5va. Granar ska ha bullig kjol s\u00e5h\u00e4r \u00e5rs. Milbanor ska vara uppk\u00f6rda s\u00e5 h\u00e4r \u00e5rs. Nu \u00e4r milen det. Uppk\u00f6rd. Sp\u00e5rmakarna har gjort ett perfekt jobb, f\u00e4stvallan \u00e4r exakt och glidet b\u00e4ttre \u00e4nd\u00e5. Dr\u00f6mtur.<\/p>\n<p style=\"padding-left: 30px;\"><a href=\"https:\/\/sven-ove.nu\/wp-content\/uploads\/2018\/01\/Tr\u00e4d-med-kjol.jpg\"><img loading=\"lazy\" decoding=\"async\" class=\"size-medium wp-image-19137 alignnone\" src=\"https:\/\/sven-ove.nu\/wp-content\/uploads\/2018\/01\/Tr\u00e4d-med-kjol-300x300.jpg\" alt=\"\" width=\"300\" height=\"300\" srcset=\"https:\/\/sven-ove.nu\/wp-content\/uploads\/2018\/01\/Tr\u00e4d-med-kjol-300x300.jpg 300w, https:\/\/sven-ove.nu\/wp-content\/uploads\/2018\/01\/Tr\u00e4d-med-kjol-150x150.jpg 150w, https:\/\/sven-ove.nu\/wp-content\/uploads\/2018\/01\/Tr\u00e4d-med-kjol-768x768.jpg 768w, https:\/\/sven-ove.nu\/wp-content\/uploads\/2018\/01\/Tr\u00e4d-med-kjol-1024x1024.jpg 1024w\" sizes=\"auto, (max-width: 300px) 100vw, 300px\" \/><\/a><\/p>\n<p>\u00c4nd\u00e5 \u00e4r det flera \u00e5r sedan jag stod p\u00e5 mina Peltonen. <em>&#8221;Pelle Peltonen&#8221;<\/em> kallar kamraten mig.<\/p>\n<p>Jag borde g\u00f6ra detta oftare. Det \u00e4r en s\u00e5dan lycka att str\u00e4cka ut i vita sp\u00e5r, en s\u00e5dan gl\u00e4dje n\u00e4r varje bentag f\u00e4ster och stavarna vill fram\u00e5t med lust och liv.<\/p>\n<p><strong>\u00c4nnu b\u00e4ttre \u00e4n sn\u00f6puls<br \/>\n<\/strong>Asch, nu slutar jag sk\u00e4mmas. Jag \u00e4r ju ute nu. Det \u00e4r skoj att springa i decimetertjock sn\u00f6 men att \u00e5ka skidor p\u00e5 30 centimeter vitt p\u00e5l\u00e4gg p\u00e5 landskapet \u00e4r \u00e4nnu b\u00e4ttre.<\/p>\n<p>Jag frustar av \u00e5klust varje g\u00e5ng kamraten stannar och vill prata. Det som vi trots allt \u00e4r b\u00e4ttre p\u00e5 \u00e4n att \u00e5ka skidor.<\/p>\n<p>Nu glider vi igen. Plogar f\u00f6rsiktigt i den l\u00e5nga utf\u00f6rsl\u00f6pan, eftersom vi inte vet hur fort det ska g\u00e5 l\u00e4ngst ner just i dag med blanka sp\u00e5r p\u00e5 natursn\u00f6. Rycker kraftfullt som den v\u00e4rsta Juha Mieto uppf\u00f6r en och annan slakmota. Stannar med tr\u00f6tta armar mitt i f\u00f6rsta m\u00f6rdarbacken. Det \u00e4r ingen tr\u00e4ningsrunda vi \u00e4r ute p\u00e5, det \u00e4r veckans gubbpromenad, visserligen med skidor p\u00e5 f\u00f6tterna.<\/p>\n<p>Nu pratar vi igen. <em>&#8221;Har du t\u00e4nkt p\u00e5 att &#8230;&#8221;.<\/em><\/p>\n<p style=\"padding-left: 30px;\"><a href=\"https:\/\/sven-ove.nu\/wp-content\/uploads\/2018\/01\/Sp\u00e5rsv\u00e4ng.jpg\"><img loading=\"lazy\" decoding=\"async\" class=\"size-medium wp-image-19139 alignnone\" src=\"https:\/\/sven-ove.nu\/wp-content\/uploads\/2018\/01\/Sp\u00e5rsv\u00e4ng-300x300.jpg\" alt=\"\" width=\"300\" height=\"300\" srcset=\"https:\/\/sven-ove.nu\/wp-content\/uploads\/2018\/01\/Sp\u00e5rsv\u00e4ng-300x300.jpg 300w, https:\/\/sven-ove.nu\/wp-content\/uploads\/2018\/01\/Sp\u00e5rsv\u00e4ng-150x150.jpg 150w, https:\/\/sven-ove.nu\/wp-content\/uploads\/2018\/01\/Sp\u00e5rsv\u00e4ng-768x768.jpg 768w, https:\/\/sven-ove.nu\/wp-content\/uploads\/2018\/01\/Sp\u00e5rsv\u00e4ng-1024x1024.jpg 1024w, https:\/\/sven-ove.nu\/wp-content\/uploads\/2018\/01\/Sp\u00e5rsv\u00e4ng.jpg 1280w\" sizes=\"auto, (max-width: 300px) 100vw, 300px\" \/><\/a><\/p>\n<p><strong>Samma ord i mejlen<br \/>\n<\/strong>I mejlen till den tredje kamraten, han som inte kunde vara med i dag, anv\u00e4nder vi samma ord, b\u00e5da tv\u00e5:<\/p>\n<p style=\"padding-left: 30px;\"><em>Lycka.<\/em><\/p>\n<p>Sista biten hem fr\u00e5n friluftsg\u00e5rden genar vi genom skogen mellan mjuka tuvor, lurviga granar och nedtyngda bj\u00f6rkar. Min skog \u00e4r festkl\u00e4dd, det st\u00e5r &#8221;januari&#8221; p\u00e5 terr\u00e4ngl\u00e5dan.<\/p>\n<p style=\"padding-left: 30px;\"><em>Lycka.<\/em><\/p>\n<p>Vit fin 30 centimeters lycka.<\/p>\n<p>&nbsp;<\/p>\n<div style=\"width: 660px;\" class=\"wp-video\"><video class=\"wp-video-shortcode\" id=\"video-19131-1\" width=\"660\" height=\"371\" preload=\"metadata\" controls=\"controls\"><source type=\"video\/mp4\" src=\"https:\/\/sven-ove.nu\/wp-content\/uploads\/2018\/01\/Dr\u00f6mtur.mp4?_=1\" \/><a href=\"https:\/\/sven-ove.nu\/wp-content\/uploads\/2018\/01\/Dr\u00f6mtur.mp4\">https:\/\/sven-ove.nu\/wp-content\/uploads\/2018\/01\/Dr\u00f6mtur.mp4<\/a><\/video><\/div>\n<p style=\"padding-left: 30px;\"><em>Stilla glidtur p\u00e5 dr\u00f6munderlaget.<\/em><\/p>\n<p><span style=\"color: #0000ff;\"><a style=\"color: #0000ff;\" href=\"https:\/\/sven-ove.nu\/\">Hem<\/a><\/span>\u00a0|\u00a0<span style=\"color: #0000ff;\"><a style=\"color: #0000ff;\" href=\"https:\/\/sven-ove.nu\/?page_id=170\">Om mig<\/a><\/span>\u00a0|\u00a0<span style=\"color: #0000ff;\"><a style=\"color: #0000ff;\" href=\"https:\/\/sven-ove.nu\/?page_id=1385\">Skriva &amp; prata<\/a><\/span>\u00a0|\u00a0<span style=\"color: #0000ff;\"><a style=\"color: #0000ff;\" href=\"https:\/\/sven-ove.nu\/?page_id=100\">Politik<\/a><\/span>\u00a0|\u00a0<span style=\"color: #0000ff;\"><a style=\"color: #0000ff;\" href=\"https:\/\/sven-ove.nu\/?page_id=102\">L\u00f6pa<\/a><\/span>\u00a0|\u00a0<span style=\"color: #0000ff;\"><a style=\"color: #0000ff;\" href=\"https:\/\/sven-ove.nu\/?page_id=108\">Viktor Root<\/a><\/span><br \/>\n<em>(c) Sven-Ove Svensson (men dela g\u00e4rna)<\/em><\/p>\n","protected":false},"excerpt":{"rendered":"<p>Tolv\u00e5ringen i mig skulle ha sk\u00e4mts. Men nu \u00e4r det gjort. Nypremi\u00e4r. Varf\u00f6r g\u00f6r jag inte detta j\u00e4mt? F\u00f6ret och sp\u00e5ret \u00e4r rena dr\u00f6mmen n\u00e4r vi glider nerf\u00f6r f\u00f6rsta backen efter bron \u00f6ver riksv\u00e4gen. Det \u00e4r tisdag, tre grader kallt och varenda gran b\u00e4r vit kjol. D\u00e5 ser jag honom, bromsar in och ropar p\u00e5 &hellip; <a href=\"https:\/\/sven-ove.nu\/?p=19131\" class=\"more-link\">Forts\u00e4tt l\u00e4sa <span class=\"screen-reader-text\">Varf\u00f6r g\u00f6r jag inte detta j\u00e4mt?<\/span><\/a><\/p>\n","protected":false},"author":1,"featured_media":0,"comment_status":"open","ping_status":"open","sticky":false,"template":"","format":"standard","meta":{"_crdt_document":"","_monsterinsights_skip_tracking":false,"_monsterinsights_sitenote_active":false,"_monsterinsights_sitenote_note":"","_monsterinsights_sitenote_category":0,"footnotes":""},"categories":[6],"tags":[24,13],"class_list":["post-19131","post","type-post","status-publish","format-standard","hentry","category-natur","tag-karlek","tag-utrustning"],"_links":{"self":[{"href":"https:\/\/sven-ove.nu\/index.php?rest_route=\/wp\/v2\/posts\/19131","targetHints":{"allow":["GET"]}}],"collection":[{"href":"https:\/\/sven-ove.nu\/index.php?rest_route=\/wp\/v2\/posts"}],"about":[{"href":"https:\/\/sven-ove.nu\/index.php?rest_route=\/wp\/v2\/types\/post"}],"author":[{"embeddable":true,"href":"https:\/\/sven-ove.nu\/index.php?rest_route=\/wp\/v2\/users\/1"}],"replies":[{"embeddable":true,"href":"https:\/\/sven-ove.nu\/index.php?rest_route=%2Fwp%2Fv2%2Fcomments&post=19131"}],"version-history":[{"count":13,"href":"https:\/\/sven-ove.nu\/index.php?rest_route=\/wp\/v2\/posts\/19131\/revisions"}],"predecessor-version":[{"id":19151,"href":"https:\/\/sven-ove.nu\/index.php?rest_route=\/wp\/v2\/posts\/19131\/revisions\/19151"}],"wp:attachment":[{"href":"https:\/\/sven-ove.nu\/index.php?rest_route=%2Fwp%2Fv2%2Fmedia&parent=19131"}],"wp:term":[{"taxonomy":"category","embeddable":true,"href":"https:\/\/sven-ove.nu\/index.php?rest_route=%2Fwp%2Fv2%2Fcategories&post=19131"},{"taxonomy":"post_tag","embeddable":true,"href":"https:\/\/sven-ove.nu\/index.php?rest_route=%2Fwp%2Fv2%2Ftags&post=19131"}],"curies":[{"name":"wp","href":"https:\/\/api.w.org\/{rel}","templated":true}]}}