{"id":19170,"date":"2018-01-27T04:59:09","date_gmt":"2018-01-27T03:59:09","guid":{"rendered":"http:\/\/sven-ove.nu\/?p=19170"},"modified":"2018-01-26T15:08:03","modified_gmt":"2018-01-26T14:08:03","slug":"att-gora-tigrar-av-sniglar","status":"publish","type":"post","link":"https:\/\/sven-ove.nu\/?p=19170","title":{"rendered":"Att g\u00f6ra tigrar av sniglar"},"content":{"rendered":"<p><img loading=\"lazy\" decoding=\"async\" class=\"size-large wp-image-19172 alignnone\" src=\"https:\/\/sven-ove.nu\/wp-content\/uploads\/2018\/01\/Skidor-och-stavar-1024x1024.jpg\" alt=\"\" width=\"660\" height=\"660\" srcset=\"https:\/\/sven-ove.nu\/wp-content\/uploads\/2018\/01\/Skidor-och-stavar-1024x1024.jpg 1024w, https:\/\/sven-ove.nu\/wp-content\/uploads\/2018\/01\/Skidor-och-stavar-150x150.jpg 150w, https:\/\/sven-ove.nu\/wp-content\/uploads\/2018\/01\/Skidor-och-stavar-300x300.jpg 300w, https:\/\/sven-ove.nu\/wp-content\/uploads\/2018\/01\/Skidor-och-stavar-768x768.jpg 768w, https:\/\/sven-ove.nu\/wp-content\/uploads\/2018\/01\/Skidor-och-stavar.jpg 1280w\" sizes=\"auto, (max-width: 660px) 100vw, 660px\" \/><\/p>\n<p>Jag har skrivit om det f\u00f6rut. Den <span style=\"color: #0000ff;\"><a style=\"color: #0000ff;\" href=\"https:\/\/sven-ove.nu\/?p=11092\">27 mars 2015<\/a><\/span> n\u00e4rmare best\u00e4mt. N\u00e4r kulturtanter och farbr\u00f6der, kulturut\u00f6vare och inte minst kulturjournalister f\u00e5r d\u00e5ligt sj\u00e4lvf\u00f6rtroende eller bara tycker tillvaron k\u00e4nns dyster har jag ett gott r\u00e5d till dem alla.<\/p>\n<p>L\u00e4r av sporten.<\/p>\n<p>L\u00e4s g\u00e4rna inl\u00e4gget, klicka p\u00e5 den bl\u00e5 l\u00e4nken ovan. Texten \u00e4r l\u00e5ngt och jag \u00e4r f\u00f6r omv\u00e4xlings skull r\u00e4tt n\u00f6jd med den. Jag fick stryk f\u00f6r den f\u00f6rst\u00e5s, en och annan verbal eller digital \u00f6rfil, men det \u00e4r sm\u00e4llar en f\u00e5r ta n\u00e4r en sticker ut hakan. Livet \u00e4r f\u00f6r kort f\u00f6r att inte sticka ut hakan ibland och jag \u00e4r dessutom s\u00e5 byggd. Hon syns.<\/p>\n<p><strong>De f\u00f6rf\u00e4rliga rikslikarna<br \/>\n<\/strong>Det var n\u00e4r jag skulle tala f\u00f6r kulturjournalister fr\u00e5n hela landet vid en kurs p\u00e5 h\u00f6gskolan i Kalmar som tesen f\u00f6ddes i min unga hj\u00e4rna. Den g\u00e5ngen s\u00e5g landets kultursidor f\u00f6rf\u00e4rliga ut, inte minst hos rikslikarna DN, SvD, Aftonbladet och Expressen. L\u00e5nga drapor, taffligt redigerade och med ett spr\u00e5k som ibland bara v\u00e4nde sig till skribenten sj\u00e4lv. F\u00f6rv\u00e5nansv\u00e4rt ofta utan en enda bild p\u00e5 sidorna, fast det var just den avdelningen som hade att granska den goda bilden. Aldrig en skv\u00e4tt f\u00e4rg p\u00e5 kultursidorna, trots att de borde f\u00e5tt f\u00e4rgbilderna f\u00f6rst, dessa \u00e5r n\u00e4r en f\u00e4rgbild i tidning var exklusiv.<\/p>\n<p>Aldrig en text om kulturens vardag.<\/p>\n<p>Jag kan rabbla upp mer av min argumentering men avst\u00e5r. Du f\u00e5r klicka p\u00e5 l\u00e4nken ovan s\u00e4ger jag ju. L\u00e4s vad jag menar. L\u00e4r av sporten. F\u00f6rst fanns det inte en enda idrottsman i Sverige, sedan uppstod idrotten. D\u00e5 fanns det inte en enda sporttext i svenska tidningar. Sedan kom sportsidorna och de v\u00e4xte och v\u00e4xte.<\/p>\n<p>Jag ber\u00e4ttade varf\u00f6r.<\/p>\n<p><strong>En liten spoling fr\u00e5n V\u00e4rmland<br \/>\n<\/strong>De reagerade i Kalmar ocks\u00e5, \u00e4ven om jag \u00e4ven fick f\u00f6rv\u00e5nansv\u00e4rt mycket geh\u00f6r. Journalister \u00e4r ett vardagskonservativt sl\u00e4kte, det visste jag ju. Det beh\u00f6vde jag bara se mig sj\u00e4lv i spegeln f\u00f6r att inse. Ska det d\u00e5 komma en spoling fr\u00e5n en liten k\u00f6ping i V\u00e4rmland som ingen m\u00e4nniska h\u00f6rt talas om och f\u00f6rs\u00f6ka l\u00e4ra oss v\u00e5rt jobb. Ha!<\/p>\n<p>Efter det kom jag att hamna i n\u00e5gra paneldebatter i \u00e4rendet, fast panelh\u00f6na \u00e4r det jag \u00e4r s\u00e4mst p\u00e5 att leka. Det vore synd att p\u00e5st\u00e5 att jag fick medh\u00e5ll fr\u00e5n podierna. En g\u00e5ng hamnade jag i samma panel som en karl jag beundrar och tycker mycket om. Jag f\u00f6rs\u00f6kte f\u00f6rklara att p\u00e5 tidningar d\u00e4r jag jobbat h\u00f6lls det varje dag ett formatm\u00f6te. En daglig dragkamp mellan allm\u00e4nna och sporten med annonsavdelningen som intresserad \u00e5sk\u00e5dare.<\/p>\n<p>&#8211; Hur m\u00e5nga annonser har ni s\u00e5lt? Hur m\u00e5nga sidor r\u00e4cker det till? Hur m\u00e5nga av de sidorna f\u00e5r vi p\u00e5 sporten?\u201d.<\/p>\n<p>&#8211; Nej, vi beh\u00f6ver mer. HV har hemmamatch. Snart \u00e4r dom i h\u00f6gsta serien, folk sjunger p\u00e5 l\u00e4ktarna.<\/p>\n<p>Halva publiken h\u00f6ll med mig och appl\u00e5derade. N\u00e4r den jag beundrar svarade appl\u00e5derade andra h\u00e4lften \u00e5t honom. Jag avskydde hela tillst\u00e4llningen. Tror ni det \u00e4r en naturlag att sportsidorna ska vara precis s\u00e5 m\u00e5nga som de \u00e4r en vanlig fredag? Eller m\u00e5ndag.<\/p>\n<p>Jag vill inte hamna i ett appl\u00e5dkrig med just den karlen, hans folk \u00e4r mitt. Annars.<\/p>\n<p style=\"padding-left: 30px;\"><img loading=\"lazy\" decoding=\"async\" class=\"size-thumbnail wp-image-19175 alignright\" src=\"https:\/\/sven-ove.nu\/wp-content\/uploads\/2018\/01\/Isglitter-150x150.jpg\" alt=\"\" width=\"150\" height=\"150\" srcset=\"https:\/\/sven-ove.nu\/wp-content\/uploads\/2018\/01\/Isglitter-150x150.jpg 150w, https:\/\/sven-ove.nu\/wp-content\/uploads\/2018\/01\/Isglitter-300x300.jpg 300w, https:\/\/sven-ove.nu\/wp-content\/uploads\/2018\/01\/Isglitter-768x768.jpg 768w, https:\/\/sven-ove.nu\/wp-content\/uploads\/2018\/01\/Isglitter-1024x1024.jpg 1024w, https:\/\/sven-ove.nu\/wp-content\/uploads\/2018\/01\/Isglitter.jpg 1280w\" sizes=\"auto, (max-width: 150px) 100vw, 150px\" \/><\/p>\n<p><strong>Konst\u00e5kare i ljusvitt<br \/>\n<\/strong>N\u00e5, p\u00e5 en punkt brukade jag alltid g\u00f6ra undantag. Spr\u00e5ket. Det var inte sportjournalisternas spr\u00e5k jag syftade p\u00e5. I dag vete katten om jag h\u00e5ller med den debattglade panelh\u00f6neynglingen som var jag p\u00e5 den punkten.<\/p>\n<p>Vad var det f\u00f6r fel p\u00e5 Bengt Grives beskrivning av konst\u00e5karnas kl\u00e4der (ljusvitt!), Plex Petterssons landskapsskildring av startf\u00e4ltet vid Berga by eller G\u00f6ran Zachrissons ber\u00e4ttarteknik n\u00e4r han i korta, l\u00e5ngsamma meningar f\u00f6rklarade en golfmatch s\u00e5 till och med motionsl\u00f6pare som undertecknad s\u00e5g tjusningen?<\/p>\n<p>Vad var det f\u00f6r fel p\u00e5 det spr\u00e5kliga sj\u00e4lvf\u00f6rtroendet hos en yrkesk\u00e5r som uppfann ord som burskydd, \u00f6verstegsfint och Nordahls kanon? N\u00e4r du har br\u00e5ttom och m\u00e5ste f\u00e5 mycket sagt p\u00e5 kort tid \u00e4r ord som sk\u00e5reb\u00f6rdig, uddam\u00e5lsf\u00f6rlust, felpassning, m\u00e5lvaktstabbe, domarbas, videogranskning, fotarbete, pangstart, cykelspark, tv-r\u00e4ddning och mjuka handleder alldeles utm\u00e4rkta verktyg, fast jag inte f\u00f6rstod det f\u00f6rst.<\/p>\n<p><strong>Den senaste m\u00e4staren<br \/>\n<\/strong>Sportens ord fungerar utm\u00e4rkt i deras ber\u00e4ttelser och l\u00e4sarna f\u00f6rst\u00e5r dem. D\u00e5 har jag dessutom inte sagt ett ord om den senaste m\u00e4staren. Den forne akvariefiskf\u00f6retagaren Christian Olsson som klev in p\u00e5 Sveriges Radio och blev levande legend.<\/p>\n<p>Hoppas du h\u00f6rt honom. Hoppas vi f\u00e5r forts\u00e4tta att g\u00f6ra det. Ena stunden ber\u00e4ttar han om en h\u00e4st som har \u201den matsalsgardin till svans\u201d, om hur en ryttare sitter \u201drak och fin som ett grillspett\u201d eller om en idrottsman att \u201ddet glada svek hans guldblonda lockar\u201d. Eller:<\/p>\n<p style=\"padding-left: 30px;\"><em>Bollen susar in som ett sommarsvala i sitt bo, i det ena krysset, fantastiskt vackert, ett s\u00e5nt\u00a0midsommarnattsdr\u00f6msm\u00e5l!<\/em><\/p>\n<p style=\"padding-left: 30px;\"><em>Det spanska spelet \u00e4r just nu som en h\u00e4st utan havre, som en kille utan kompis. Allts\u00e5 det finns inget liv i det, inget engagemang.<\/em><\/p>\n<p style=\"padding-left: 30px;\"><em>Zlatan \u00e4r en svala. Han flyger upp till m\u00e5nen och Saturnus och bygger nya bon.<\/em><\/p>\n<p style=\"padding-left: 30px;\"><em>Nu rymde hon ju inte ur piaffen, och slank inte iv\u00e4g som en oljad g\u00e5s: Zapp \u2013 iv\u00e4g!<\/em><\/p>\n<p style=\"padding-left: 30px;\"><em>H\u00e4sten ser i f\u00e4rdriktningen ut litegrann som en g\u00e5ende banan.<\/em><\/p>\n<p style=\"padding-left: 30px;\"><em>N\u00e4r h\u00e4sten kom in s\u00e5g han ut som en kvinna som f\u00f6der barn ungef\u00e4r.<\/em><\/p>\n<p style=\"padding-left: 30px;\"><em>Framf\u00f6r den spanska avbytarb\u00e4nken, d\u00e4r f\u00f6rbundskapten Del Bosche st\u00e5r med sina h\u00e4ngande kindp\u00e5sar&#8230; och hans motsvarighet i det chilenska laget g\u00e5r hela tiden framf\u00f6r b\u00e4nken och tittar ner i marken precis som han funderar p\u00e5 var han la bilnycklarna eller om han gl\u00f6mde st\u00e4nga av spisen eller hur det nu var egentligen.<\/em><\/p>\n<p style=\"padding-left: 30px;\"><em>Och s\u00e5 st\u00e5r chilenarna d\u00e4r igen och bara v\u00e4ntar p\u00e5 att n\u00e5nting ska h\u00e4nda, precis som alla\u00a0m\u00e4nniskor som st\u00e5r i dagisk\u00f6 i en stor svensk kommun: det h\u00e4nder ju ingenting!<\/em><\/p>\n<p><strong>Juveler av grus<br \/>\n<\/strong>N\u00e4r det precis blivit klart att Sverige spelar fotbolls-VM i Ryssland i sommar uttryckte Christian Olsson det s\u00e5 h\u00e4r i sportradion:<\/p>\n<p style=\"padding-left: 30px;\"><em>Sverige ska spela VM i Ryssland.<br \/>\n<\/em><em>Hej Moskva, hej ryska bj\u00f6rnar och transsibiriska j\u00e4rnv\u00e4gen!<br \/>\n<\/em><em>Hej tung industri och vackra floder!<br \/>\n<\/em><em>Hej hopp i full galopp mot det stora och m\u00e4ktiga m\u00e4sterskapet!<br \/>\n<\/em><em>Vi \u00e5ker med Jannes g\u00e4ng. Dom som g\u00f6r tigrar av sniglar, juveler av grus.<br \/>\n<\/em><em>Verklighet av dr\u00f6mmar.<br \/>\n<\/em><em>Hej hej hej hej hej VM!<\/em><\/p>\n<p>Att g\u00f6ra tigrar av sniglar. Det ni, kulturfarbrorsor.<\/p>\n<p><span style=\"color: #ff6600;\"><strong>###<\/strong><\/span> H\u00e4r \u00e4r l\u00e4nken till mitt ursprungsinl\u00e4gg igen: <span style=\"color: #0000ff;\"><a style=\"color: #0000ff;\" href=\"https:\/\/sven-ove.nu\/?p=11092\">L\u00e4r av sporten!<\/a><\/span> Tag och l\u00e4s.<br \/>\n<span style=\"color: #ff6600;\"><strong>###<\/strong><\/span> Be inte om urs\u00e4kt f\u00f6r kulturen.<br \/>\n<span style=\"color: #ff6600;\"><strong>###<\/strong><\/span> I dessa tider beh\u00f6vs den mer \u00e4n p\u00e5 l\u00e4nge.<\/p>\n<p><span style=\"color: #0000ff;\"><a style=\"color: #0000ff;\" href=\"https:\/\/sven-ove.nu\/\">Hem<\/a><\/span>\u00a0|\u00a0<span style=\"color: #0000ff;\"><a style=\"color: #0000ff;\" href=\"https:\/\/sven-ove.nu\/?page_id=170\">Om mig<\/a><\/span>\u00a0|\u00a0<span style=\"color: #0000ff;\"><a style=\"color: #0000ff;\" href=\"https:\/\/sven-ove.nu\/?page_id=1385\">Skriva &amp; prata<\/a><\/span>\u00a0|\u00a0<span style=\"color: #0000ff;\"><a style=\"color: #0000ff;\" href=\"https:\/\/sven-ove.nu\/?page_id=100\">Politik<\/a><\/span>\u00a0|\u00a0<span style=\"color: #0000ff;\"><a style=\"color: #0000ff;\" href=\"https:\/\/sven-ove.nu\/?page_id=102\">L\u00f6pa<\/a><\/span>\u00a0|\u00a0<span style=\"color: #0000ff;\"><a style=\"color: #0000ff;\" href=\"https:\/\/sven-ove.nu\/?page_id=108\">Viktor Root<\/a><\/span><br \/>\n<em>(c) Sven-Ove Svensson (men dela g\u00e4rna)<\/em><\/p>\n","protected":false},"excerpt":{"rendered":"<p>Jag har skrivit om det f\u00f6rut. Den 27 mars 2015 n\u00e4rmare best\u00e4mt. N\u00e4r kulturtanter och farbr\u00f6der, kulturut\u00f6vare och inte minst kulturjournalister f\u00e5r d\u00e5ligt sj\u00e4lvf\u00f6rtroende eller bara tycker tillvaron k\u00e4nns dyster har jag ett gott r\u00e5d till dem alla. L\u00e4r av sporten. L\u00e4s g\u00e4rna inl\u00e4gget, klicka p\u00e5 den bl\u00e5 l\u00e4nken ovan. Texten \u00e4r l\u00e5ngt och jag &hellip; <a href=\"https:\/\/sven-ove.nu\/?p=19170\" class=\"more-link\">Forts\u00e4tt l\u00e4sa <span class=\"screen-reader-text\">Att g\u00f6ra tigrar av sniglar<\/span><\/a><\/p>\n","protected":false},"author":1,"featured_media":0,"comment_status":"open","ping_status":"open","sticky":false,"template":"","format":"standard","meta":{"_crdt_document":"","_monsterinsights_skip_tracking":false,"_monsterinsights_sitenote_active":false,"_monsterinsights_sitenote_note":"","_monsterinsights_sitenote_category":0,"footnotes":""},"categories":[28,4],"tags":[18,15,20],"class_list":["post-19170","post","type-post","status-publish","format-standard","hentry","category-kreativt-folk","category-skrivande","tag-lardomar","tag-mediedjungeln","tag-rad"],"_links":{"self":[{"href":"https:\/\/sven-ove.nu\/index.php?rest_route=\/wp\/v2\/posts\/19170","targetHints":{"allow":["GET"]}}],"collection":[{"href":"https:\/\/sven-ove.nu\/index.php?rest_route=\/wp\/v2\/posts"}],"about":[{"href":"https:\/\/sven-ove.nu\/index.php?rest_route=\/wp\/v2\/types\/post"}],"author":[{"embeddable":true,"href":"https:\/\/sven-ove.nu\/index.php?rest_route=\/wp\/v2\/users\/1"}],"replies":[{"embeddable":true,"href":"https:\/\/sven-ove.nu\/index.php?rest_route=%2Fwp%2Fv2%2Fcomments&post=19170"}],"version-history":[{"count":6,"href":"https:\/\/sven-ove.nu\/index.php?rest_route=\/wp\/v2\/posts\/19170\/revisions"}],"predecessor-version":[{"id":19178,"href":"https:\/\/sven-ove.nu\/index.php?rest_route=\/wp\/v2\/posts\/19170\/revisions\/19178"}],"wp:attachment":[{"href":"https:\/\/sven-ove.nu\/index.php?rest_route=%2Fwp%2Fv2%2Fmedia&parent=19170"}],"wp:term":[{"taxonomy":"category","embeddable":true,"href":"https:\/\/sven-ove.nu\/index.php?rest_route=%2Fwp%2Fv2%2Fcategories&post=19170"},{"taxonomy":"post_tag","embeddable":true,"href":"https:\/\/sven-ove.nu\/index.php?rest_route=%2Fwp%2Fv2%2Ftags&post=19170"}],"curies":[{"name":"wp","href":"https:\/\/api.w.org\/{rel}","templated":true}]}}